{"id":100260,"date":"2014-09-23T18:04:40","date_gmt":"2014-09-23T21:04:40","guid":{"rendered":"https:\/\/jundiai.sp.gov.br\/noticias\/?p=100260"},"modified":"2016-11-04T11:05:57","modified_gmt":"2016-11-04T13:05:57","slug":"bilhete-unico-lancamento-oficial-e-nesta-quarta-24","status":"publish","type":"post","link":"https:\/\/jundiai.sp.gov.br\/noticias\/2014\/09\/23\/bilhete-unico-lancamento-oficial-e-nesta-quarta-24\/","title":{"rendered":"Bilhete \u00danico: Lan\u00e7amento oficial \u00e9 nesta quarta (24)"},"content":{"rendered":"<p><strong>Na manh\u00e3 desta quarta-feira (24), o prefeito Pedro Bigardi realizar\u00e1 o lan\u00e7amento oficial do <a href=\"http:\/\/bilheteunico.jundiai.sp.gov.br\/\" target=\"_blank\">Bilhete \u00danico<\/a>, sistema que unifica o acesso dos \u00f4nibus em Jundia\u00ed. A iniciativa faz parte do <a href=\"https:\/\/jundiai.sp.gov.br\/noticias\/wp-content\/uploads\/sites\/32\/2014\/04\/Relat%C3%B3rio-de-Execu%C3%A7%C3%A3o-2013_Prog-Metas.pdf\" target=\"_blank\">Programa de Metas<\/a> do atual governo. O encontro com a imprensa ser\u00e1 \u00e0s 9h30, no Pa\u00e7o Municipal. De l\u00e1, todos seguem de \u00f4nibus para a apresenta\u00e7\u00e3o do novo sistema.<\/strong><\/p>\n<p>\u201cO Bilhete \u00danico \u00e9 uma conquista hist\u00f3rica para o munic\u00edpio. Vai proporcionar melhor condi\u00e7\u00e3o no transporte para a popula\u00e7\u00e3o e, realmente, \u00e9 um sistema integrado que faz parte de uma s\u00e9rie de melhorias que buscamos para a mobilidade de Jundia\u00ed\u201d, afirma o prefeito.<\/p>\n<p><strong>MAIS PREFEITURA EM A\u00c7\u00c3O<br \/>\n<a href=\"https:\/\/jundiai.sp.gov.br\/noticias\/2014\/09\/nova-creche-no-pacaembu-vai-atender-120-criancas\/\" target=\"_blank\">Nova creche no Pacaembu vai atender 120 crian\u00e7as<\/strong><\/a><br \/>\n<a href=\"https:\/\/jundiai.sp.gov.br\/noticias\/2014\/09\/no-novo-horizonte-um-novo-passo-na-habitacao\/\" target=\"_blank\"><strong>No Novo Horizonte, um novo passo na habita\u00e7\u00e3o<\/strong><\/a><br \/>\n<a href=\"https:\/\/jundiai.sp.gov.br\/noticias\/2014\/09\/ruas-abandonam-passado-de-poeira-e-lama-o-asfalto-chegou\/\" target=\"_blank\"><strong>Ruas abandonam passado de poeira e lama: o asfalto chegou<\/strong><\/a><\/p>\n<div style=\"width: 610px\" class=\"wp-caption aligncenter\"><a href=\"https:\/\/jundiai.sp.gov.br\/noticias\/wp-content\/uploads\/sites\/32\/2014\/09\/Bilhete_Unico_A_165_g.jpg\"><img loading=\"lazy\" decoding=\"async\" src=\"https:\/\/jundiai.sp.gov.br\/noticias\/wp-content\/uploads\/sites\/32\/2014\/09\/Bilhete_Unico_A_165_g.jpg\" width=\"600\" height=\"450\" class \/><\/a><p class=\"wp-caption-text\">Prefeito lan\u00e7a Bilhete \u00danico na quarta-feira (24)<\/p><\/div>\n<p><strong>A novidade do sistema \u00e9 que com uma \u00fanica tarifa o usu\u00e1rio pode acessar qualquer linha, dentro de um per\u00edodo determinado, sem a necessidade de ter de se deslocar at\u00e9 os terminais para fazer essa mudan\u00e7a.<\/strong><\/p>\n<p>De acordo com o secret\u00e1rio de Transportes, Wilson Folgozi, quem faz uso do transporte coletivo na cidade ter\u00e1 1h30 para se deslocar utilizando uma s\u00f3 tarifa. \u201cO Bilhete \u00danico possibilita que os cidad\u00e3os fa\u00e7am o pr\u00f3prio itiner\u00e1rio, sem ir at\u00e9 os terminais para fazer uma integra\u00e7\u00e3o. Al\u00e9m disso, o transporte ter\u00e1 mais agilidade na compra dos cr\u00e9ditos em um cart\u00e3o e no pagamento da tarifa.\u201d<\/p>\n<p><strong>Cadastre-se<\/strong><br \/>\nO cadastramento \u00e9 feito pelo site. Ao acessar, a pessoa precisa preencher dados como nome completo, data de nascimento, nomes do pai e da m\u00e3e, CPF, RG, endere\u00e7o residencial com CEP e e-mail. O sistema solicitar\u00e1 a cria\u00e7\u00e3o de uma senha, que ser\u00e1 utilizada todas as vezes em que a pessoa acessar seu cadastro para controlar seus cr\u00e9ditos no cart\u00e3o, al\u00e9m de outros servi\u00e7os.<\/p>\n<p>Vale lembrar que, ao preencher o cadastro eletr\u00f4nico, o usu\u00e1rio poder\u00e1 escolher uma data dispon\u00edvel e um terminal onde deseja retirar o cart\u00e3o. <\/p>\n<div style=\"width: 610px\" class=\"wp-caption aligncenter\"><a href=\"https:\/\/jundiai.sp.gov.br\/noticias\/wp-content\/uploads\/sites\/32\/2014\/09\/Bilhete_Unico_A_248G-1.jpg\"><img loading=\"lazy\" decoding=\"async\" src=\"https:\/\/jundiai.sp.gov.br\/noticias\/wp-content\/uploads\/sites\/32\/2014\/09\/Bilhete_Unico_A_248G-1.jpg\" width=\"600\" height=\"450\" class \/><\/a><p class=\"wp-caption-text\">Novo sistema unifica o acesso dos \u00f4nibus em Jundia\u00ed<\/p><\/div>\n<p>\u201cQuem j\u00e1 tem o cart\u00e3o do sistema SIM n\u00e3o precisa se preocupar, pois ele vai funcionar com as vantagens do bilhete \u00fanico a partir do momento que for implementado. O que muda nesse processo \u00e9 apenas a informa\u00e7\u00e3o que est\u00e1 no validador dentro dos \u00f4nibus\u201d, explica Folgozi.<\/p>\n<p><strong>Atualmente 50 mil pessoas utilizam \u00f4nibus para se locomover. Cerca de 1,5 mil novos usu\u00e1rios j\u00e1 se cadastraram, al\u00e9m de 200 pessoas com defici\u00eancia.<\/strong><\/p>\n<p><em><strong>Luiza Ronchi<br \/>\nFotos: Arquivo <\/strong><\/em><\/p>\n","protected":false},"excerpt":{"rendered":"<p>Sistema permite que usu\u00e1rio use uma \u00fanica passagem para acessar qualquer linha, sem ir at\u00e9 os terminais<\/p>\n","protected":false},"author":10,"featured_media":100261,"comment_status":"closed","ping_status":"closed","sticky":false,"template":"","format":"standard","meta":{"footnotes":""},"categories":[2],"tags":[615,338],"ods":[],"class_list":["post-100260","post","type-post","status-publish","format-standard","has-post-thumbnail","hentry","category-noticias","tag-prefeitura-em-acao","tag-transportes"],"_links":{"self":[{"href":"https:\/\/jundiai.sp.gov.br\/noticias\/wp-json\/wp\/v2\/posts\/100260","targetHints":{"allow":["GET"]}}],"collection":[{"href":"https:\/\/jundiai.sp.gov.br\/noticias\/wp-json\/wp\/v2\/posts"}],"about":[{"href":"https:\/\/jundiai.sp.gov.br\/noticias\/wp-json\/wp\/v2\/types\/post"}],"author":[{"embeddable":true,"href":"https:\/\/jundiai.sp.gov.br\/noticias\/wp-json\/wp\/v2\/users\/10"}],"replies":[{"embeddable":true,"href":"https:\/\/jundiai.sp.gov.br\/noticias\/wp-json\/wp\/v2\/comments?post=100260"}],"version-history":[{"count":1,"href":"https:\/\/jundiai.sp.gov.br\/noticias\/wp-json\/wp\/v2\/posts\/100260\/revisions"}],"predecessor-version":[{"id":128807,"href":"https:\/\/jundiai.sp.gov.br\/noticias\/wp-json\/wp\/v2\/posts\/100260\/revisions\/128807"}],"wp:featuredmedia":[{"embeddable":true,"href":"https:\/\/jundiai.sp.gov.br\/noticias\/wp-json\/"}],"wp:attachment":[{"href":"https:\/\/jundiai.sp.gov.br\/noticias\/wp-json\/wp\/v2\/media?parent=100260"}],"wp:term":[{"taxonomy":"category","embeddable":true,"href":"https:\/\/jundiai.sp.gov.br\/noticias\/wp-json\/wp\/v2\/categories?post=100260"},{"taxonomy":"post_tag","embeddable":true,"href":"https:\/\/jundiai.sp.gov.br\/noticias\/wp-json\/wp\/v2\/tags?post=100260"},{"taxonomy":"ods","embeddable":true,"href":"https:\/\/jundiai.sp.gov.br\/noticias\/wp-json\/wp\/v2\/ods?post=100260"}],"curies":[{"name":"wp","href":"https:\/\/api.w.org\/{rel}","templated":true}]}}