{"id":100357,"date":"2014-09-24T16:26:52","date_gmt":"2014-09-24T19:26:52","guid":{"rendered":"https:\/\/jundiai.sp.gov.br\/noticias\/?p=100357"},"modified":"2016-11-04T11:05:58","modified_gmt":"2016-11-04T13:05:58","slug":"prefeitura-reforca-acoes-em-defesa-do-traviu","status":"publish","type":"post","link":"https:\/\/jundiai.sp.gov.br\/noticias\/2014\/09\/24\/prefeitura-reforca-acoes-em-defesa-do-traviu\/","title":{"rendered":"Prefeitura refor\u00e7a a\u00e7\u00f5es com moradores em defesa do Travi\u00fa"},"content":{"rendered":"<p><strong>Em reuni\u00e3o com moradores do bairro rural do Travi\u00fa, os secret\u00e1rios Marcos Brunholi (Agricultura, Abastecimento e Turismo) e Daniela da C\u00e2mara Sutti (Planejamento e Meio Ambiente) refor\u00e7aram a orienta\u00e7\u00e3o do prefeito Pedro Bigardi para a\u00e7\u00f5es em defesa do aspecto hist\u00f3rico e social do bairro diante de impactos de qualquer obra. A regi\u00e3o, formada por propriedades agr\u00edcolas, \u00e9 sondada por t\u00e9cnicos de um projeto de linha de transmiss\u00e3o ainda n\u00e3o aprovado pela Prefeitura e pelo Governo Federal.<\/p>\n<p>\u201cO prefeito Pedro Bigardi est\u00e1 acompanhando o caso e concorda que o Travi\u00fa \u00e9 uma das joias do nosso cintur\u00e3o verde que buscamos fortalecer\u201d<\/strong>, afirmou Marcos Brunholi, lembrando que o trabalho com o bairro reflete tamb\u00e9m a preocupa\u00e7\u00e3o com as demais \u00e1reas abrangidas no tra\u00e7ado dentro da bacia do rio Capivari, como Corrupira, Rio Acima e Mato Dentro.<\/p>\n<p><strong>LEIA TAMB\u00c9M<br \/>\n<a href=\"https:\/\/jundiai.sp.gov.br\/noticias\/2014\/09\/agricultura-implementa-apoio-a-produtores-rurais-de-jundiai\/\" target=\"_blank\">Agricultura implementa apoio a produtores rurais de Jundia\u00ed<\/a><br \/>\n<a href=\"https:\/\/jundiai.sp.gov.br\/noticias\/2014\/09\/arborizacao-urbana-e-tema-de-encontro-em-jundiai-no-dia-25\/\" target=\"_blank\">Arboriza\u00e7\u00e3o Urbana \u00e9 tema de encontro em Jundia\u00ed no dia 25<\/a><\/strong><\/p>\n<div id=\"attachment_100359\" style=\"width: 1034px\" class=\"wp-caption aligncenter\"><a href=\"https:\/\/jundiai.sp.gov.br\/noticias\/wp-content\/uploads\/sites\/32\/2014\/09\/torres_eletricas_traviu_D54_g.jpg\"><img loading=\"lazy\" decoding=\"async\" aria-describedby=\"caption-attachment-100359\" src=\"https:\/\/jundiai.sp.gov.br\/noticias\/wp-content\/uploads\/sites\/32\/2014\/09\/torres_eletricas_traviu_D54_g-1024x725.jpg\" alt=\"Os secret\u00e1rios Marcos Brunholi e Daniela da Camara Sutti estiveram com moradores: \u00e1rea rural \u00e9 um dos motivos da mobliliza\u00e7\u00e3o\" width=\"1024\" height=\"725\" class=\"size-large wp-image-100359\" \/><\/a><p id=\"caption-attachment-100359\" class=\"wp-caption-text\">Os secret\u00e1rios Marcos Brunholi e Daniela da Camara Sutti estiveram com moradores: \u00e1rea rural \u00e9 um dos motivos da mobliliza\u00e7\u00e3o<\/p><\/div>\n<p>\u201cPosso dizer n\u00e3o apenas como secret\u00e1rio, mas tamb\u00e9m como agricultor, que entendo o alerta dado por moradores. N\u00e3o h\u00e1 mais como substituir uma \u00e1rea rural que seja prejudicada em Jundia\u00ed e muitas propriedades s\u00e3o mantidas por gera\u00e7\u00f5es de fam\u00edlias h\u00e1 mais de 100 anos\u201d, destacou Marcos Brunholi.<\/p>\n<p>A reuni\u00e3o, promovida na sede da <strong><a href=\"http:\/\/www.traviu.com.br\/\" target=\"_blank\">Associa\u00e7\u00e3o dos Amigos do Travi\u00fa (AVA)<\/a>, na noite de ter\u00e7a-feira (23), contou com mais de 40 representantes<\/strong>. Depois de depoimentos sobre a falta de indeniza\u00e7\u00e3o de outra linha de alta tens\u00e3o na d\u00e9cada de 1980, <strong>os moradores narraram a inviabiliza\u00e7\u00e3o das propriedades com a faixa de restri\u00e7\u00f5es de 70 metros de largura exigida pelo projeto (que impede o uso das estruturas de arame das planta\u00e7\u00f5es de uva)<\/strong>. Foi tamb\u00e9m iniciado o processo de <strong>escolha de representantes para uma comiss\u00e3o conjunta com a Prefeitura sobre o tema<\/strong>.<\/p>\n<p>\u201cFomos t\u00e3o surpreendidos com essa invas\u00e3o da privacidade dos agricultores como eles pr\u00f3prios. <strong>A Prefeitura de Jundia\u00ed n\u00e3o aprovou nenhuma diretriz nesse sentido e queremos fazer esse trabalho conjunto porque h\u00e1 tamb\u00e9m o interesse p\u00fablico nesse bairro pelo que representa para a cidade<\/strong>\u201d, afirmou a secret\u00e1ria Daniela.<\/p>\n<div id=\"attachment_100360\" style=\"width: 610px\" class=\"wp-caption aligncenter\"><a href=\"https:\/\/jundiai.sp.gov.br\/noticias\/wp-content\/uploads\/sites\/32\/2014\/09\/visita_tecnica_agricultores_p_72G.jpg\"><img loading=\"lazy\" decoding=\"async\" aria-describedby=\"caption-attachment-100360\" src=\"https:\/\/jundiai.sp.gov.br\/noticias\/wp-content\/uploads\/sites\/32\/2014\/09\/visita_tecnica_agricultores_p_72G-1024x674.jpg\" alt=\"Preocupa\u00e7\u00e3o com o cintur\u00e3o verde de Jundia\u00ed\" width=\"600\" height=\"450\" class=\"size-large wp-image-100360\" \/><\/a><p id=\"caption-attachment-100360\" class=\"wp-caption-text\">Preocupa\u00e7\u00e3o com o cintur\u00e3o verde de Jundia\u00ed<\/p><\/div>\n<p><strong>Desafio federal<\/strong><br \/>\nO diretor de meio ambiente e fundi\u00e1rio do cons\u00f3rcio formado pelas estatais Copel e Furnas (MSG &#8211; Mata Santa Genebra Transmiss\u00e3o), Jos\u00e9 Gilvomar Rocha Matos, compareceu \u00e0 reuni\u00e3o e admitiu que <strong>a alegada invas\u00e3o de propriedades foi uma falha operacional<\/strong>. O tra\u00e7ado final da<strong> linha de transmiss\u00e3o<\/strong>, que tem <strong>882 quil\u00f4metros entre Paran\u00e1 e S\u00e3o Paulo, ainda n\u00e3o foi aprovado pelo <a href=\"http:\/\/www.ibama.gov.br\/\" target=\"_blank\">Instituto Brasileiro de Meio Ambiente (Ibama)<\/a><\/strong> mas, nas tr\u00eas alternativas propostas pelo cons\u00f3rcio, o Travi\u00fa est\u00e1 presente.<\/p>\n<p>\u201cCom as novas usinas hidrel\u00e9tricas de Belo Monte, Teles Pires e Madeira (na Amaz\u00f4nia) a rede de transmiss\u00e3o precisa ser ampliada\u201d, alegou lembrando que a licen\u00e7a pr\u00e9via \u00e9 prevista para fevereiro depois da conclus\u00e3o do Estudo de Impacto Ambiental (EIA-Rima) e de audi\u00eancias p\u00fablicas sobre o mesmo.<\/p>\n<p><strong>A\u00e7\u00e3o municipal<\/strong><br \/>\nPara o secret\u00e1rio Marcos Brunholi, <strong>a mobiliza\u00e7\u00e3o deve envolver a busca por outro tra\u00e7ado estudado pelo cons\u00f3rcio (como informado no encontro) e tamb\u00e9m as quest\u00f5es relativas aos aspectos sociais, ambientais, culturais e econ\u00f4micas da comunidade do bairro<\/strong>. \u201cTemos programas nos campos da agricultura e do turismo envolvidos\u201d, disse. Nesse sentido, a <strong>coopera\u00e7\u00e3o com outros setores<\/strong>, como a Secretaria de Planejamento e Meio Ambiente, \u00e9 essencial.<\/p>\n<p>\u201cVamos buscar tamb\u00e9m outras institui\u00e7\u00f5es\u201d, acrescenta a secret\u00e1ria Daniela da Camara Sutti. O trabalho de apoio aos moradores deve abranger a <strong>constru\u00e7\u00e3o de a\u00e7\u00f5es espec\u00edficas para os cen\u00e1rios de mudan\u00e7a total ou parcial do tra\u00e7ado, assim como o apoio em aspectos como os valores intang\u00edveis <\/strong>(atividade familiar de gera\u00e7\u00f5es, caracter\u00edsticas comunit\u00e1rias) <strong>e econ\u00f4micos<\/strong> (propostas de ressarcimento para interrup\u00e7\u00e3o de cultivo de d\u00e9cadas ou desvaloriza\u00e7\u00e3o de terra).<\/p>\n<p><strong><em>Jos\u00e9 Arnaldo de Oliveira<br \/>\nFotos: Dorival Pinheiro Filho<\/em><\/strong><\/p>\n","protected":false},"excerpt":{"rendered":"<p>LEIA TAMB\u00c9M: Agricultura implementa apoio a produtores rurais de Jundia\u00ed com visitas t\u00e9cnicas \u00e0s propriedades rurais<\/p>\n","protected":false},"author":14,"featured_media":100361,"comment_status":"closed","ping_status":"closed","sticky":false,"template":"","format":"standard","meta":{"footnotes":""},"categories":[2],"tags":[41,32],"ods":[],"class_list":["post-100357","post","type-post","status-publish","format-standard","has-post-thumbnail","hentry","category-noticias","tag-agricultura-abastecimento-e-turismo","tag-planejamento-e-meio-ambiente"],"_links":{"self":[{"href":"https:\/\/jundiai.sp.gov.br\/noticias\/wp-json\/wp\/v2\/posts\/100357","targetHints":{"allow":["GET"]}}],"collection":[{"href":"https:\/\/jundiai.sp.gov.br\/noticias\/wp-json\/wp\/v2\/posts"}],"about":[{"href":"https:\/\/jundiai.sp.gov.br\/noticias\/wp-json\/wp\/v2\/types\/post"}],"author":[{"embeddable":true,"href":"https:\/\/jundiai.sp.gov.br\/noticias\/wp-json\/wp\/v2\/users\/14"}],"replies":[{"embeddable":true,"href":"https:\/\/jundiai.sp.gov.br\/noticias\/wp-json\/wp\/v2\/comments?post=100357"}],"version-history":[{"count":1,"href":"https:\/\/jundiai.sp.gov.br\/noticias\/wp-json\/wp\/v2\/posts\/100357\/revisions"}],"predecessor-version":[{"id":128519,"href":"https:\/\/jundiai.sp.gov.br\/noticias\/wp-json\/wp\/v2\/posts\/100357\/revisions\/128519"}],"wp:featuredmedia":[{"embeddable":true,"href":"https:\/\/jundiai.sp.gov.br\/noticias\/wp-json\/"}],"wp:attachment":[{"href":"https:\/\/jundiai.sp.gov.br\/noticias\/wp-json\/wp\/v2\/media?parent=100357"}],"wp:term":[{"taxonomy":"category","embeddable":true,"href":"https:\/\/jundiai.sp.gov.br\/noticias\/wp-json\/wp\/v2\/categories?post=100357"},{"taxonomy":"post_tag","embeddable":true,"href":"https:\/\/jundiai.sp.gov.br\/noticias\/wp-json\/wp\/v2\/tags?post=100357"},{"taxonomy":"ods","embeddable":true,"href":"https:\/\/jundiai.sp.gov.br\/noticias\/wp-json\/wp\/v2\/ods?post=100357"}],"curies":[{"name":"wp","href":"https:\/\/api.w.org\/{rel}","templated":true}]}}