{"id":100407,"date":"2014-09-10T17:25:53","date_gmt":"2014-09-10T20:25:53","guid":{"rendered":"https:\/\/jundiai.sp.gov.br\/noticias\/?p=97626"},"modified":"2016-11-04T11:05:21","modified_gmt":"2016-11-04T13:05:21","slug":"danca-circular-e-nova-atracao-do-jardim-botanico","status":"publish","type":"post","link":"https:\/\/jundiai.sp.gov.br\/noticias\/2014\/09\/10\/danca-circular-e-nova-atracao-do-jardim-botanico\/","title":{"rendered":"Oficinas de Dan\u00e7a Circular s\u00e3o a nova atra\u00e7\u00e3o do Jardim Bot\u00e2nico"},"content":{"rendered":"<p><strong>Al\u00e9m da beleza das plantas, \u00e1rvores e \u00e1guas, o <a href=\"http:\/\/jardimbotanico.jundiai.sp.gov.br\/\" target=\"_blank\">Jardim Bot\u00e2nico de Jundia\u00ed<\/a> vai ganhar neste quadrimestre uma nova atra\u00e7\u00e3o aos segundos domingos de cada m\u00eas, come\u00e7ando no pr\u00f3ximo dia 14 (domingo), das 9h30 \u00e0s 11h. Trata-se das oficinas de dan\u00e7a circular, uma atividade organizada em parceria da Secretaria Municipal de Planejamento e Meio Ambiente com a Secretaria de Servi\u00e7os P\u00fablicos e aberta a todos os interessados. <\/strong><\/p>\n<p>\u201cN\u00f3s tivemos essa atividade durante a Semana do Meio Ambiente, em junho, e a receptividade foi muito boa\u201d, explica a t\u00e9cnica ambiental Luciana Maretti. As aulas ser\u00e3o orientadas por Roseli Ungarette, Viviane Mola e Ozeneide Machado, professoras volunt\u00e1rias formadas pelo Instituto Triom, de S\u00e3o Paulo.<\/p>\n<p><strong>LEIA TAMB\u00c9M<br \/>\n<a href=\"https:\/\/jundiai.sp.gov.br\/noticias\/2014\/09\/prefeitura-lanca-o-circuito-das-arvores\/\" target=\"_blank\">Prefeitura lan\u00e7a o Circuito das \u00c1rvores<\/a><br \/>\n<a href=\"https:\/\/jundiai.sp.gov.br\/noticias\/2014\/09\/jundiai-discute-plano-municipal-da-mata-atlantica\/\" target=\"_blank\">Jundia\u00ed discute plano municipal da Mata Atl\u00e2ntica<\/a><\/strong><\/p>\n<div id=\"attachment_97627\" style=\"width: 1034px\" class=\"wp-caption aligncenter\"><a href=\"https:\/\/jundiai.sp.gov.br\/noticias\/wp-content\/uploads\/sites\/32\/2014\/09\/danca-circular-jardim-botG.jpg\"><img loading=\"lazy\" decoding=\"async\" aria-describedby=\"caption-attachment-97627\" src=\"https:\/\/jundiai.sp.gov.br\/noticias\/wp-content\/uploads\/sites\/32\/2014\/09\/danca-circular-jardim-botG-1024x608.jpg\" alt=\"Atividade foi testada em junho e agora ser\u00e1 mensal\" width=\"1024\" height=\"608\" class=\"size-large wp-image-97627\" \/><\/a><p id=\"caption-attachment-97627\" class=\"wp-caption-text\">Atividade foi testada em junho e agora ser\u00e1 mensal<\/p><\/div>\n<p>A pr\u00e1tica havia sido trazida anteriormente a Jundia\u00ed pela enfermeira Vivian Betelli, da unidade de sa\u00fade (UBS) Jardim Esplanada, que promove encontros semanais com idosos e tem estimulado esse conhecimento na rede de sa\u00fade como atividade preventiva. Sua forma\u00e7\u00e3o \u00e9 origin\u00e1ria do grupo SemeiaDan\u00e7a, tamb\u00e9m na capital.<\/p>\n<p><div id=\"attachment_98731\" style=\"width: 340px\" class=\"wp-caption alignleft\"><a href=\"https:\/\/jundiai.sp.gov.br\/noticias\/wp-content\/uploads\/sites\/32\/2014\/09\/danca_circular_ubs_esplanG.jpg\"><img loading=\"lazy\" decoding=\"async\" aria-describedby=\"caption-attachment-98731\" src=\"https:\/\/jundiai.sp.gov.br\/noticias\/wp-content\/uploads\/sites\/32\/2014\/09\/danca_circular_ubs_esplanG-1024x616.jpg\" alt=\"Na rede de sa\u00fade, benef\u00edcios aprovados\" width=\"330\" height=\"300\" class=\"size-large wp-image-98731\" \/><\/a><p id=\"caption-attachment-98731\" class=\"wp-caption-text\">Na rede de sa\u00fade, benef\u00edcios aprovados<\/p><\/div><strong>Origem<\/strong><br \/>\nNo Jardim Bot\u00e2nico, entretanto, as dan\u00e7as circulares visam a um p\u00fablico ainda mais amplo. A origem do tema, aponta o trio de professoras, est\u00e1 no trabalho de um core\u00f3grafo alem\u00e3o que pesquisou dan\u00e7as folcl\u00f3ricas por todo o mundo e viu a dan\u00e7a em roda como uma conex\u00e3o entre as pessoas em diversas partes dos locais pesquisados. Esse trabalho criou ra\u00edzes na Esc\u00f3cia e depois no Brasil, onde sua mestra Renata Ramos \u00e9 uma das multiplicadoras.<\/p>\n<p><strong>Se voc\u00ea pensou em ciranda, por exemplo, tem uma no\u00e7\u00e3o do que vem em can\u00e7\u00f5es de diversos idiomas sob orienta\u00e7\u00e3o no evento. <\/strong>Entre os objetivos est\u00e3o o resgate de dan\u00e7as tradicionais, a promo\u00e7\u00e3o da cultura da paz, o est\u00edmulo ao autoconhecimento e \u00e0 toler\u00e2ncia e a promo\u00e7\u00e3o do equil\u00edbrio entre mente e corpo.<\/p>\n<p><strong>Al\u00e9m do domingo (14), as outras datas do semestre est\u00e3o agendadas para o dia 12 de outubro, 9 de novembro e 14 de dezembro. O local \u00e9 o chamado \u201cTeatro de Arena\u201d do Jardim Bot\u00e2nico.<\/strong><\/p>\n<p><strong><em>Jos\u00e9 Arnaldo de Oliveira<br \/>\nFotos: Paulo Gr\u00e9gio<\/em><\/strong><\/p>\n","protected":false},"excerpt":{"rendered":"<p>Oficinas ser\u00e3o realizadas nos segundos domingos de cada m\u00eas, come\u00e7ando no pr\u00f3ximo dia 14, das 9h30 \u00e0s 11h<\/p>\n","protected":false},"author":14,"featured_media":97628,"comment_status":"closed","ping_status":"closed","sticky":false,"template":"","format":"standard","meta":{"footnotes":""},"categories":[2],"tags":[322,32,341],"ods":[],"class_list":["post-100407","post","type-post","status-publish","format-standard","has-post-thumbnail","hentry","category-noticias","tag-jardim-botanico","tag-planejamento-e-meio-ambiente","tag-servicos-publicos"],"_links":{"self":[{"href":"https:\/\/jundiai.sp.gov.br\/noticias\/wp-json\/wp\/v2\/posts\/100407","targetHints":{"allow":["GET"]}}],"collection":[{"href":"https:\/\/jundiai.sp.gov.br\/noticias\/wp-json\/wp\/v2\/posts"}],"about":[{"href":"https:\/\/jundiai.sp.gov.br\/noticias\/wp-json\/wp\/v2\/types\/post"}],"author":[{"embeddable":true,"href":"https:\/\/jundiai.sp.gov.br\/noticias\/wp-json\/wp\/v2\/users\/14"}],"replies":[{"embeddable":true,"href":"https:\/\/jundiai.sp.gov.br\/noticias\/wp-json\/wp\/v2\/comments?post=100407"}],"version-history":[{"count":1,"href":"https:\/\/jundiai.sp.gov.br\/noticias\/wp-json\/wp\/v2\/posts\/100407\/revisions"}],"predecessor-version":[{"id":128773,"href":"https:\/\/jundiai.sp.gov.br\/noticias\/wp-json\/wp\/v2\/posts\/100407\/revisions\/128773"}],"wp:featuredmedia":[{"embeddable":true,"href":"https:\/\/jundiai.sp.gov.br\/noticias\/wp-json\/"}],"wp:attachment":[{"href":"https:\/\/jundiai.sp.gov.br\/noticias\/wp-json\/wp\/v2\/media?parent=100407"}],"wp:term":[{"taxonomy":"category","embeddable":true,"href":"https:\/\/jundiai.sp.gov.br\/noticias\/wp-json\/wp\/v2\/categories?post=100407"},{"taxonomy":"post_tag","embeddable":true,"href":"https:\/\/jundiai.sp.gov.br\/noticias\/wp-json\/wp\/v2\/tags?post=100407"},{"taxonomy":"ods","embeddable":true,"href":"https:\/\/jundiai.sp.gov.br\/noticias\/wp-json\/wp\/v2\/ods?post=100407"}],"curies":[{"name":"wp","href":"https:\/\/api.w.org\/{rel}","templated":true}]}}