{"id":100598,"date":"2014-09-25T18:11:22","date_gmt":"2014-09-25T21:11:22","guid":{"rendered":"https:\/\/jundiai.sp.gov.br\/noticias\/?p=100598"},"modified":"2016-11-04T11:06:00","modified_gmt":"2016-11-04T13:06:00","slug":"evento-atualiza-planos-de-arborizacao-urbana-em-jundiai","status":"publish","type":"post","link":"https:\/\/jundiai.sp.gov.br\/noticias\/2014\/09\/25\/evento-atualiza-planos-de-arborizacao-urbana-em-jundiai\/","title":{"rendered":"Evento atualiza planos de arboriza\u00e7\u00e3o urbana em Jundia\u00ed"},"content":{"rendered":"<p><strong>Com um forte ritmo de plantio de mudas nos \u00faltimos meses, a Prefeitura de Jundia\u00ed promoveu nesta quinta-feira (25) um evento com grandes especialistas no Encontro de Arboriza\u00e7\u00e3o Urbana. A a\u00e7\u00e3o foi realizada com t\u00e9cnicos de diversas secretarias e tamb\u00e9m de empresas prestadoras de servi\u00e7os nessa \u00e1rea.<\/strong><\/p>\n<p>Os convidados foram o engenheiro agr\u00f4nomo Marcelo Crestana, um dos precursores da gest\u00e3o de arboriza\u00e7\u00e3o urbana no Pa\u00eds, e a m\u00e9dica pneumologista Tha\u00eds Mauad, pesquisadora da rela\u00e7\u00e3o entre arboriza\u00e7\u00e3o e sa\u00fade p\u00fablica.<\/p>\n<p><strong>LEIA MAIS<br \/>\n<a href=\"https:\/\/jundiai.sp.gov.br\/noticias\/2014\/09\/jundiai-discute-plano-municipal-da-mata-atlantica-2\/\" target=\"_blank\">Jundia\u00ed discute plano municipal da mata atl\u00e2ntica<\/strong><\/a><\/p>\n<div style=\"width: 610px\" class=\"wp-caption aligncenter\"><a href=\"https:\/\/jundiai.sp.gov.br\/noticias\/wp-content\/uploads\/sites\/32\/2014\/09\/ARVORES.jpg\"><img loading=\"lazy\" decoding=\"async\" src=\"https:\/\/jundiai.sp.gov.br\/noticias\/wp-content\/uploads\/sites\/32\/2014\/09\/ARVORES.jpg\" width=\"600\" height=\"450\" class \/><\/a><p class=\"wp-caption-text\">\u00c1rvores auxiliam na sa\u00fade humana: manejo adequado<\/p><\/div>\n<p>De acordo com Ana Terezinha Peches, diretora da Unidade de Desenvolvimento Sustent\u00e1vel (Unidam), as atividades envolvendo diversos setores da Prefeitura visam chamar a aten\u00e7\u00e3o da popula\u00e7\u00e3o em geral sobre a import\u00e2ncia do verde. O assunto foi tratado recentemente tamb\u00e9m pelo lan\u00e7amento do <a href=\"https:\/\/jundiai.sp.gov.br\/noticias\/2014\/09\/prefeitura-lanca-o-circuito-das-arvores-2\/\" target=\"_blank\"><strong>Circuito das \u00c1rvores<\/strong><\/a> e tamb\u00e9m pelo debate sobre o Plano Municipal da Mata Atl\u00e2ntica.<\/p>\n<p>Para o diretor do Jardim Bot\u00e2nico, Renato Steck, a iniciativa enriquece e amplia os conhecimentos de todos aqueles que atuam nas \u00e1reas de paisagismo e jardinagem na Prefeitura, autarquias e terceirizadas. Al\u00e9m do setor de parques e jardins, o evento tamb\u00e9m contou com participantes de \u00e1reas como a Secretaria de Planejamento e Meio Ambiente, a DAE e outras.<\/p>\n<p>O engenheiro agr\u00f4nomo Marcelo Crestana, com origem na Escola Superior Luiz de Queiroz (Esalq\/USP), atuou por mais de 30 anos como extensionista na Coordena\u00e7\u00e3o de Assist\u00eancia T\u00e9cnica Integral (CATI) do Estado e tamb\u00e9m como consultor de prefeituras e empresas. Ele discorreu sobre conceitos, legisla\u00e7\u00e3o e fun\u00e7\u00e3o das \u00e1rvores das cidades e argumentou que problemas decorrentes do manejo inadequado \u00e9 que colocam em risco as esp\u00e9cies de plantas que podem ainda ser mantidas por muito tempo.<\/p>\n<p>\u201cHoje fala-se muito em reabilita\u00e7\u00e3o de \u00e1rvores, mas isso deve ser feito com gest\u00e3o, de forma planejada e com projetos\u201d, disse, ao falar de t\u00e9cnicas.<\/p>\n<p><strong>Sa\u00fade<\/strong><br \/>\nJ\u00e1 a m\u00e9dica Tha\u00eds Mauad abordou os efeitos ben\u00e9ficos para a sa\u00fade das moradias em locais arborizados, com levantamentos de menos queixas de sa\u00fade e melhor status mental do que aqueles que moram em locais n\u00e3o arborizados. \u201cOs efeitos ben\u00e9ficos s\u00e3o observados n\u00e3o s\u00f3 em grupos que moram perto de parques, mas naqueles que habitam ruas arborizadas, causando efeitos fisiol\u00f3gicos relacionados com a diminui\u00e7\u00e3o do estresse, a diminui\u00e7\u00e3o da press\u00e3o arterial e a menor variabilidade card\u00edaca\u201d, explicou.<\/p>\n<div style=\"width: 610px\" class=\"wp-caption aligncenter\"><a href=\"https:\/\/jundiai.sp.gov.br\/noticias\/wp-content\/uploads\/sites\/32\/2014\/09\/Palestra_Servicos_Publicos_c_14_G.jpg\"><img loading=\"lazy\" decoding=\"async\" src=\"https:\/\/jundiai.sp.gov.br\/noticias\/wp-content\/uploads\/sites\/32\/2014\/09\/Palestra_Servicos_Publicos_c_14_G.jpg\" width=\"600\" height=\"450\" class \/><\/a><p class=\"wp-caption-text\">Evento reuniu grande n\u00famero de t\u00e9cnicos<\/p><\/div>\n<p>Entre os benef\u00edcios constatados por pesquisas na arboriza\u00e7\u00e3o urbana est\u00e3o a diminui\u00e7\u00e3o da polui\u00e7\u00e3o do ar pela reten\u00e7\u00e3o de part\u00edculas, a redu\u00e7\u00e3o da temperatura local, o aumento da umidade do ar, o aumento de \u00e1reas perme\u00e1veis do solo contra enchentes, o abrigo para as aves, a barreira parcial contra ru\u00eddos, o embelezamento da paisagem e a redu\u00e7\u00e3o de eros\u00e3o do solo. Integrante do comit\u00ea internacional para nova defini\u00e7\u00e3o da asma grave, ela recomendou que as cidades tenham um plano de arboriza\u00e7\u00e3o urbana e programas de manejo e plantio.<\/p>\n<p>\u201cAs pessoas precisam saber o valor de uma \u00e1rvore e o que a aus\u00eancia dela pode representar para todos\u201d, disse Ana Maranha Peche, da Unidam. Segundo ela, costuma-se reclamar muito das folhas na cal\u00e7ada ou das ra\u00edzes grandes das \u00e1rvores, mas a import\u00e2ncia da presen\u00e7a do verde \u00e9 desconhecida da maioria das pessoas. \u201cAt\u00e9 um desmatamento distante daqui pode influenciar no nosso meio ambiente\u201d, completou.<\/p>\n<p>Embora sem um censo definitivo, a zona urbana de Jundia\u00ed tem uma estimativa de mais de 150 mil \u00e1rvores (sem incluir a zona rural ou a \u00e1rea tombada da Serra do Japi), mas ainda com distribui\u00e7\u00e3o irregular e com grandes \u00e1reas com car\u00eancia de \u00e1reas verdes.<\/p>\n<p><em><strong>Assessoria de Imprensa<br \/>\nFoto: Arquivo e Cleber de Almeida <\/strong><\/em><\/p>\n","protected":false},"excerpt":{"rendered":"<p>Com um forte ritmo de plantio de mudas nos \u00faltimos meses, a Prefeitura de Jundia\u00ed promoveu nesta quinta-feira (25) um evento com grandes especialistas no Encontro de Arboriza\u00e7\u00e3o Urbana. A a\u00e7\u00e3o foi realizada com t\u00e9cnicos de diversas secretarias e tamb\u00e9m de empresas prestadoras de servi\u00e7os nessa \u00e1rea. Os convidados foram o engenheiro agr\u00f4nomo Marcelo Crestana, [&hellip;]<\/p>\n","protected":false},"author":10,"featured_media":0,"comment_status":"closed","ping_status":"closed","sticky":false,"template":"","format":"standard","meta":{"footnotes":""},"categories":[2],"tags":[341],"ods":[],"class_list":["post-100598","post","type-post","status-publish","format-standard","hentry","category-noticias","tag-servicos-publicos"],"_links":{"self":[{"href":"https:\/\/jundiai.sp.gov.br\/noticias\/wp-json\/wp\/v2\/posts\/100598","targetHints":{"allow":["GET"]}}],"collection":[{"href":"https:\/\/jundiai.sp.gov.br\/noticias\/wp-json\/wp\/v2\/posts"}],"about":[{"href":"https:\/\/jundiai.sp.gov.br\/noticias\/wp-json\/wp\/v2\/types\/post"}],"author":[{"embeddable":true,"href":"https:\/\/jundiai.sp.gov.br\/noticias\/wp-json\/wp\/v2\/users\/10"}],"replies":[{"embeddable":true,"href":"https:\/\/jundiai.sp.gov.br\/noticias\/wp-json\/wp\/v2\/comments?post=100598"}],"version-history":[{"count":1,"href":"https:\/\/jundiai.sp.gov.br\/noticias\/wp-json\/wp\/v2\/posts\/100598\/revisions"}],"predecessor-version":[{"id":182636,"href":"https:\/\/jundiai.sp.gov.br\/noticias\/wp-json\/wp\/v2\/posts\/100598\/revisions\/182636"}],"wp:attachment":[{"href":"https:\/\/jundiai.sp.gov.br\/noticias\/wp-json\/wp\/v2\/media?parent=100598"}],"wp:term":[{"taxonomy":"category","embeddable":true,"href":"https:\/\/jundiai.sp.gov.br\/noticias\/wp-json\/wp\/v2\/categories?post=100598"},{"taxonomy":"post_tag","embeddable":true,"href":"https:\/\/jundiai.sp.gov.br\/noticias\/wp-json\/wp\/v2\/tags?post=100598"},{"taxonomy":"ods","embeddable":true,"href":"https:\/\/jundiai.sp.gov.br\/noticias\/wp-json\/wp\/v2\/ods?post=100598"}],"curies":[{"name":"wp","href":"https:\/\/api.w.org\/{rel}","templated":true}]}}