{"id":100718,"date":"2014-09-26T15:29:29","date_gmt":"2014-09-26T18:29:29","guid":{"rendered":"https:\/\/jundiai.sp.gov.br\/noticias\/?p=100718"},"modified":"2016-11-04T11:06:00","modified_gmt":"2016-11-04T13:06:00","slug":"comunidade-negra-primeira-reuniao-define-novo-presidente","status":"publish","type":"post","link":"https:\/\/jundiai.sp.gov.br\/noticias\/2014\/09\/26\/comunidade-negra-primeira-reuniao-define-novo-presidente\/","title":{"rendered":"Comunidade Negra: Primeira reuni\u00e3o define novo presidente"},"content":{"rendered":"<p><strong><a href=\"https:\/\/jundiai.sp.gov.br\/noticias\/2014\/09\/comunidade-negra-novos-membros-do-conselho-tomam-posse\/\" target=\"_blank\">Empossado semana passada<\/a>, o Conselho Municipal de Participa\u00e7\u00e3o e Desenvolvimento da Comunidade Negra realizou a primeira reuni\u00e3o com os novos conselheiros, na noite de quinta-feira (25). O encontro feito na Diretoria de Conselhos e Entidades Comunit\u00e1rias, que fica no Espa\u00e7o dos Conselhos, teve a participa\u00e7\u00e3o de Val\u00e9ria Fonseca, respons\u00e1vel pela Coordenadoria Especial de Pol\u00edticas P\u00fablicas para a Promo\u00e7\u00e3o da Igualdade Racial (Cepppir) e que integra o conselho.<\/strong><\/p>\n<p>Na ocasi\u00e3o, ficou definido o nome de <strong>Eduardo Augusto Pereira Ramalho, o Eduardo &#8216;Festa&#8217;, como presidente do conselho<\/strong>. Ele \u00e9 representante do poder p\u00fablico e substitui S\u00e9rgio Eduardo Gon\u00e7alves de Aguiar na presid\u00eancia.<\/p>\n<p><strong>LEIA TAMB\u00c9M<br \/>\n<a href=\"https:\/\/jundiai.sp.gov.br\/noticias\/2014\/09\/atividades-continuam-nos-bairros-pela-semana-do-idoso\/\" target=\"_blank\">Atividades continuam pela Semana do Idoso<\/a><br \/>\n<a href=\"https:\/\/jundiai.sp.gov.br\/noticias\/2014\/09\/jundiai-e-madrinha-em-campanha-de-doacao-de-sangue-nacional\/\" target=\"_blank\">Jundia\u00ed \u00e9 \u2018madrinha\u2019 em campanha de doa\u00e7\u00e3o de sangue nacional<\/a><\/strong><\/p>\n<div id=\"attachment_100719\" style=\"width: 610px\" class=\"wp-caption aligncenter\"><a href=\"https:\/\/jundiai.sp.gov.br\/noticias\/wp-content\/uploads\/sites\/32\/2014\/09\/igualdade_racial_D3g.jpg\"><img loading=\"lazy\" decoding=\"async\" aria-describedby=\"caption-attachment-100719\" src=\"https:\/\/jundiai.sp.gov.br\/noticias\/wp-content\/uploads\/sites\/32\/2014\/09\/igualdade_racial_D3g-1024x682.jpg\" alt=\"Pr\u00f3xima reuni\u00e3o ser\u00e1 dia 6 de outubro\" width=\"600\" height=\"450\" class=\"size-large wp-image-100719\" \/><\/a><p id=\"caption-attachment-100719\" class=\"wp-caption-text\">Pr\u00f3xima reuni\u00e3o ser\u00e1 dia 6 de outubro<\/p><\/div>\n<p>Ricardo Val\u00e9rio Pulido, o Cadinho, representante da sociedade civil, ser\u00e1 o vice-presidente. Adelmo Paiva da Carmo ser\u00e1 o secret\u00e1rio-geral e Marco Ant\u00f4nio Monteiro ser\u00e1 o 1\u00ba secret\u00e1rio.<\/p>\n<p>\u201cQueremos continuar o trabalho feito e avan\u00e7ar em outras coisas. Vamos buscar uma participa\u00e7\u00e3o popular no conselho, ir at\u00e9 as comunidades e ouvir as demandas\u201d, disse Eduardo Festa.<\/p>\n<p><div id=\"attachment_100720\" style=\"width: 410px\" class=\"wp-caption alignleft\"><a href=\"https:\/\/jundiai.sp.gov.br\/noticias\/wp-content\/uploads\/sites\/32\/2014\/09\/igualdade_racial_D9g.jpg\"><img loading=\"lazy\" decoding=\"async\" aria-describedby=\"caption-attachment-100720\" src=\"https:\/\/jundiai.sp.gov.br\/noticias\/wp-content\/uploads\/sites\/32\/2014\/09\/igualdade_racial_D9g-1024x794.jpg\" alt=\"Val\u00e9ria Fonseca faz parte do conselho\" width=\"400\" height=\"650\" class=\"size-large wp-image-100720\" \/><\/a><p id=\"caption-attachment-100720\" class=\"wp-caption-text\">Val\u00e9ria Fonseca faz parte do conselho<\/p><\/div>Val\u00e9ria Fonseca destacou a import\u00e2ncia da cria\u00e7\u00e3o da Coordenadoria Especial de Pol\u00edticas P\u00fablicas para a Promo\u00e7\u00e3o da Igualdade Racial (Cepppir) e a participa\u00e7\u00e3o do Conselho. \u201cO conselho vai propor a\u00e7\u00f5es, nortear nosso trabalho e fiscalizar\u201d, explicou Val\u00e9ria.<\/p>\n<p>A pr\u00f3xima reuni\u00e3o ser\u00e1 realizada dia 6 de outubro.<\/p>\n<p><strong>Objetivo<br \/>\nO conselho tem objetivo definir, implementar, fiscalizar as pol\u00edticas p\u00fablicas e a legisla\u00e7\u00e3o atinente \u00e0 popula\u00e7\u00e3o negra em todos os n\u00edveis da Administra\u00e7\u00e3o Direta e Indireta. Bem como assessorar o Poder Executivo Municipal, emitindo pareceres e acompanhando a elabora\u00e7\u00e3o e a execu\u00e7\u00e3o de programas da administra\u00e7\u00e3o municipal.<\/strong><\/p>\n<p>Deve exercer o <strong>controle social<\/strong>, tendo no \u00e2mbito de suas a\u00e7\u00f5es, a <strong>elimina\u00e7\u00e3o da discrimina\u00e7\u00e3o, a plena inser\u00e7\u00e3o na vida socioecon\u00f4mica e pol\u00edtico-cultural da Comunidade Negra<\/strong>, defendendo seus direitos e interesses, bem como o desenvolvimento de <strong>estudos, debates e projetos<\/strong> que atendam aos seus objetivos.<\/p>\n<p><strong><em>Assessoria de Imprensa<br \/>\nFotos: Dorival Pinheiro Filho<\/em><\/strong><\/p>\n","protected":false},"excerpt":{"rendered":"<p>Empossado semana passada, o Conselho Municipal de Participa\u00e7\u00e3o e Desenvolvimento da Comunidade Negra realizou a primeira reuni\u00e3o com os novos conselheiros, na noite de quinta-feira (25). O encontro feito na Diretoria de Conselhos e Entidades Comunit\u00e1rias, que fica no Espa\u00e7o dos Conselhos, teve a participa\u00e7\u00e3o de Val\u00e9ria Fonseca, respons\u00e1vel pela Coordenadoria Especial de Pol\u00edticas P\u00fablicas [&hellip;]<\/p>\n","protected":false},"author":14,"featured_media":0,"comment_status":"closed","ping_status":"closed","sticky":false,"template":"","format":"standard","meta":{"footnotes":""},"categories":[2],"tags":[608,391],"ods":[],"class_list":["post-100718","post","type-post","status-publish","format-standard","hentry","category-noticias","tag-conselho-de-participacao-e-desenvolvimento-da-comunidade-negra","tag-coordenadoria-especial-de-politicas-publicas-de-promocao-da-igualdade-racial-cepppir"],"_links":{"self":[{"href":"https:\/\/jundiai.sp.gov.br\/noticias\/wp-json\/wp\/v2\/posts\/100718","targetHints":{"allow":["GET"]}}],"collection":[{"href":"https:\/\/jundiai.sp.gov.br\/noticias\/wp-json\/wp\/v2\/posts"}],"about":[{"href":"https:\/\/jundiai.sp.gov.br\/noticias\/wp-json\/wp\/v2\/types\/post"}],"author":[{"embeddable":true,"href":"https:\/\/jundiai.sp.gov.br\/noticias\/wp-json\/wp\/v2\/users\/14"}],"replies":[{"embeddable":true,"href":"https:\/\/jundiai.sp.gov.br\/noticias\/wp-json\/wp\/v2\/comments?post=100718"}],"version-history":[{"count":1,"href":"https:\/\/jundiai.sp.gov.br\/noticias\/wp-json\/wp\/v2\/posts\/100718\/revisions"}],"predecessor-version":[{"id":128999,"href":"https:\/\/jundiai.sp.gov.br\/noticias\/wp-json\/wp\/v2\/posts\/100718\/revisions\/128999"}],"wp:attachment":[{"href":"https:\/\/jundiai.sp.gov.br\/noticias\/wp-json\/wp\/v2\/media?parent=100718"}],"wp:term":[{"taxonomy":"category","embeddable":true,"href":"https:\/\/jundiai.sp.gov.br\/noticias\/wp-json\/wp\/v2\/categories?post=100718"},{"taxonomy":"post_tag","embeddable":true,"href":"https:\/\/jundiai.sp.gov.br\/noticias\/wp-json\/wp\/v2\/tags?post=100718"},{"taxonomy":"ods","embeddable":true,"href":"https:\/\/jundiai.sp.gov.br\/noticias\/wp-json\/wp\/v2\/ods?post=100718"}],"curies":[{"name":"wp","href":"https:\/\/api.w.org\/{rel}","templated":true}]}}