{"id":102143,"date":"2014-10-08T15:57:15","date_gmt":"2014-10-08T18:57:15","guid":{"rendered":"https:\/\/jundiai.sp.gov.br\/noticias\/?p=102143"},"modified":"2016-11-04T11:12:03","modified_gmt":"2016-11-04T13:12:03","slug":"sao-vicente-tem-novos-aparelhos-de-monitoramento-cardiaco","status":"publish","type":"post","link":"https:\/\/jundiai.sp.gov.br\/noticias\/2014\/10\/08\/sao-vicente-tem-novos-aparelhos-de-monitoramento-cardiaco\/","title":{"rendered":"S\u00e3o Vicente tem novos aparelhos para cardiologia"},"content":{"rendered":"<p><strong>O <a href=\"http:\/\/www.hsvicente.org.br\/\" target=\"_blank\">Hospital de Caridade S\u00e3o Vicente de Paulo<\/a>, conveniado com a Prefeitura de Jundia\u00ed, adquiriu 12 novos ox\u00edmetros de transporte para uso em adultos. O equipamento \u00e9 respons\u00e1vel por monitorar a frequ\u00eancia card\u00edaca do paciente, com leitura r\u00e1pida e precisa da satura\u00e7\u00e3o de oxig\u00eanio do sangue. <\/strong><\/p>\n<p><strong>A medida faz parte dos esfor\u00e7os desenvolvidos neste ano para a melhoria de condi\u00e7\u00f5es em toda a rede de sa\u00fade<\/strong>. No caso do hospital, essa exig\u00eancia envolve a busca crescente de atendimento por pacientes de outras cidades, alcan\u00e7ando <strong>mais de 170 mil atendimentos anuais<\/strong>.<\/p>\n<p><strong>LEIA TAMB\u00c9M<br \/>\n<a href=\"https:\/\/jundiai.sp.gov.br\/noticias\/2014\/10\/outubro-rosa-alunas-da-ginastica-lotam-polytheama\/\" target=\"_blank\">Outubro Rosa: alunas da gin\u00e1stica lotam Polytheama<\/a><\/strong><\/p>\n<div id=\"attachment_102146\" style=\"width: 610px\" class=\"wp-caption aligncenter\"><a href=\"https:\/\/jundiai.sp.gov.br\/noticias\/wp-content\/uploads\/sites\/32\/2014\/10\/DSC_0043g.jpg\"><img loading=\"lazy\" decoding=\"async\" aria-describedby=\"caption-attachment-102146\" class=\"size-large wp-image-102146\" alt=\"Monitores de frequ\u00eancia card\u00edaca foram adquiridos\" src=\"https:\/\/jundiai.sp.gov.br\/noticias\/wp-content\/uploads\/sites\/32\/2014\/10\/DSC_0043g-1024x681.jpg\" width=\"600\" height=\"450\" \/><\/a><p id=\"caption-attachment-102146\" class=\"wp-caption-text\">Monitores de frequ\u00eancia card\u00edaca foram adquiridos<\/p><\/div>\n<p>\u201cEu acho \u00f3tima esta aquisi\u00e7\u00e3o porque este equipamento \u00e9 fundamental para o transporte seguro do paciente at\u00e9 os locais de exame\u201d, explica a cardiologista Luciana Salvador.<\/p>\n<p><strong>Os novos ox\u00edmetros ser\u00e3o distribu\u00eddos nas unidades de terapia intensiva (UTI), no pronto socorro adulto (PSA) e nas cl\u00ednicas m\u00e9dicas<\/strong>, substituindo os aparelhos antigos. De acordo com a coordena\u00e7\u00e3o, <strong>os investimentos melhoram as condi\u00e7\u00f5es de trabalho dos colaboradores e a assist\u00eancia aos pacientes e familiares<\/strong>.<\/p>\n<p><strong>Mais equipamentos<\/strong><br \/>\nEm setembro, <strong><a href=\"https:\/\/jundiai.sp.gov.br\/noticias\/2014\/09\/sao-vicente-recebe-novos-equipamentos-para-ortopedia\/\" target=\"_blank\">o hospital recebeu tamb\u00e9m cinco perfuradoras pneum\u00e1ticas e cinco v\u00e1lvulas<\/a><\/strong>, usadas em cirurgias traum\u00e1ticas, deixando ainda o melhor o trabalho da equipe respons\u00e1vel por esta especialidade no local. A institui\u00e7\u00e3o \u00e9 <strong>refer\u00eancia no atendimento de ortopedia e traumatologia (ao lado da cardiologia e da oncologia)<\/strong>.<\/p>\n<p>\u201cAs perfuradoras estavam em constante manuten\u00e7\u00e3o. <strong>Agora, temos uma situa\u00e7\u00e3o de excel\u00eancia<\/strong>, o que deve deixar ainda melhor o atendimento que fazemos \u00e0 popula\u00e7\u00e3o\u201d, afirmou Rafael Ortiz, m\u00e9dico da equipe de Coluna da Ortopedia.<\/p>\n<p><strong>A\u00e7\u00e3o conjunta<\/strong><br \/>\nOs recursos para a compra de equipamentos vieram do programa <strong>Investimento de Qualifica\u00e7\u00e3o da Gest\u00e3o Hospitalar (IGH)<\/strong> do governo federal, obtidos em parceria com a Prefeitura de Jundia\u00ed, destinado a <strong>reformas e investimentos em entidades consideradas hospitais-escola<\/strong>.<\/p>\n<p><strong>A primeira a\u00e7\u00e3o direta do prefeito Pedro Bigardi no complexo hospitalar ocorreu em mar\u00e7o de 2013, quando inaugurou o PA Central 24 Horas<\/strong> como primeiro servi\u00e7o de pronto atendimento em tempo integral da cidade no plano que em 2015 vai receber tamb\u00e9m a<strong> UPA Novo Horizonte 24 Horas<\/strong>, primeira nesse modelo na cidade.<\/p>\n<p><strong><em>Tha\u00eds Dorneles<br \/>\nFoto: Divulga\u00e7\u00e3o<\/em><\/strong><\/p>\n","protected":false},"excerpt":{"rendered":"<p>Aparelhos de monitoramento e medi\u00e7\u00e3o da oxigena\u00e7\u00e3o sangu\u00ednea ser\u00e3o distribu\u00eddos pelos setores do hospital<\/p>\n","protected":false},"author":14,"featured_media":102156,"comment_status":"closed","ping_status":"closed","sticky":false,"template":"","format":"standard","meta":{"footnotes":""},"categories":[2],"tags":[321,3],"ods":[],"class_list":["post-102143","post","type-post","status-publish","format-standard","has-post-thumbnail","hentry","category-noticias","tag-hospital-de-caridade-sao-vicente-de-paulo","tag-saude"],"_links":{"self":[{"href":"https:\/\/jundiai.sp.gov.br\/noticias\/wp-json\/wp\/v2\/posts\/102143","targetHints":{"allow":["GET"]}}],"collection":[{"href":"https:\/\/jundiai.sp.gov.br\/noticias\/wp-json\/wp\/v2\/posts"}],"about":[{"href":"https:\/\/jundiai.sp.gov.br\/noticias\/wp-json\/wp\/v2\/types\/post"}],"author":[{"embeddable":true,"href":"https:\/\/jundiai.sp.gov.br\/noticias\/wp-json\/wp\/v2\/users\/14"}],"replies":[{"embeddable":true,"href":"https:\/\/jundiai.sp.gov.br\/noticias\/wp-json\/wp\/v2\/comments?post=102143"}],"version-history":[{"count":1,"href":"https:\/\/jundiai.sp.gov.br\/noticias\/wp-json\/wp\/v2\/posts\/102143\/revisions"}],"predecessor-version":[{"id":146508,"href":"https:\/\/jundiai.sp.gov.br\/noticias\/wp-json\/wp\/v2\/posts\/102143\/revisions\/146508"}],"wp:featuredmedia":[{"embeddable":true,"href":"https:\/\/jundiai.sp.gov.br\/noticias\/wp-json\/"}],"wp:attachment":[{"href":"https:\/\/jundiai.sp.gov.br\/noticias\/wp-json\/wp\/v2\/media?parent=102143"}],"wp:term":[{"taxonomy":"category","embeddable":true,"href":"https:\/\/jundiai.sp.gov.br\/noticias\/wp-json\/wp\/v2\/categories?post=102143"},{"taxonomy":"post_tag","embeddable":true,"href":"https:\/\/jundiai.sp.gov.br\/noticias\/wp-json\/wp\/v2\/tags?post=102143"},{"taxonomy":"ods","embeddable":true,"href":"https:\/\/jundiai.sp.gov.br\/noticias\/wp-json\/wp\/v2\/ods?post=102143"}],"curies":[{"name":"wp","href":"https:\/\/api.w.org\/{rel}","templated":true}]}}