{"id":102358,"date":"2014-10-09T17:32:15","date_gmt":"2014-10-09T20:32:15","guid":{"rendered":"https:\/\/jundiai.sp.gov.br\/noticias\/?p=102358"},"modified":"2016-11-04T11:12:12","modified_gmt":"2016-11-04T13:12:12","slug":"fumas-avanca-na-construcao-do-plano-municipal-de-habitacao","status":"publish","type":"post","link":"https:\/\/jundiai.sp.gov.br\/noticias\/2014\/10\/09\/fumas-avanca-na-construcao-do-plano-municipal-de-habitacao\/","title":{"rendered":"Fumas avan\u00e7a na constru\u00e7\u00e3o do Plano Municipal de Habita\u00e7\u00e3o"},"content":{"rendered":"<p><strong>Representantes da <a href=\"http:\/\/fumas.jundiai.sp.gov.br\/\" target=\"_blank\">Funda\u00e7\u00e3o Municipal de A\u00e7\u00e3o Social (Fumas)<\/a> e de secretarias da Prefeitura de Jundia\u00ed se reuniram com membros da empresa Demacamp, contratada para a elabora\u00e7\u00e3o do Plano Local de Habita\u00e7\u00e3o e Interesse Social. A reuni\u00e3o foi feita nesta quinta-feira (9).<\/strong><\/p>\n<p><strong>Durante o encontro, que marcou o in\u00edcio do processo de diagn\u00f3stico do Plano, a Funda\u00e7\u00e3o apresentou a situa\u00e7\u00e3o dos assentamentos prec\u00e1rios da cidade, al\u00e9m de esclarecer como est\u00e1 a ades\u00e3o ao <a href=\"http:\/\/servicos2010.jundiai.sp.gov.br\/ih\/PaginaInicial.aspx?logoff=S\" target=\"_blank\">Sistema Municipal de Informa\u00e7\u00f5es Habitacionais, o SIMIH<\/a><\/strong>. Segundo dados da Fumas, <strong>11 mil fam\u00edlias j\u00e1 atualizaram as informa\u00e7\u00f5es<\/strong> e outras <strong>6.200 fizeram o cadastro<\/strong> nesse banco de dados que servir\u00e1 para participa\u00e7\u00e3o em sorteios de unidades habitacionais.<\/p>\n<p><strong>LEIA TAMB\u00c9M<br \/>\n<a href=\"https:\/\/jundiai.sp.gov.br\/noticias\/2014\/10\/politica-habitacional-e-tema-de-oficina\/\" target=\"_blank\">Pol\u00edtica habitacional \u00e9 tema de oficina<\/a><br \/>\n<a href=\"https:\/\/jundiai.sp.gov.br\/noticias\/2014\/10\/servicos-publicos-recolhe-192-toneladas-de-entulho-do-novo-horizonte\/\" target=\"_blank\">192 toneladas de entulho s\u00e3o recolhidas no Novo Horizonte<\/a><\/strong><\/p>\n<div id=\"attachment_102359\" style=\"width: 610px\" class=\"wp-caption aligncenter\"><a href=\"https:\/\/jundiai.sp.gov.br\/noticias\/wp-content\/uploads\/sites\/32\/2014\/10\/Reuniao_Plano_Habitacao_FUMAS_c_6_G.jpg\"><img loading=\"lazy\" decoding=\"async\" aria-describedby=\"caption-attachment-102359\" src=\"https:\/\/jundiai.sp.gov.br\/noticias\/wp-content\/uploads\/sites\/32\/2014\/10\/Reuniao_Plano_Habitacao_FUMAS_c_6_G-1024x742.jpg\" alt=\"Plano de Habita\u00e7\u00e3o \u00e9 um avan\u00e7o nas pol\u00edticas p\u00fablicas\" width=\"600\" height=\"450\" class=\"size-large wp-image-102359\" \/><\/a><p id=\"caption-attachment-102359\" class=\"wp-caption-text\">Plano de Habita\u00e7\u00e3o \u00e9 um avan\u00e7o nas pol\u00edticas p\u00fablicas<\/p><\/div>\n<p>De acordo com o superintendente da Fumas, Rodrigo Mendes Pereira, o trabalho de constru\u00e7\u00e3o do Plano Municipal de Habita\u00e7\u00e3o e Interesse Social deve levar <strong>8 meses<\/strong>. Durante a elabora\u00e7\u00e3o, ser\u00e3o realizadas <strong>audi\u00eancias p\u00fablicas, discuss\u00f5es<\/strong> com diversas secretarias do governo e <strong>conversas com os conselhos municipais<\/strong>. \u201cO resultado desse estudo possibilitar\u00e1 o <strong>planejamento de a\u00e7\u00f5es no campo da habita\u00e7\u00e3o, articula\u00e7\u00e3o de pol\u00edticas p\u00fablicas e sociais, al\u00e9m do planejamento territorial urbano e modifica\u00e7\u00f5es em legisla\u00e7\u00f5es<\/strong>\u201d, comentou.<\/p>\n<p>A diretora da Fumas, Tatiana Reis Pimenta, frisou ainda que <strong>com o Plano \u00e9 poss\u00edvel saber onde h\u00e1 necessidade de implanta\u00e7\u00e3o de habita\u00e7\u00e3o de interesse social<\/strong>, onde est\u00e3o as fam\u00edlias, nortear parcerias com a iniciativa privada e diagnosticar a realidade do munic\u00edpio.<\/p>\n<p><strong>O empenho do prefeito Pedro Bigardi na quest\u00e3o e a intersetorialidade do trabalho, que envolve v\u00e1rias secretarias, recebeu elogios<\/strong> da arquiteta da Demacamp, Branca Perocco. Para ela, o que chama a aten\u00e7\u00e3o em Jundia\u00ed \u00e9 o trabalho em conjunto. \u201cCaminhar junto nesse processo faz toda a diferen\u00e7a. Esse envolvimento faz o plano crescer.\u201d<\/p>\n<p>Ela frisa que <strong>munic\u00edpios que n\u00e3o t\u00eam o Plano de Habita\u00e7\u00e3o n\u00e3o acessam verbas do Governo Federal<\/strong>. \u201cJ\u00e1 realizamos na cidade a primeira etapa, com a montagem da estrat\u00e9gia de trabalho. O segundo passo foi de capacita\u00e7\u00f5es, muito produtivas. E agora vamos construir um diagn\u00f3stico com os dados levantados.\u201d<\/p>\n<p><strong><em>Luana Dias<br \/>\nFoto: Cleber de Almeida<\/em><\/strong><\/p>\n","protected":false},"excerpt":{"rendered":"<p>Em reuni\u00e3o desta quinta (9), discutiu-se diagn\u00f3stico e o levantamento de dados de cadastro do sistema municipal habitacional<\/p>\n","protected":false},"author":14,"featured_media":102360,"comment_status":"closed","ping_status":"closed","sticky":false,"template":"","format":"standard","meta":{"footnotes":""},"categories":[2],"tags":[49],"ods":[],"class_list":["post-102358","post","type-post","status-publish","format-standard","has-post-thumbnail","hentry","category-noticias","tag-fundacao-municipal-de-acao-social-fumas"],"_links":{"self":[{"href":"https:\/\/jundiai.sp.gov.br\/noticias\/wp-json\/wp\/v2\/posts\/102358","targetHints":{"allow":["GET"]}}],"collection":[{"href":"https:\/\/jundiai.sp.gov.br\/noticias\/wp-json\/wp\/v2\/posts"}],"about":[{"href":"https:\/\/jundiai.sp.gov.br\/noticias\/wp-json\/wp\/v2\/types\/post"}],"author":[{"embeddable":true,"href":"https:\/\/jundiai.sp.gov.br\/noticias\/wp-json\/wp\/v2\/users\/14"}],"replies":[{"embeddable":true,"href":"https:\/\/jundiai.sp.gov.br\/noticias\/wp-json\/wp\/v2\/comments?post=102358"}],"version-history":[{"count":1,"href":"https:\/\/jundiai.sp.gov.br\/noticias\/wp-json\/wp\/v2\/posts\/102358\/revisions"}],"predecessor-version":[{"id":182424,"href":"https:\/\/jundiai.sp.gov.br\/noticias\/wp-json\/wp\/v2\/posts\/102358\/revisions\/182424"}],"wp:featuredmedia":[{"embeddable":true,"href":"https:\/\/jundiai.sp.gov.br\/noticias\/wp-json\/"}],"wp:attachment":[{"href":"https:\/\/jundiai.sp.gov.br\/noticias\/wp-json\/wp\/v2\/media?parent=102358"}],"wp:term":[{"taxonomy":"category","embeddable":true,"href":"https:\/\/jundiai.sp.gov.br\/noticias\/wp-json\/wp\/v2\/categories?post=102358"},{"taxonomy":"post_tag","embeddable":true,"href":"https:\/\/jundiai.sp.gov.br\/noticias\/wp-json\/wp\/v2\/tags?post=102358"},{"taxonomy":"ods","embeddable":true,"href":"https:\/\/jundiai.sp.gov.br\/noticias\/wp-json\/wp\/v2\/ods?post=102358"}],"curies":[{"name":"wp","href":"https:\/\/api.w.org\/{rel}","templated":true}]}}