{"id":102928,"date":"2014-10-14T16:26:28","date_gmt":"2014-10-14T19:26:28","guid":{"rendered":"https:\/\/jundiai.sp.gov.br\/noticias\/?p=102928"},"modified":"2016-11-04T11:12:17","modified_gmt":"2016-11-04T13:12:17","slug":"fumas-atinge-11-mil-atualizacoes-e-62-mil-novos-cadastros","status":"publish","type":"post","link":"https:\/\/jundiai.sp.gov.br\/noticias\/2014\/10\/14\/fumas-atinge-11-mil-atualizacoes-e-62-mil-novos-cadastros\/","title":{"rendered":"Fumas atinge 11 mil atualiza\u00e7\u00f5es e 6,2 mil novos cadastros"},"content":{"rendered":"<p><strong>Quem deseja participar dos sorteios de unidades habitacionais em Jundia\u00ed deve ficar atento. A Funda\u00e7\u00e3o Municipal de A\u00e7\u00e3o Social (Fumas) far\u00e1 a atualiza\u00e7\u00e3o dos cadastros j\u00e1 existentes at\u00e9 o dia 5 de fevereiro.  Quem ainda n\u00e3o faz parte desse banco de dados tamb\u00e9m pode se inscrever. At\u00e9 o momento, 11 mil fam\u00edlias j\u00e1 atualizaram e 6,2 mil novos se inscreveram.<\/strong><\/p>\n<p>Para a assessora de habita\u00e7\u00e3o da Fumas, Tatiana Reis Pimenta, o n\u00famero \u00e9 considerado expressivo. \u201cJ\u00e1 atingimos 50% de atualiza\u00e7\u00f5es. \u00c9 importante manter o cadastro em dia para que possamos incluir essas fam\u00edlias nos programas habitacionais\u201d, explica.<\/p>\n<p><strong>LEIA TAMB\u00c9M<br \/>\n<a href=\"https:\/\/jundiai.sp.gov.br\/noticias\/2014\/10\/fumas-discute-politica-municipal-de-habitacao\/\" target=\"_blank\"><strong>Fumas discute Pol\u00edtica Municipal de Habita\u00e7\u00e3o<\/strong><\/a><br \/>\n<a href=\"https:\/\/jundiai.sp.gov.br\/noticias\/2014\/10\/fumas-avanca-na-construcao-do-plano-municipal-de-habitacao\/\" target=\"_blank\">Fumas avan\u00e7a na constru\u00e7\u00e3o do Plano Municipal de Habita\u00e7\u00e3o<\/strong><\/a><\/p>\n<p><div style=\"width: 340px\" class=\"wp-caption alignleft\"><a href=\"https:\/\/jundiai.sp.gov.br\/noticias\/wp-content\/uploads\/sites\/32\/2014\/10\/Habit_Vl_Ana_A_G.jpg\"><img loading=\"lazy\" decoding=\"async\" src=\"https:\/\/jundiai.sp.gov.br\/noticias\/wp-content\/uploads\/sites\/32\/2014\/10\/Habit_Vl_Ana_A_G.jpg\" width=\"330\" height=\"380\" class \/><\/a><p class=\"wp-caption-text\">An\u00fancio da constru\u00e7\u00e3o de apartamentos na Vila Ana: dignidade<\/p><\/div>De acordo com ela, para se cadastrar \u00e9 necess\u00e1rio residir em Jundia\u00ed, n\u00e3o possuir im\u00f3veis e ter renda familiar de at\u00e9 10 sal\u00e1rios m\u00ednimos. Para se cadastrar, basta acessar o <a href=\"http:\/\/servicos2010.jundiai.sp.gov.br\/ih\/PaginaInicial.aspx?logoff=S\" target=\"_blank\"><strong>Sistema Municipal de Informa\u00e7\u00f5es Habitacionais<\/strong><\/a> (SIMIH).<\/p>\n<p>O cadastro \u00e9 simples. Basta clicar no campo \u2018cadastre-se aqui\u2019. Ap\u00f3s informar os dados solicitados, ser\u00e1 enviada uma senha por e-mail que dar\u00e1 acesso ao documento completo. Todos os cidad\u00e3os que j\u00e1 possuem o cadastro permanente devem atualiz\u00e1-lo.<\/p>\n<p><strong>Quem n\u00e3o tem internet pode usar os computadores do Acessa Jundia\u00ed, que est\u00e3o em v\u00e1rios pontos: Pa\u00e7o Municipal, Acessa S\u00e3o Paulo, Biblioteca Municipal Professor \u2018Nelson Foot\u2019, CRAS Novo Horizonte, CRAS S\u00e3o Camilo, Centro de Refer\u00eancia do Idoso (CRIJU), Parque Tulipas, Terminal Rami, Terminal Central, Terminal Col\u00f4nia, Terminal Eloy Chaves, Terminal Vila Arens e Terminal Cecap.<\/strong><\/p>\n<p><strong>Manter os dados cadastrais atualizados \u00e9 importante para que a Funda\u00e7\u00e3o entre em contato para esclarecimentos, d\u00favidas, convoca\u00e7\u00f5es e informa\u00e7\u00f5es sobre empreendimentos habitacionais.<\/strong> \u201cCaso o cadastro esteja desatualizado, o mun\u00edcipe pode ficar de fora dos sorteios.\u201d<\/p>\n<p><strong>Plano de Habita\u00e7\u00e3o<\/strong><br \/>\nA atualiza\u00e7\u00e3o cadastral no SIMIH faz parte de uma s\u00e9rie de a\u00e7\u00f5es da Fumas, que fazem parte do Plano Local de Habita\u00e7\u00e3o de Interesse Social.<\/p>\n<p>No dia 9, a Funda\u00e7\u00e3o deu in\u00edcio ao processo de diagn\u00f3stico do Plano, no qual apresentou a situa\u00e7\u00e3o dos assentamentos prec\u00e1rios da cidade. Tamb\u00e9m foi esclarecido como est\u00e1 a ades\u00e3o ao Sistema Municipal de Informa\u00e7\u00f5es Habitacionais. O encontro reuniu representantes de secretarias da Prefeitura de Jundia\u00ed e membros da empresa Demacamp, contratada para a elabora\u00e7\u00e3o do Plano Local de Habita\u00e7\u00e3o de Interesse Social.<\/p>\n<p>A expectativa \u00e9 de que o Plano seja conclu\u00eddo em 8 meses. Durante a elabora\u00e7\u00e3o, ser\u00e3o realizadas audi\u00eancias p\u00fablicas, discuss\u00f5es com diversas secretarias do governo e conversas com os conselhos municipais. O resultado desse estudo possibilitar\u00e1 o planejamento de a\u00e7\u00f5es no campo da habita\u00e7\u00e3o, articula\u00e7\u00e3o de pol\u00edticas p\u00fablicas e sociais, al\u00e9m do planejamento territorial urbano e modifica\u00e7\u00f5es em legisla\u00e7\u00f5es. <\/p>\n<p>Tamb\u00e9m ser\u00e1 poss\u00edvel saber onde h\u00e1 necessidade de implanta\u00e7\u00e3o de habita\u00e7\u00e3o de interesse social, onde est\u00e3o as fam\u00edlias, nortear parcerias com a iniciativa privada e diagnosticar a realidade do munic\u00edpio.<\/p>\n<p><em><strong>Luana Dias<br \/>\nFoto: Alessandro Rosman <\/strong><\/em><\/p>\n","protected":false},"excerpt":{"rendered":"<p>Quem quer participar dos sorteios de unidades habitacionais deve atualizar cadastro at\u00e9 5 de fevereiro<\/p>\n","protected":false},"author":10,"featured_media":102931,"comment_status":"closed","ping_status":"closed","sticky":false,"template":"","format":"standard","meta":{"footnotes":""},"categories":[2],"tags":[49],"ods":[],"class_list":["post-102928","post","type-post","status-publish","format-standard","has-post-thumbnail","hentry","category-noticias","tag-fundacao-municipal-de-acao-social-fumas"],"_links":{"self":[{"href":"https:\/\/jundiai.sp.gov.br\/noticias\/wp-json\/wp\/v2\/posts\/102928","targetHints":{"allow":["GET"]}}],"collection":[{"href":"https:\/\/jundiai.sp.gov.br\/noticias\/wp-json\/wp\/v2\/posts"}],"about":[{"href":"https:\/\/jundiai.sp.gov.br\/noticias\/wp-json\/wp\/v2\/types\/post"}],"author":[{"embeddable":true,"href":"https:\/\/jundiai.sp.gov.br\/noticias\/wp-json\/wp\/v2\/users\/10"}],"replies":[{"embeddable":true,"href":"https:\/\/jundiai.sp.gov.br\/noticias\/wp-json\/wp\/v2\/comments?post=102928"}],"version-history":[{"count":1,"href":"https:\/\/jundiai.sp.gov.br\/noticias\/wp-json\/wp\/v2\/posts\/102928\/revisions"}],"predecessor-version":[{"id":146494,"href":"https:\/\/jundiai.sp.gov.br\/noticias\/wp-json\/wp\/v2\/posts\/102928\/revisions\/146494"}],"wp:featuredmedia":[{"embeddable":true,"href":"https:\/\/jundiai.sp.gov.br\/noticias\/wp-json\/"}],"wp:attachment":[{"href":"https:\/\/jundiai.sp.gov.br\/noticias\/wp-json\/wp\/v2\/media?parent=102928"}],"wp:term":[{"taxonomy":"category","embeddable":true,"href":"https:\/\/jundiai.sp.gov.br\/noticias\/wp-json\/wp\/v2\/categories?post=102928"},{"taxonomy":"post_tag","embeddable":true,"href":"https:\/\/jundiai.sp.gov.br\/noticias\/wp-json\/wp\/v2\/tags?post=102928"},{"taxonomy":"ods","embeddable":true,"href":"https:\/\/jundiai.sp.gov.br\/noticias\/wp-json\/wp\/v2\/ods?post=102928"}],"curies":[{"name":"wp","href":"https:\/\/api.w.org\/{rel}","templated":true}]}}