{"id":102956,"date":"2014-10-15T11:40:37","date_gmt":"2014-10-15T14:40:37","guid":{"rendered":"https:\/\/jundiai.sp.gov.br\/noticias\/?p=102956"},"modified":"2016-11-04T11:12:17","modified_gmt":"2016-11-04T13:12:17","slug":"travessa-jussara-recebe-drenagem-e-asfalto","status":"publish","type":"post","link":"https:\/\/jundiai.sp.gov.br\/noticias\/2014\/10\/15\/travessa-jussara-recebe-drenagem-e-asfalto\/","title":{"rendered":"Travessa Jussara recebe drenagem e pavimenta\u00e7\u00e3o"},"content":{"rendered":"<p><strong>A ladeira de terra no Jardim Nova Conquista, conhecida como \u201cTravessa Jussara\u201d, em Jundia\u00ed, vai ganhar nova cara. A Secretaria de Obras realiza drenagem e pavimenta\u00e7\u00e3o no local. A previs\u00e3o \u00e9 de que o servi\u00e7o seja conclu\u00eddo em 40 dias. <\/strong><\/p>\n<p><strong>Os moradores est\u00e3o ansiosos<\/strong>. \u201cN\u00e3o vejo a hora de minha casa se livrar de tanta poeira. \u00c9 um transtorno. <strong>Com a obra, o cen\u00e1rio vai mudar<\/strong>\u201d, comentou Natalina Velasco. Assim como ela, Paulo Henrique Campos lembra que, nos dias de chuva, a vida era dif\u00edcil. \u201cOs carros n\u00e3o conseguem subir. A rua fica cheia de barro. \u00c9 complicado.\u201d<\/p>\n<p><strong>LEIA TAMB\u00c9M<br \/>\n<a href=\"https:\/\/jundiai.sp.gov.br\/noticias\/2014\/10\/asfalto-e-drenagem-chegam-a-regiao-do-corrupira\/\" target=\"_blank\">Asfalto e drenagem chegam \u00e0 regi\u00e3o do Corrupira<\/a><br \/>\n<a href=\"https:\/\/jundiai.sp.gov.br\/noticias\/2014\/10\/fumas-atinge-11-mil-atualizacoes-e-62-mil-novos-cadastros\/\" target=\"_blank\">Fumas atinge 11 mil atualiza\u00e7\u00f5es e 6,2 mil novos cadastros<\/a><\/strong><\/p>\n<div id=\"attachment_102957\" style=\"width: 610px\" class=\"wp-caption aligncenter\"><a href=\"https:\/\/jundiai.sp.gov.br\/noticias\/wp-content\/uploads\/sites\/32\/2014\/10\/alan_visita_obras_rua1_vl_nambi_P_-26G.jpg\"><img loading=\"lazy\" decoding=\"async\" aria-describedby=\"caption-attachment-102957\" src=\"https:\/\/jundiai.sp.gov.br\/noticias\/wp-content\/uploads\/sites\/32\/2014\/10\/alan_visita_obras_rua1_vl_nambi_P_-26G-1024x742.jpg\" alt=\"Mais um bairro que recebe asfalto e pavimenta\u00e7\u00e3o\" width=\"600\" height=\"450\" class=\"size-large wp-image-102957\" \/><\/a><p id=\"caption-attachment-102957\" class=\"wp-caption-text\">Mais um bairro que recebe asfalto e pavimenta\u00e7\u00e3o<\/p><\/div>\n<p>Segundo o secret\u00e1rio de Obras, Alan P\u00ecccolo, <strong>a obra beneficiar\u00e1 cerca de 150 fam\u00edlias. \u201c\u00c9 uma demanda antiga dos moradores, atendida pelo prefeito Pedro Bigardi<\/strong>. A via tem uma escola na esquina. Quando chove, a lama desce e invade o local. Agora ser\u00e1 diferente.\u201d <\/p>\n<p>Alan refor\u00e7a que <strong>levar asfalto aos bairros que ainda n\u00e3o contam com essa infraestrutura \u00e9 uma das<a href=\"https:\/\/jundiai.sp.gov.br\/noticias\/wp-content\/uploads\/sites\/32\/2013\/07\/Programa-de-Metas-2013.2016.pdf\" target=\"_blank\"> determina\u00e7\u00f5es do prefeito Pedro Bigardi, seguindo o Plano de Metas 2014-2016<\/a><\/strong>. Entre os bairros j\u00e1 beneficiados est\u00e3o <strong><a href=\"https:\/\/jundiai.sp.gov.br\/noticias\/2014\/09\/rua-8-no-novo-horizonte-ganha-novo-trecho-de-asfalto\/\" target=\"_blank\">Jardim Novo Horizonte<\/a>, <a href=\"https:\/\/jundiai.sp.gov.br\/noticias\/2014\/08\/prefeito-vistoria-obras-nos-bairros-do-poste-e-ponte-sao-joao\/\" target=\"_blank\">Bairro do Poste<\/a>, <a href=\"https:\/\/jundiai.sp.gov.br\/noticias\/2014\/09\/prefeito-entrega-pavimentacao-e-drenagem-no-guanabara\/\" target=\"_blank\">Jardim Guanabara<\/a>, <a href=\"https:\/\/jundiai.sp.gov.br\/noticias\/2014\/10\/asfalto-e-drenagem-chegam-a-regiao-do-corrupira\/\" target=\"_blank\">Corrupira<\/a>, entre outros<\/strong>.<\/p>\n<p><strong>Mais<\/strong><br \/>\n<strong>Na Col\u00f4nia, outra via que recebeu pavimenta\u00e7\u00e3o foi a Egydeo de Matheo.<\/strong> A via era a \u00fanica no bairro que ainda era de terra. O local recebeu <strong>1.750 m\u00b2 de pavimento e 150 metros lineares de drenagem<\/strong>. Assim como no Jardim Nova Conquista, a demanda \u00e9 antiga. \u201cAqui h\u00e1 um tr\u00e2nsito intenso de moradores e empresas. O trabalho realizado \u00e9 mais do que necess\u00e1rio para toda a regi\u00e3o\u201d, destaca Alan. <strong>A obra ser\u00e1 entregue nesta quinta-feira (16), \u00e0s 17h30, pelo prefeito Pedro Bigardi.<\/strong><\/p>\n<p><strong><em>Luana Dias<br \/>\nFoto: Paulo Gr\u00e9gio<\/em><\/strong><\/p>\n","protected":false},"excerpt":{"rendered":"<p>Obras devem ser conclu\u00eddas em 40 dias e v\u00e3o beneficiar cerca de 150 fam\u00edlias do Jardim Nova Conquista<\/p>\n","protected":false},"author":14,"featured_media":102965,"comment_status":"closed","ping_status":"closed","sticky":false,"template":"","format":"standard","meta":{"footnotes":""},"categories":[2],"tags":[347],"ods":[],"class_list":["post-102956","post","type-post","status-publish","format-standard","has-post-thumbnail","hentry","category-noticias","tag-obras"],"_links":{"self":[{"href":"https:\/\/jundiai.sp.gov.br\/noticias\/wp-json\/wp\/v2\/posts\/102956","targetHints":{"allow":["GET"]}}],"collection":[{"href":"https:\/\/jundiai.sp.gov.br\/noticias\/wp-json\/wp\/v2\/posts"}],"about":[{"href":"https:\/\/jundiai.sp.gov.br\/noticias\/wp-json\/wp\/v2\/types\/post"}],"author":[{"embeddable":true,"href":"https:\/\/jundiai.sp.gov.br\/noticias\/wp-json\/wp\/v2\/users\/14"}],"replies":[{"embeddable":true,"href":"https:\/\/jundiai.sp.gov.br\/noticias\/wp-json\/wp\/v2\/comments?post=102956"}],"version-history":[{"count":1,"href":"https:\/\/jundiai.sp.gov.br\/noticias\/wp-json\/wp\/v2\/posts\/102956\/revisions"}],"predecessor-version":[{"id":146492,"href":"https:\/\/jundiai.sp.gov.br\/noticias\/wp-json\/wp\/v2\/posts\/102956\/revisions\/146492"}],"wp:featuredmedia":[{"embeddable":true,"href":"https:\/\/jundiai.sp.gov.br\/noticias\/wp-json\/"}],"wp:attachment":[{"href":"https:\/\/jundiai.sp.gov.br\/noticias\/wp-json\/wp\/v2\/media?parent=102956"}],"wp:term":[{"taxonomy":"category","embeddable":true,"href":"https:\/\/jundiai.sp.gov.br\/noticias\/wp-json\/wp\/v2\/categories?post=102956"},{"taxonomy":"post_tag","embeddable":true,"href":"https:\/\/jundiai.sp.gov.br\/noticias\/wp-json\/wp\/v2\/tags?post=102956"},{"taxonomy":"ods","embeddable":true,"href":"https:\/\/jundiai.sp.gov.br\/noticias\/wp-json\/wp\/v2\/ods?post=102956"}],"curies":[{"name":"wp","href":"https:\/\/api.w.org\/{rel}","templated":true}]}}