{"id":103005,"date":"2014-10-15T15:24:22","date_gmt":"2014-10-15T18:24:22","guid":{"rendered":"https:\/\/jundiai.sp.gov.br\/noticias\/?p=103005"},"modified":"2016-11-04T11:12:26","modified_gmt":"2016-11-04T13:12:26","slug":"prefeitura-anuncia-inauguracao-do-tunel-da-ponte-sao-joao","status":"publish","type":"post","link":"https:\/\/jundiai.sp.gov.br\/noticias\/2014\/10\/15\/prefeitura-anuncia-inauguracao-do-tunel-da-ponte-sao-joao\/","title":{"rendered":"Prefeitura anuncia inaugura\u00e7\u00e3o do t\u00fanel da Ponte"},"content":{"rendered":"<p><strong>Na manh\u00e3 desta quarta-feira (15), o prefeito Pedro Bigardi anunciou a entrega oficial da passagem inferior que liga a Ponte S\u00e3o Jo\u00e3o \u00e0 avenida Uni\u00e3o dos Ferrovi\u00e1rios, que ser\u00e1 realizada no s\u00e1bado (25), \u00e0s 10 horas. O in\u00edcio da circula\u00e7\u00e3o de autom\u00f3veis ser\u00e1 na virada de s\u00e1bado para domingo (26), a partir da meia-noite.<\/strong><\/p>\n<p>De acordo com o prefeito, a obra facilitar\u00e1 a liga\u00e7\u00e3o da regi\u00e3o leste com outras \u00e1reas da cidade. \u201cEssa obra vai oferecer mais uma importante op\u00e7\u00e3o para os moradores da Ponte S\u00e3o Jo\u00e3o, Col\u00f4nia, Caxambu e os demais bairros da regi\u00e3o, bem como para os que chegam de outras cidades, como V\u00e1rzea Paulista e Campo Limpo. Trata-se de uma obra complexa, que exigiu uma das maiores interven\u00e7\u00f5es vi\u00e1rias de nossa cidade\u201d.<\/p>\n<p><strong>LEIA TAMB\u00c9M<br \/>\n<a href=\"https:\/\/jundiai.sp.gov.br\/noticias\/2014\/10\/tunel-agentes-de-transito-sao-capacitados\/\" target=\"_blank\"><strong>T\u00fanel: Agentes de tr\u00e2nsito s\u00e3o capacitados<\/strong><\/a><br \/>\n<a href=\"https:\/\/jundiai.sp.gov.br\/noticias\/2014\/10\/asfalto-e-drenagem-chegam-a-regiao-do-corrupira\/\" target=\"_blank\">Asfalto e drenagem chegam \u00e0 regi\u00e3o do Corrupira<\/a><br \/>\n<a href=\"https:\/\/jundiai.sp.gov.br\/noticias\/2014\/10\/travessa-jussara-recebe-drenagem-e-asfalto\/\" target=\"_blank\">Travessa Jussara recebe drenagem e pavimenta\u00e7\u00e3o<\/a><\/strong><\/p>\n<div id=\"attachment_103006\" style=\"width: 610px\" class=\"wp-caption aligncenter\"><a href=\"https:\/\/jundiai.sp.gov.br\/noticias\/wp-content\/uploads\/sites\/32\/2014\/10\/Viaduto_Ponte_A_35g.jpg\"><img loading=\"lazy\" decoding=\"async\" aria-describedby=\"caption-attachment-103006\" class=\"size-large wp-image-103006\" alt=\"Prefeito anuncia entrega do t\u00fanel da Ponte S\u00e3o Jo\u00e3o\" src=\"https:\/\/jundiai.sp.gov.br\/noticias\/wp-content\/uploads\/sites\/32\/2014\/10\/Viaduto_Ponte_A_35g-1024x431.jpg\" width=\"600\" height=\"300\" \/><\/a><p id=\"caption-attachment-103006\" class=\"wp-caption-text\">Prefeito anuncia entrega do t\u00fanel da Ponte S\u00e3o Jo\u00e3o<\/p><\/div>\n<p>\u201cSem contar que <strong>\u00e9 uma antiga reivindica\u00e7\u00e3o dos moradores da regi\u00e3o, que sempre reclamaram do fluxo de ve\u00edculos no viaduto da Ponte S\u00e3o Jo\u00e3o<\/strong>. Esperamos oferecer uma melhor qualidade no tr\u00e2nsito para quem precisa fazer esse percurso\u201d, completa o prefeito.<\/p>\n<p>O t\u00fanel conta com uma <strong>al\u00e7a quem vem da regi\u00e3o da Vila Arens, pela Ferrovi\u00e1rios, para a avenida Ant\u00f4nio Frederico Ozanam<\/strong>; outra <strong>al\u00e7a para quem vem sentido Hortol\u00e2ndia-Ozanam<\/strong>; e uma <strong>terceira que faz a liga\u00e7\u00e3o Ozanam-Ferrovi\u00e1rios<\/strong>.<\/p>\n<p>Ainda de acordo com Bigardi, <strong>essa primeira fase \u00e9 de adapta\u00e7\u00e3o dos motoristas<\/strong>. \u201cToda mudan\u00e7a exige tempo e orienta\u00e7\u00e3o. Agentes de tr\u00e2nsito ser\u00e3o capacitados e ficar\u00e3o todo tempo no local para orientar os mun\u00edcipes\u201d.<\/p>\n<p><strong>Tr\u00e2nsito<\/strong><br \/>\n<strong>A Secretaria de Transportes finalizou sinaliza\u00e7\u00e3o horizontal, a instala\u00e7\u00e3o de sem\u00e1foros e coloca\u00e7\u00e3o de placas.<\/strong> Assim que a obra for inaugurada, a equipe de engenharia da pasta iniciar\u00e1 um estudo para avaliar o fluxo de ve\u00edculos e a adapta\u00e7\u00e3o dos motoristas ao t\u00fanel. Esse <strong>per\u00edodo de observa\u00e7\u00e3o dura de 4 a 6 meses<\/strong> e \u00e9 importante para que ajustes sejam realizados.<\/p>\n<p>Al\u00e9m disso, agentes de tr\u00e2nsito ser\u00e3o capacitados para realizar toda a orienta\u00e7\u00e3o necess\u00e1ria nos locais com tr\u00e2nsito alterado. Entre a sinaliza\u00e7\u00e3o <strong>foram implantadas 348 placas e 2,9 mil m\u00b2 de sinaliza\u00e7\u00e3o horizontal<\/strong>.<\/p>\n<p>De acordo com o Secret\u00e1rio de Transportes, Wilson Folgozi, <strong>a obra possibilita muitas vantagens aos motoristas<\/strong>. \u201cOs principais benef\u00edcios s\u00e3o: a <strong>nova liga\u00e7\u00e3o<\/strong> que a cidade ganha sentido centro-Ponte S\u00e3o Jo\u00e3o; a <strong>melhor distribui\u00e7\u00e3o do fluxo de ve\u00edculos<\/strong> no eixo da avenida S\u00e3o Jo\u00e3o, viaduto S\u00e3o Jo\u00e3o e avenida Torres Neves; e o <strong>aumento da capacidade vi\u00e1ria<\/strong> da avenida S\u00e3o Jo\u00e3o e avenida Torres Neves\u201d.<\/p>\n<p>Al\u00e9m dessas vantagens, a passagem tem como objetivo <strong>eliminar maiores pontos de tr\u00e2nsito na cidade<\/strong>. Dessa forma, ser\u00e1 liberada da conversa\u00e7\u00e3o \u00e0 esquerda na Ant\u00f4nio Frederico Ozanam, na altura da ponte sobre o Rio Jundia\u00ed, sentido V\u00e1rzea Paulista e liberada a convers\u00e3o \u00e0 esquerda da rua Dr. Torres Neves para a rua Prudente de Moraes.<\/p>\n<p>Para equilibrar o sistema vi\u00e1rio da regi\u00e3o, <strong>algumas altera\u00e7\u00f5es no tr\u00e2nsito ser\u00e3o necess\u00e1rias<\/strong>:<br \/>\n<em>&#8211; Convers\u00e3o liberada \u00e0 esquerda da avenida S\u00e3o Jo\u00e3o (ponte sobre o rio Jundia\u00ed) para a avenida Ant\u00f4nio Frederico Ozanam, sentido V\u00e1rzea Paulista;<br \/>\n&#8211; Na Vila de Vito, a avenida S\u00e3o Jo\u00e3o (lateral do viaduto) ter\u00e1 sentido \u00fanico de circula\u00e7\u00e3o, da avenida Ant\u00f4nio Frederico Ozanam para a rua Ant\u00f4nio Prado Junior;<br \/>\n&#8211; A rua Ant\u00f4nio Prado Junior passar\u00e1 ter sentido \u00fanico de circula\u00e7\u00e3o da avenida S\u00e3o Jo\u00e3o para a rua Venuto Romancini;<br \/>\n&#8211; A rua Armando Carvalho Fernandes Junior ter\u00e1 sentido \u00fanico de circula\u00e7\u00e3o da rua Ant\u00f4nio Prado Junior para a avenida Ant\u00f4nio Frederico Ozanam. <\/em><\/p>\n<div id=\"attachment_103008\" style=\"width: 610px\" class=\"wp-caption aligncenter\"><a href=\"https:\/\/jundiai.sp.gov.br\/noticias\/wp-content\/uploads\/sites\/32\/2014\/10\/CDA8078g.jpg\"><img loading=\"lazy\" decoding=\"async\" aria-describedby=\"caption-attachment-103008\" class=\"size-large wp-image-103008\" alt=\"Passagem possibilita maior distribui\u00e7\u00e3o do fluxo de ve\u00edculos\" src=\"https:\/\/jundiai.sp.gov.br\/noticias\/wp-content\/uploads\/sites\/32\/2014\/10\/CDA8078g-1024x659.jpg\" width=\"600\" height=\"450\" \/><\/a><p id=\"caption-attachment-103008\" class=\"wp-caption-text\">Passagem possibilita maior distribui\u00e7\u00e3o do fluxo de ve\u00edculos<\/p><\/div>\n<p><strong>Linhas<\/strong><br \/>\n<strong>Para melhor atender os mun\u00edcipes, as linhas do transporte p\u00fablico ser\u00e3o reorganizadas e ampliadas.<\/strong> As linhas <strong>512<\/strong>, <strong>513<\/strong>, <strong>514<\/strong> e <strong>917<\/strong> far\u00e3o o contorno de quadra para acessar o t\u00fanel. O local de embarque ser\u00e1 feito mais pr\u00f3ximo ao Terminal Central (pr\u00f3ximo ao Bom Prato).<\/p>\n<p><strong>A obra<\/strong><br \/>\nDe acordo com o secret\u00e1rio de Obras, Alan Piccolo, <strong>a obra estava or\u00e7ada em R$ 46 milh\u00f5es pela antiga administra\u00e7\u00e3o. Por\u00e9m, o atual governo Pedro Bigardi usou R$ 42 milh\u00f5es para conclu\u00ed-la e o restante retorna aos cofres p\u00fablicos para outros investimentos. Ele destaca ainda que a Prefeitura pretende realizar reforma e pintura no Viaduto S\u00e3o Jo\u00e3o Batista, por\u00e9m, o servi\u00e7o s\u00f3 ser\u00e1 poss\u00edvel com autoriza\u00e7\u00e3o do <a href=\"http:\/\/portal.iphan.gov.br\/portal\/montarPaginaInicial.do;jsessionid=7B7A5F70B6BD63A3757E179D0E192937\" target=\"_blank\">Instituto do Patrim\u00f4nio Hist\u00f3rico e Art\u00edstico Nacional (Iphan)<\/a>, j\u00e1 que o local \u00e9 tombado<\/strong>.<\/p>\n<p>O t\u00fanel, que tem <strong>110 metros e uma \u00e1rea pavimentada de 16 mil m\u00b2<\/strong>, j\u00e1 recebeu <strong>ilumina\u00e7\u00e3o em LED<\/strong> e passa pelo trabalho de instala\u00e7\u00f5es el\u00e9trica e hidr\u00e1ulica. Al\u00e9m disso, <strong>a drenagem j\u00e1 foi preparada para receber grande volume de chuvas. S\u00e3o quatro bombas, em um reservat\u00f3rio com capacidade para 300 mil metros c\u00fabicos para a \u00e1gua, que ser\u00e1 bombeada para o Rio Jundia\u00ed<\/strong>.<\/p>\n<p>Na parte superior da passagem, onde h\u00e1 gramado, ser\u00e1 feita uma <strong>\u00e1rea de conviv\u00eancia para a popula\u00e7\u00e3o<\/strong>. Al\u00e9m disso, <strong>toda a cal\u00e7ada do lado externo est\u00e1 sendo preparada com acessibilidade<\/strong>. O t\u00fanel tamb\u00e9m conta com <strong>\u00e1rea para passagem de pedestres<\/strong>.<\/p>\n<p><strong><em>Luiza Ronchi<br \/>\nFotos: Alessandro Rosman e Cleber de Almeida<\/em><\/strong><\/p>\n<p><strong>Acompanhe a reportagem da TVE Jundia\u00ed<\/strong><\/p>\n","protected":false},"excerpt":{"rendered":"<p>Entrega oficial ser\u00e1 realizada no s\u00e1bado (25), \u00e0s 10h, e circula\u00e7\u00e3o de autom\u00f3veis ser\u00e1 a partir da meia-noite<\/p>\n","protected":false},"author":14,"featured_media":103108,"comment_status":"closed","ping_status":"closed","sticky":false,"template":"","format":"standard","meta":{"footnotes":""},"categories":[2],"tags":[358,338],"ods":[],"class_list":["post-103005","post","type-post","status-publish","format-standard","has-post-thumbnail","hentry","category-noticias","tag-complexo-viario-leta-e-oswaldo-barbaro","tag-transportes"],"_links":{"self":[{"href":"https:\/\/jundiai.sp.gov.br\/noticias\/wp-json\/wp\/v2\/posts\/103005","targetHints":{"allow":["GET"]}}],"collection":[{"href":"https:\/\/jundiai.sp.gov.br\/noticias\/wp-json\/wp\/v2\/posts"}],"about":[{"href":"https:\/\/jundiai.sp.gov.br\/noticias\/wp-json\/wp\/v2\/types\/post"}],"author":[{"embeddable":true,"href":"https:\/\/jundiai.sp.gov.br\/noticias\/wp-json\/wp\/v2\/users\/14"}],"replies":[{"embeddable":true,"href":"https:\/\/jundiai.sp.gov.br\/noticias\/wp-json\/wp\/v2\/comments?post=103005"}],"version-history":[{"count":1,"href":"https:\/\/jundiai.sp.gov.br\/noticias\/wp-json\/wp\/v2\/posts\/103005\/revisions"}],"predecessor-version":[{"id":146491,"href":"https:\/\/jundiai.sp.gov.br\/noticias\/wp-json\/wp\/v2\/posts\/103005\/revisions\/146491"}],"wp:featuredmedia":[{"embeddable":true,"href":"https:\/\/jundiai.sp.gov.br\/noticias\/wp-json\/"}],"wp:attachment":[{"href":"https:\/\/jundiai.sp.gov.br\/noticias\/wp-json\/wp\/v2\/media?parent=103005"}],"wp:term":[{"taxonomy":"category","embeddable":true,"href":"https:\/\/jundiai.sp.gov.br\/noticias\/wp-json\/wp\/v2\/categories?post=103005"},{"taxonomy":"post_tag","embeddable":true,"href":"https:\/\/jundiai.sp.gov.br\/noticias\/wp-json\/wp\/v2\/tags?post=103005"},{"taxonomy":"ods","embeddable":true,"href":"https:\/\/jundiai.sp.gov.br\/noticias\/wp-json\/wp\/v2\/ods?post=103005"}],"curies":[{"name":"wp","href":"https:\/\/api.w.org\/{rel}","templated":true}]}}