{"id":103014,"date":"2014-10-15T15:42:44","date_gmt":"2014-10-15T18:42:44","guid":{"rendered":"https:\/\/jundiai.sp.gov.br\/noticias\/?p=103014"},"modified":"2016-11-04T11:12:26","modified_gmt":"2016-11-04T13:12:26","slug":"funcionarios-da-vigilancia-em-saude-participam-de-capacitacao","status":"publish","type":"post","link":"https:\/\/jundiai.sp.gov.br\/noticias\/2014\/10\/15\/funcionarios-da-vigilancia-em-saude-participam-de-capacitacao\/","title":{"rendered":"Funcion\u00e1rios da Vigil\u00e2ncia em Sa\u00fade participam de capacita\u00e7\u00e3o"},"content":{"rendered":"<p><strong>Cerca de 50 funcion\u00e1rios da Diretoria de Vigil\u00e2ncia em Sa\u00fade, da Secretaria Municipal de Sa\u00fade, iniciaram nesta quarta-feira (15) um curso de capacita\u00e7\u00e3o sobre manual de processo administrativo sanit\u00e1rio. O curso segue at\u00e9 sexta-feira (17), no audit\u00f3rio do Parque da Cidade, e \u00e9 ministrado por uma equipe da Divis\u00e3o de Vigil\u00e2ncia Sanit\u00e1ria da <a href=\"http:\/\/www.saude.rs.gov.br\/\" target=\"_blank\">Secretaria Estadual de Sa\u00fade do Rio Grande do Sul<\/a>.<\/strong><\/p>\n<p>O gerente da Vigil\u00e2ncia Sanit\u00e1ria em Produtos de Jundia\u00ed, Alexandre Rafael Gatti Santiago, organizador do evento, explica que <strong>o objetivo \u00e9 capacitar e atualizar os funcion\u00e1rios sobre os processos administrativos sanit\u00e1rios<\/strong>. \u201cTodas as a\u00e7\u00f5es da vigil\u00e2ncia s\u00e3o norteadas por processos administrativos. Se n\u00e3o houver uma constru\u00e7\u00e3o adequada desses processos, as a\u00e7\u00f5es podem perder seu valor legal. Q<strong>uanto mais capacitado for o profissional, melhor ser\u00e1 o resultado<\/strong>\u201d, destaca.<\/p>\n<p><strong>LEIA TAMB\u00c9M<br \/>\n<a href=\"https:\/\/jundiai.sp.gov.br\/noticias\/2014\/10\/prefeitura-de-jundiai-abre-inscricoes-para-contratar-mais-medicos\/\" target=\"_blank\">Prefeitura abre inscri\u00e7\u00f5es para contratar m\u00e9dicos<\/a><br \/>\n<a href=\"https:\/\/jundiai.sp.gov.br\/noticias\/2014\/10\/cardiologia-do-sao-vicente-tem-indice-de-mortalidade-inferior-a-media-nacional\/\" target=\"_blank\">Cardiologia tem mortalidade inferior \u00e0 m\u00e9dia nacional<\/a><br \/>\n<a href=\"https:\/\/jundiai.sp.gov.br\/noticias\/2014\/10\/secretaria-de-saude-inicia-a-primeira-horta-educativa\/\" target=\"_blank\">Secretaria de Sa\u00fade inicia a primeira horta educativa<\/a><\/strong><\/p>\n<div id=\"attachment_103015\" style=\"width: 610px\" class=\"wp-caption aligncenter\"><a href=\"https:\/\/jundiai.sp.gov.br\/noticias\/wp-content\/uploads\/sites\/32\/2014\/10\/vigilancia_sanitaria_D13g.jpg\"><img loading=\"lazy\" decoding=\"async\" aria-describedby=\"caption-attachment-103015\" src=\"https:\/\/jundiai.sp.gov.br\/noticias\/wp-content\/uploads\/sites\/32\/2014\/10\/vigilancia_sanitaria_D13g-1024x761.jpg\" alt=\"Cl\u00e1udia, Susete, Dora e Bruno: equipe da Vigil\u00e2ncia ga\u00facha\" width=\"600\" height=\"450\" class=\"size-large wp-image-103015\" \/><\/a><p id=\"caption-attachment-103015\" class=\"wp-caption-text\">Cl\u00e1udia, Susete, Dora e Bruno: equipe da Vigil\u00e2ncia ga\u00facha<\/p><\/div>\n<p>A base do curso de capacita\u00e7\u00e3o \u00e9 o <strong>Manual de Processo Administrativo Sanit\u00e1rio<\/strong> desenvolvido pela Vigil\u00e2ncia ga\u00facha. \u201cFoi um trabalho pioneiro no Pa\u00eds. Desenvolvemos esse manual em 2003 e a partir da\u00ed come\u00e7amos as capacita\u00e7\u00f5es no Rio Grande do Sul. J\u00e1 capacitamos todos os fiscais do Estado e agora estamos capacitando os dos munic\u00edpios\u201d, disse a assessora jur\u00eddica da Vigil\u00e2ncia Sanit\u00e1ria do Rio Grande do Sul, Dora Val\u00e9ria Bocchi Barlem, uma das palestrantes do curso.<\/p>\n<p>Neste primeiro dia, foram abordados temas como <strong>aplica\u00e7\u00e3o das normas jur\u00eddicas, administra\u00e7\u00e3o p\u00fablica e vigil\u00e2ncia sanit\u00e1ria e postura profissional na vigil\u00e2ncia sanit\u00e1ria. Ser\u00e3o abordados ainda os temas rito sumar\u00edssimo e rito da an\u00e1lise fiscal e realizadas oficinas<\/strong>.<\/p>\n<p>Al\u00e9m de Dora, o curso contou com palestras de Bruno Naundorf, Cl\u00e1udia Britto Pilau e Susete Lobo Saar de Almeida.<\/p>\n<div id=\"attachment_103017\" style=\"width: 610px\" class=\"wp-caption aligncenter\"><a href=\"https:\/\/jundiai.sp.gov.br\/noticias\/wp-content\/uploads\/sites\/32\/2014\/10\/vigilancia_sanitaria_D21g.jpg\"><img loading=\"lazy\" decoding=\"async\" aria-describedby=\"caption-attachment-103017\" src=\"https:\/\/jundiai.sp.gov.br\/noticias\/wp-content\/uploads\/sites\/32\/2014\/10\/vigilancia_sanitaria_D21g-1024x660.jpg\" alt=\"Cerca de 50 profissionais participam da capacita\u00e7\u00e3o\" width=\"600\" height=\"450\" class=\"size-large wp-image-103017\" \/><\/a><p id=\"caption-attachment-103017\" class=\"wp-caption-text\">Cerca de 50 profissionais participam da capacita\u00e7\u00e3o<\/p><\/div>\n<p><strong><em>Niza Souza<br \/>\nFotos: Dorival Pinheiro Filho<\/em><\/strong><\/p>\n","protected":false},"excerpt":{"rendered":"<p>Curso de capacita\u00e7\u00e3o sobre manual de processo administrativo sanit\u00e1rio aos agentes vai at\u00e9 sexta-feira (17)<\/p>\n","protected":false},"author":14,"featured_media":103020,"comment_status":"closed","ping_status":"closed","sticky":false,"template":"","format":"standard","meta":{"footnotes":""},"categories":[2],"tags":[3],"ods":[],"class_list":["post-103014","post","type-post","status-publish","format-standard","has-post-thumbnail","hentry","category-noticias","tag-saude"],"_links":{"self":[{"href":"https:\/\/jundiai.sp.gov.br\/noticias\/wp-json\/wp\/v2\/posts\/103014","targetHints":{"allow":["GET"]}}],"collection":[{"href":"https:\/\/jundiai.sp.gov.br\/noticias\/wp-json\/wp\/v2\/posts"}],"about":[{"href":"https:\/\/jundiai.sp.gov.br\/noticias\/wp-json\/wp\/v2\/types\/post"}],"author":[{"embeddable":true,"href":"https:\/\/jundiai.sp.gov.br\/noticias\/wp-json\/wp\/v2\/users\/14"}],"replies":[{"embeddable":true,"href":"https:\/\/jundiai.sp.gov.br\/noticias\/wp-json\/wp\/v2\/comments?post=103014"}],"version-history":[{"count":1,"href":"https:\/\/jundiai.sp.gov.br\/noticias\/wp-json\/wp\/v2\/posts\/103014\/revisions"}],"predecessor-version":[{"id":182387,"href":"https:\/\/jundiai.sp.gov.br\/noticias\/wp-json\/wp\/v2\/posts\/103014\/revisions\/182387"}],"wp:featuredmedia":[{"embeddable":true,"href":"https:\/\/jundiai.sp.gov.br\/noticias\/wp-json\/"}],"wp:attachment":[{"href":"https:\/\/jundiai.sp.gov.br\/noticias\/wp-json\/wp\/v2\/media?parent=103014"}],"wp:term":[{"taxonomy":"category","embeddable":true,"href":"https:\/\/jundiai.sp.gov.br\/noticias\/wp-json\/wp\/v2\/categories?post=103014"},{"taxonomy":"post_tag","embeddable":true,"href":"https:\/\/jundiai.sp.gov.br\/noticias\/wp-json\/wp\/v2\/tags?post=103014"},{"taxonomy":"ods","embeddable":true,"href":"https:\/\/jundiai.sp.gov.br\/noticias\/wp-json\/wp\/v2\/ods?post=103014"}],"curies":[{"name":"wp","href":"https:\/\/api.w.org\/{rel}","templated":true}]}}