{"id":103066,"date":"2014-10-15T17:48:42","date_gmt":"2014-10-15T20:48:42","guid":{"rendered":"https:\/\/jundiai.sp.gov.br\/noticias\/?p=103066"},"modified":"2016-11-04T11:12:26","modified_gmt":"2016-11-04T13:12:26","slug":"outubro-rosa-ubs-tulipas-promove-manha-de-atividades","status":"publish","type":"post","link":"https:\/\/jundiai.sp.gov.br\/noticias\/2014\/10\/15\/outubro-rosa-ubs-tulipas-promove-manha-de-atividades\/","title":{"rendered":"Outubro Rosa: UBS Tulipas promove manh\u00e3 de atividades"},"content":{"rendered":"<p><strong>Cerca de 100 mulheres, pacientes da UBS Tulipas, participaram na manh\u00e3 desta quarta-feira (15) de uma manh\u00e3 de atividades, organizada pela unidade de sa\u00fade no Parque Bot\u00e2nico Jardim das Tulipas. O evento faz parte da programa\u00e7\u00e3o do Outubro Rosa, campanha de preven\u00e7\u00e3o do c\u00e2ncer de mama.<\/strong><\/p>\n<p>As atividades come\u00e7aram cedo, com um <strong>aquecimento de lian gong<\/strong>. Em seguida, o grupo participou da <strong>corrida do batom<\/strong> e de uma <strong>aula especial de Zumba<\/strong>, com a professora Maze. Um grupo de <strong>profissionais do cabeleireiro Paulo Freitas tamb\u00e9m participou da a\u00e7\u00e3o, fazendo corte de cabelo e sobrancelhas<\/strong>.<\/p>\n<p><strong><a href=\"https:\/\/jundiai.sp.gov.br\/noticias\/outubro-rosa\/\" target=\"_blank\">CONFIRA A PROGRAMA\u00c7\u00c3O COMPLETA DO OUTUBRO ROSA 2014<\/a><\/strong><\/p>\n<p><strong>LEIA MAIS<br \/>\n<a href=\"https:\/\/jundiai.sp.gov.br\/noticias\/2014\/10\/prefeitura-de-jundiai-abre-inscricoes-para-contratar-mais-medicos\/\" target=\"_blank\">Prefeitura abre inscri\u00e7\u00f5es para contratar m\u00e9dicos<\/a><\/strong><br \/>\n<strong> <a href=\"https:\/\/jundiai.sp.gov.br\/noticias\/2014\/10\/secretaria-de-saude-inicia-a-primeira-horta-educativa\/\" target=\"_blank\">Secretaria de Sa\u00fade inicia a primeira horta educativa<\/a><\/strong><br \/>\n<strong> <a href=\"https:\/\/jundiai.sp.gov.br\/noticias\/2014\/10\/funcionarios-da-vigilancia-em-saude-participam-de-capacitacao\/\" target=\"_blank\">Funcion\u00e1rios da Vigil\u00e2ncia em Sa\u00fade participam de capacita\u00e7\u00e3o<\/a><\/strong><br \/>\n<strong> <a href=\"https:\/\/jundiai.sp.gov.br\/noticias\/2014\/10\/outubro-rosa-ubs-rui-barbosa-promove-atividades-no-parque-da-cidade\/\" target=\"_blank\">Outubro Rosa: UBS Rui Barbosa promove atividades no Parque da Cidade<\/a><\/strong><\/p>\n<div id=\"attachment_103067\" style=\"width: 610px\" class=\"wp-caption aligncenter\"><a href=\"https:\/\/jundiai.sp.gov.br\/noticias\/wp-content\/uploads\/sites\/32\/2014\/10\/outubro_rosa_pq_tulipa_D4g.jpg\"><img loading=\"lazy\" decoding=\"async\" aria-describedby=\"caption-attachment-103067\" class=\"size-large wp-image-103067\" alt=\"Equipe da unidade de sa\u00fade programou diversas atividades\" src=\"https:\/\/jundiai.sp.gov.br\/noticias\/wp-content\/uploads\/sites\/32\/2014\/10\/outubro_rosa_pq_tulipa_D4g-1024x753.jpg\" width=\"600\" height=\"450\" \/><\/a><p id=\"caption-attachment-103067\" class=\"wp-caption-text\">Equipe da unidade de sa\u00fade programou diversas atividades<\/p><\/div>\n<p>A enfermeira Roseli Souza Leal, que organiza as atividades ao lado das agentes comunit\u00e1rias, diz ainda que <strong>durante todo o m\u00eas de outubro a unidade de sa\u00fade realiza um mutir\u00e3o de mamografia<\/strong>. \u201cAl\u00e9m de fazer os pedidos durante esses eventos, <strong>tamb\u00e9m estamos fazendo uma busca ativa, indo \u00e0 casa das pacientes<\/strong> e levando os pedidos e o agendamento do exame&#8221;.<\/p>\n<p>Vale destacar que <strong>o diagn\u00f3stico precoce aumenta muito as chances de cura do c\u00e2ncer de mama. Todas as mulheres com mais de 40 anos ou com hist\u00f3rico familiar da doen\u00e7a devem fazer a mamografia anualmente<\/strong>.<\/p>\n<p>A programa\u00e7\u00e3o do Outubro Rosa na UBS Tulipas continua nesta <strong>sexta-feira (17)<\/strong>, com <strong>caminhada contra o c\u00e2ncer de mama<\/strong>. A concentra\u00e7\u00e3o est\u00e1 marcada para as <strong>8h30<\/strong>, em frente \u00e0 Igreja Cat\u00f3lica.<\/p>\n<div id=\"attachment_103068\" style=\"width: 1034px\" class=\"wp-caption aligncenter\"><a href=\"https:\/\/jundiai.sp.gov.br\/noticias\/wp-content\/uploads\/sites\/32\/2014\/10\/outubro_rosa_pq_tulipa_D11g.jpg\"><img loading=\"lazy\" decoding=\"async\" aria-describedby=\"caption-attachment-103068\" class=\"size-large wp-image-103068\" alt=\"Corte de cabelo agradou participantes\" src=\"https:\/\/jundiai.sp.gov.br\/noticias\/wp-content\/uploads\/sites\/32\/2014\/10\/outubro_rosa_pq_tulipa_D11g-1024x755.jpg\" width=\"1024\" height=\"755\" \/><\/a><p id=\"caption-attachment-103068\" class=\"wp-caption-text\">Corte de cabelo agradou participantes<\/p><\/div>\n<p><strong><em>Niza Souza<br \/>\nFotos: Dorival Pinheiro Filho<\/em><\/strong><\/p>\n","protected":false},"excerpt":{"rendered":"<p>MAIS OUTUBRO ROSA: UBS Rui Barbosa promove atividades f\u00edsicas, dan\u00e7a e piquenique no Parque da Cidade<\/p>\n","protected":false},"author":14,"featured_media":102292,"comment_status":"closed","ping_status":"closed","sticky":false,"template":"","format":"standard","meta":{"footnotes":""},"categories":[2],"tags":[319,349,3],"ods":[],"class_list":["post-103066","post","type-post","status-publish","format-standard","has-post-thumbnail","hentry","category-noticias","tag-outubro-rosa","tag-outubro-rosa-2014","tag-saude"],"_links":{"self":[{"href":"https:\/\/jundiai.sp.gov.br\/noticias\/wp-json\/wp\/v2\/posts\/103066","targetHints":{"allow":["GET"]}}],"collection":[{"href":"https:\/\/jundiai.sp.gov.br\/noticias\/wp-json\/wp\/v2\/posts"}],"about":[{"href":"https:\/\/jundiai.sp.gov.br\/noticias\/wp-json\/wp\/v2\/types\/post"}],"author":[{"embeddable":true,"href":"https:\/\/jundiai.sp.gov.br\/noticias\/wp-json\/wp\/v2\/users\/14"}],"replies":[{"embeddable":true,"href":"https:\/\/jundiai.sp.gov.br\/noticias\/wp-json\/wp\/v2\/comments?post=103066"}],"version-history":[{"count":1,"href":"https:\/\/jundiai.sp.gov.br\/noticias\/wp-json\/wp\/v2\/posts\/103066\/revisions"}],"predecessor-version":[{"id":182386,"href":"https:\/\/jundiai.sp.gov.br\/noticias\/wp-json\/wp\/v2\/posts\/103066\/revisions\/182386"}],"wp:featuredmedia":[{"embeddable":true,"href":"https:\/\/jundiai.sp.gov.br\/noticias\/wp-json\/"}],"wp:attachment":[{"href":"https:\/\/jundiai.sp.gov.br\/noticias\/wp-json\/wp\/v2\/media?parent=103066"}],"wp:term":[{"taxonomy":"category","embeddable":true,"href":"https:\/\/jundiai.sp.gov.br\/noticias\/wp-json\/wp\/v2\/categories?post=103066"},{"taxonomy":"post_tag","embeddable":true,"href":"https:\/\/jundiai.sp.gov.br\/noticias\/wp-json\/wp\/v2\/tags?post=103066"},{"taxonomy":"ods","embeddable":true,"href":"https:\/\/jundiai.sp.gov.br\/noticias\/wp-json\/wp\/v2\/ods?post=103066"}],"curies":[{"name":"wp","href":"https:\/\/api.w.org\/{rel}","templated":true}]}}