{"id":103109,"date":"2014-10-15T18:57:32","date_gmt":"2014-10-15T21:57:32","guid":{"rendered":"https:\/\/jundiai.sp.gov.br\/noticias\/?p=103109"},"modified":"2016-11-04T11:12:26","modified_gmt":"2016-11-04T13:12:26","slug":"outubro-rosa-ubs-rui-barbosa-promove-atividades-no-parque-da-cidade","status":"publish","type":"post","link":"https:\/\/jundiai.sp.gov.br\/noticias\/2014\/10\/15\/outubro-rosa-ubs-rui-barbosa-promove-atividades-no-parque-da-cidade\/","title":{"rendered":"Outubro Rosa: UBS Rui Barbosa promove atividades no Parque da Cidade"},"content":{"rendered":"<p><strong>A equipe da unidade de sa\u00fade b\u00e1sica Rui Barbosa promoveu uma tarde diferente para as pacientes. Cerca de 30 mulheres participaram do passeio no Parque da Cidade. A atividade faz parte da programa\u00e7\u00e3o do <a href=\"https:\/\/jundiai.sp.gov.br\/noticias\/outubro-rosa\/\" target=\"_blank\">Outubro Rosa<\/a>, campanha de preven\u00e7\u00e3o do c\u00e2ncer de mama.<\/strong><\/p>\n<p><div style=\"width: 320px\" class=\"wp-caption alignleft\"><a href=\"https:\/\/jundiai.sp.gov.br\/noticias\/wp-content\/uploads\/sites\/32\/2014\/10\/rui_barbosa_g.jpg\"><img loading=\"lazy\" decoding=\"async\" src=\"https:\/\/jundiai.sp.gov.br\/noticias\/wp-content\/uploads\/sites\/32\/2014\/10\/rui_barbosa_g.jpg\" width=\"310\" height=\"370\" class \/><\/a><p class=\"wp-caption-text\">Grupo participou de diversas atividades f\u00edsicas<\/p><\/div>O grupo fez uma caminhada pelo parque, participou de atividades f\u00edsicas, dan\u00e7a e alongamento. Depois, todas as participantes fizeram um piquenique.<\/p>\n<p><strong>LEIA TAMB\u00c9M<br \/>\n<a href=\"https:\/\/jundiai.sp.gov.br\/noticias\/2014\/10\/outubro-rosa-ubs-tulipas-promove-manha-de-atividades\/\" target=\"_blank\">Outubro Rosa: UBS Tulipas promove manh\u00e3 de atividades<\/a><\/strong><\/p>\n<p>Ainda dentro da programa\u00e7\u00e3o do Outubro Rosa, a UBS Rui Barbosa promover\u00e1 no dia 21, \u00e0s 14h, uma roda de conversa com o ginecologista Jo\u00e3o. E, no dia 30, tamb\u00e9m \u00e0s 14h, uma nova roda de conversa com o relato de uma mulher que venceu o c\u00e2ncer de mama.<\/p>\n<p><em><strong>Niza Souza<br \/>\nFoto: Divulga\u00e7\u00e3o <\/strong><\/em><\/p>\n","protected":false},"excerpt":{"rendered":"<p>A equipe da unidade de sa\u00fade b\u00e1sica Rui Barbosa promoveu uma tarde diferente para as pacientes. Cerca de 30 mulheres participaram do passeio no Parque da Cidade. A atividade faz parte da programa\u00e7\u00e3o do Outubro Rosa, campanha de preven\u00e7\u00e3o do c\u00e2ncer de mama. O grupo fez uma caminhada pelo parque, participou de atividades f\u00edsicas, dan\u00e7a [&hellip;]<\/p>\n","protected":false},"author":10,"featured_media":0,"comment_status":"closed","ping_status":"closed","sticky":false,"template":"","format":"standard","meta":{"footnotes":""},"categories":[2],"tags":[3],"ods":[],"class_list":["post-103109","post","type-post","status-publish","format-standard","hentry","category-noticias","tag-saude"],"_links":{"self":[{"href":"https:\/\/jundiai.sp.gov.br\/noticias\/wp-json\/wp\/v2\/posts\/103109","targetHints":{"allow":["GET"]}}],"collection":[{"href":"https:\/\/jundiai.sp.gov.br\/noticias\/wp-json\/wp\/v2\/posts"}],"about":[{"href":"https:\/\/jundiai.sp.gov.br\/noticias\/wp-json\/wp\/v2\/types\/post"}],"author":[{"embeddable":true,"href":"https:\/\/jundiai.sp.gov.br\/noticias\/wp-json\/wp\/v2\/users\/10"}],"replies":[{"embeddable":true,"href":"https:\/\/jundiai.sp.gov.br\/noticias\/wp-json\/wp\/v2\/comments?post=103109"}],"version-history":[{"count":1,"href":"https:\/\/jundiai.sp.gov.br\/noticias\/wp-json\/wp\/v2\/posts\/103109\/revisions"}],"predecessor-version":[{"id":182384,"href":"https:\/\/jundiai.sp.gov.br\/noticias\/wp-json\/wp\/v2\/posts\/103109\/revisions\/182384"}],"wp:attachment":[{"href":"https:\/\/jundiai.sp.gov.br\/noticias\/wp-json\/wp\/v2\/media?parent=103109"}],"wp:term":[{"taxonomy":"category","embeddable":true,"href":"https:\/\/jundiai.sp.gov.br\/noticias\/wp-json\/wp\/v2\/categories?post=103109"},{"taxonomy":"post_tag","embeddable":true,"href":"https:\/\/jundiai.sp.gov.br\/noticias\/wp-json\/wp\/v2\/tags?post=103109"},{"taxonomy":"ods","embeddable":true,"href":"https:\/\/jundiai.sp.gov.br\/noticias\/wp-json\/wp\/v2\/ods?post=103109"}],"curies":[{"name":"wp","href":"https:\/\/api.w.org\/{rel}","templated":true}]}}