{"id":103547,"date":"2014-10-19T19:52:36","date_gmt":"2014-10-19T21:52:36","guid":{"rendered":"https:\/\/jundiai.sp.gov.br\/noticias\/?p=103547"},"modified":"2016-11-04T11:12:29","modified_gmt":"2016-11-04T13:12:29","slug":"prefeito-faz-sobrevoo-e-define-mais-acoes-para-protecao-da-serra","status":"publish","type":"post","link":"https:\/\/jundiai.sp.gov.br\/noticias\/2014\/10\/19\/prefeito-faz-sobrevoo-e-define-mais-acoes-para-protecao-da-serra\/","title":{"rendered":"Prefeito faz sobrevoo e define mais a\u00e7\u00f5es para prote\u00e7\u00e3o da Serra"},"content":{"rendered":"<p><strong>O prefeito Pedro Bigardi realizou um sobrevoo pela Serra do Japi neste domingo (19). O objetivo foi afinar mais a\u00e7\u00f5es necess\u00e1rias para conter os danos causados pela onda de inc\u00eandios de outubro. A an\u00e1lise principal \u00e9 de que o estado de alerta continua exigindo a\u00e7\u00f5es como o monitoramento permanente, al\u00e9m da integra\u00e7\u00e3o da Guarda Municipal, Corpo de Bombeiros e Defesa Civil.<\/strong><\/p>\n<p>\u201c<strong>Pudemos ver que a principal unidade de conserva\u00e7\u00e3o, a Rebio (Reserva Biol\u00f3gica Municipal) est\u00e1 intacta assim como a maior parte da \u00e1rea tombada. Mas h\u00e1 estragos no restante da Serra do Japi, principalmente em Cabre\u00fava, Cajamar e Pirapora<\/strong>\u201d, afirmou Pedro Bigardi, no retorno da a\u00e7\u00e3o.<\/p>\n<p><strong>LEIA TAMB\u00c9M<br \/>\n<a href=\"https:\/\/jundiai.sp.gov.br\/noticias\/2014\/10\/jundiai-combate-tempestade-de-fogo-na-serra\/\" target=\"_blank\"><strong>Jundia\u00ed combate \u2018tempestade de fogo\u2019 na Serra<\/strong><\/a><br \/>\n<a href=\"https:\/\/jundiai.sp.gov.br\/noticias\/2014\/10\/prefeitura-envolve-empresas-e-moradores-pela-serra\/\" target=\"_blank\">Prefeitura envolve empresas e moradores pela Serra<\/strong><\/a><br \/>\n<a href=\"https:\/\/jundiai.sp.gov.br\/noticias\/2014\/10\/cuidar-da-natureza-e-o-foco-principal-em-casos-de-fogo-na-serra\/\" target=\"_blank\"><strong>Cuidar da natureza \u00e9 o foco principal em casos de fogo na Serra<\/strong><\/a><\/p>\n<div style=\"width: 610px\" class=\"wp-caption aligncenter\"><a href=\"https:\/\/jundiai.sp.gov.br\/noticias\/wp-content\/uploads\/sites\/32\/2014\/10\/image_3G.jpg\"><img loading=\"lazy\" decoding=\"async\" src=\"https:\/\/jundiai.sp.gov.br\/noticias\/wp-content\/uploads\/sites\/32\/2014\/10\/image_3G.jpg\" width=\"600\" height=\"450\" class \/><\/a><p class=\"wp-caption-text\">Pedro Bigardi durante voo: alerta para evitar danos \u00e0 reserva<\/p><\/div>\n<p>Entre as medidas emergenciais, <strong>o prefeito determinou apoio imediato ao trabalho de resgate de animais silvestres da ONG Mata Ciliar (que est\u00e1 com a renova\u00e7\u00e3o de conv\u00eanio j\u00e1 em tramita\u00e7\u00e3o), a continuidade das a\u00e7\u00f5es de monitoramento na serra pela Divis\u00e3o Florestal da Guarda Municipal e a continuidade da organiza\u00e7\u00e3o de apoios volunt\u00e1rios da sociedade e da iniciativa privada pela Defesa Civil<\/strong>.<\/p>\n<p>Participaram da vistoria a\u00e9rea o comandante da Guarda, Jos\u00e9 Roberto Ferraz, o secret\u00e1rio da Casa Civil, Jos\u00e9 Carlos Pires, e o coordenador adjunto da Defesa Civil, Fernando S\u00e1lvia.<\/p>\n<p><div style=\"width: 340px\" class=\"wp-caption alignleft\"><a href=\"https:\/\/jundiai.sp.gov.br\/noticias\/wp-content\/uploads\/sites\/32\/2014\/10\/image_5G.jpg\"><img loading=\"lazy\" decoding=\"async\" src=\"https:\/\/jundiai.sp.gov.br\/noticias\/wp-content\/uploads\/sites\/32\/2014\/10\/image_5G.jpg\" width=\"330\" height=\"380\" class \/><\/a><p class=\"wp-caption-text\">Fuma\u00e7a em foco na \u00e1rea pertencente a Cabre\u00fava<\/p><\/div>De acordo com o prefeito, os contatos est\u00e3o sendo feitos com os prefeitos de Cabre\u00fava, Cajamar e Pirapora para reestruturar a a\u00e7\u00e3o regional de emerg\u00eancias na Serra do Japi. \u201cO caso de Cabre\u00fava \u00e9 muito grave\u201d, afirmou.<\/p>\n<p><strong>\u00c1rea rural<\/strong><br \/>\nO uso do monitoramento a\u00e9reo tamb\u00e9m foi adotado quinta-feira (16) pela Secretaria de Agricultura, Abastecimento e Turismo para um balan\u00e7o da situa\u00e7\u00e3o nas zonas rurais do munic\u00edpio.<\/p>\n<p>Para o prefeito, al\u00e9m de todas as medidas de preven\u00e7\u00e3o e combate, existe algo essencial. \u201cPrecisamos de chuva agora, tanto pelo estado das reservas de \u00e1gua quanto pela situa\u00e7\u00e3o de risco de inc\u00eandios. Os homens e mulheres, seja na Prefeitura, nos Bombeiros ou nos outros servi\u00e7os que trabalham com isso, est\u00e3o exaustos\u201d, afirmou.<\/p>\n<p><strong>Por outro lado, a conserva\u00e7\u00e3o da natureza e propriedades rurais dependem tamb\u00e9m da consci\u00eancia das pessoas. Um pequeno bal\u00e3o pode causar danos irrepar\u00e1veis e pelo menos dois deles foram registrados neste fim de semana em Jundia\u00ed.<\/strong><\/p>\n<p><em><strong>Jos\u00e9 Arnaldo de Olilveira<br \/>\nFoto: Fot\u00f3grafos PJ <\/strong><\/em><\/p>\n","protected":false},"excerpt":{"rendered":"<p>Estado de alerta exige a\u00e7\u00f5es como o monitoramento permanente e a integra\u00e7\u00e3o da GM, Bombeiros e Defesa Civil<\/p>\n","protected":false},"author":10,"featured_media":103548,"comment_status":"closed","ping_status":"closed","sticky":false,"template":"","format":"standard","meta":{"footnotes":""},"categories":[2],"tags":[32],"ods":[],"class_list":["post-103547","post","type-post","status-publish","format-standard","has-post-thumbnail","hentry","category-noticias","tag-planejamento-e-meio-ambiente"],"_links":{"self":[{"href":"https:\/\/jundiai.sp.gov.br\/noticias\/wp-json\/wp\/v2\/posts\/103547","targetHints":{"allow":["GET"]}}],"collection":[{"href":"https:\/\/jundiai.sp.gov.br\/noticias\/wp-json\/wp\/v2\/posts"}],"about":[{"href":"https:\/\/jundiai.sp.gov.br\/noticias\/wp-json\/wp\/v2\/types\/post"}],"author":[{"embeddable":true,"href":"https:\/\/jundiai.sp.gov.br\/noticias\/wp-json\/wp\/v2\/users\/10"}],"replies":[{"embeddable":true,"href":"https:\/\/jundiai.sp.gov.br\/noticias\/wp-json\/wp\/v2\/comments?post=103547"}],"version-history":[{"count":1,"href":"https:\/\/jundiai.sp.gov.br\/noticias\/wp-json\/wp\/v2\/posts\/103547\/revisions"}],"predecessor-version":[{"id":182354,"href":"https:\/\/jundiai.sp.gov.br\/noticias\/wp-json\/wp\/v2\/posts\/103547\/revisions\/182354"}],"wp:featuredmedia":[{"embeddable":true,"href":"https:\/\/jundiai.sp.gov.br\/noticias\/wp-json\/"}],"wp:attachment":[{"href":"https:\/\/jundiai.sp.gov.br\/noticias\/wp-json\/wp\/v2\/media?parent=103547"}],"wp:term":[{"taxonomy":"category","embeddable":true,"href":"https:\/\/jundiai.sp.gov.br\/noticias\/wp-json\/wp\/v2\/categories?post=103547"},{"taxonomy":"post_tag","embeddable":true,"href":"https:\/\/jundiai.sp.gov.br\/noticias\/wp-json\/wp\/v2\/tags?post=103547"},{"taxonomy":"ods","embeddable":true,"href":"https:\/\/jundiai.sp.gov.br\/noticias\/wp-json\/wp\/v2\/ods?post=103547"}],"curies":[{"name":"wp","href":"https:\/\/api.w.org\/{rel}","templated":true}]}}