{"id":103893,"date":"2014-10-21T18:08:51","date_gmt":"2014-10-21T20:08:51","guid":{"rendered":"https:\/\/jundiai.sp.gov.br\/noticias\/?p=103893"},"modified":"2016-11-04T11:12:42","modified_gmt":"2016-11-04T13:12:42","slug":"parque-continental-vai-ganhar-novo-espaco-para-lazer","status":"publish","type":"post","link":"https:\/\/jundiai.sp.gov.br\/noticias\/2014\/10\/21\/parque-continental-vai-ganhar-novo-espaco-para-lazer\/","title":{"rendered":"Parque Continental vai ganhar novo espa\u00e7o para lazer"},"content":{"rendered":"<p><strong>A secretaria de Servi\u00e7os P\u00fablicos iniciou o trabalho de revitaliza\u00e7\u00e3o da pra\u00e7a Ant\u00f4nia Basso Infante, no Parque Continental, localizada na Rua Benedito Sergio de Oliveira. A previs\u00e3o para t\u00e9rmino \u00e9 de tr\u00eas semanas.<\/strong> A determina\u00e7\u00e3o \u00e9 do prefeito Pedro Bigardi, que quer ver espa\u00e7os degradados transformados em locais de lazer para as fam\u00edlias. <strong>Desde 2013, a secretaria j\u00e1 revitalizou 26 espa\u00e7os p\u00fablicos<\/strong>.<\/p>\n<p><strong>LEIA TAMB\u00c9M<br \/>\n<a href=\"https:\/\/jundiai.sp.gov.br\/noticias\/2014\/10\/prefeitura-reafirma-trabalho-de-revitalizacao-no-centro\/\" target=\"_blank\">Prefeitura reafirma trabalho de revitaliza\u00e7\u00e3o no Centro<\/strong><\/a><br \/>\n<a href=\"https:\/\/jundiai.sp.gov.br\/noticias\/2014\/10\/prefeitura-inicia-transformacao-no-jardim-do-lago\/\" target=\"_blank\"><strong>Prefeitura inicia \u2018transforma\u00e7\u00e3o\u2019 no Jardim do Lago<\/strong><\/a><br \/>\n<a href=\"https:\/\/jundiai.sp.gov.br\/noticias\/2014\/10\/servicos-publicos-secretario-recebe-moradores-do-jardim-do-lago\/\" target=\"_blank\"><strong>Moradores do Jardim do Lago s\u00e3o recebidos pelo secret\u00e1rio de Servi\u00e7os P\u00fablicos<\/strong><\/a><\/p>\n<div style=\"width: 610px\" class=\"wp-caption aligncenter\"><a href=\"https:\/\/jundiai.sp.gov.br\/noticias\/wp-content\/uploads\/sites\/32\/2014\/10\/praca_Pq_continental_D4g.jpg\"><img loading=\"lazy\" decoding=\"async\" src=\"https:\/\/jundiai.sp.gov.br\/noticias\/wp-content\/uploads\/sites\/32\/2014\/10\/praca_Pq_continental_D4g.jpg\" width=\"600\" height=\"450\" class \/><\/a><p class=\"wp-caption-text\">Alambrados ser\u00e3o todos trocados<\/p><\/div>\n<p>\u201cQueremos tornar estes locais pontos de encontro da comunidade. O nosso objetivo \u00e9 proporcionar alternativas de lazer \u00e0 popula\u00e7\u00e3o. Neste local iremos fazer a revitaliza\u00e7\u00e3o em duas etapas. A prioridade era reformar a quadra poliesportiva at\u00e9 porque existe um projeto social importante do bairro utilizando bem o espa\u00e7o\u201d, explicou o secret\u00e1rio Aguinaldo Leite.<\/p>\n<p><strong>Na primeira fase da revitaliza\u00e7\u00e3o, que ser\u00e1 feita agora, a quadra ser\u00e1 toda concretada, melhorando o piso degradado, receber\u00e1 ilumina\u00e7\u00e3o e o alambrado ser\u00e1 trocado. O parquinho infantil ser\u00e1 reformado e a pra\u00e7a receber\u00e1 novo paisagismo e de bebedouro. Al\u00e9m disso, a passagem ao lado da pra\u00e7a, que liga a rua Benedito Sergio de Oliveira \u00e0 avenida Bento Figueiredo, ter\u00e1 os matos cortados e o talude acertado.<\/strong><\/p>\n<p>O aposentado Narciso Barbosa de Oliveira, de 58 anos, e que mora no local desde 1979, agradeceu a revitaliza\u00e7\u00e3o. \u201cEstas melhorias vieram em boa hora. \u00c9 um pedido antigo nosso\u201d, afirmou.<\/p>\n<div style=\"width: 610px\" class=\"wp-caption aligncenter\"><a href=\"https:\/\/jundiai.sp.gov.br\/noticias\/wp-content\/uploads\/sites\/32\/2014\/10\/praca_Pq_continental_D30g.jpg\"><img loading=\"lazy\" decoding=\"async\" src=\"https:\/\/jundiai.sp.gov.br\/noticias\/wp-content\/uploads\/sites\/32\/2014\/10\/praca_Pq_continental_D30g.jpg\" width=\"600\" height=\"450\" class \/><\/a><p class=\"wp-caption-text\">Secret\u00e1rio Aguinaldo Leite visitou o local nesta ter\u00e7a-feira e conversou com moradores<\/p><\/div>\n<p><em><strong>F\u00e1bio Frattini Manzini<br \/>\nFoto: Dorival Pinheiro Filho <\/strong><\/em><\/p>\n","protected":false},"excerpt":{"rendered":"<p>Pra\u00e7a Ant\u00f4nia Basso Infante ser\u00e1 totalmente revitalizada, com prazo de entrega para tr\u00eas semanas<\/p>\n","protected":false},"author":10,"featured_media":103895,"comment_status":"closed","ping_status":"closed","sticky":false,"template":"","format":"standard","meta":{"footnotes":""},"categories":[2],"tags":[341],"ods":[],"class_list":["post-103893","post","type-post","status-publish","format-standard","has-post-thumbnail","hentry","category-noticias","tag-servicos-publicos"],"_links":{"self":[{"href":"https:\/\/jundiai.sp.gov.br\/noticias\/wp-json\/wp\/v2\/posts\/103893","targetHints":{"allow":["GET"]}}],"collection":[{"href":"https:\/\/jundiai.sp.gov.br\/noticias\/wp-json\/wp\/v2\/posts"}],"about":[{"href":"https:\/\/jundiai.sp.gov.br\/noticias\/wp-json\/wp\/v2\/types\/post"}],"author":[{"embeddable":true,"href":"https:\/\/jundiai.sp.gov.br\/noticias\/wp-json\/wp\/v2\/users\/10"}],"replies":[{"embeddable":true,"href":"https:\/\/jundiai.sp.gov.br\/noticias\/wp-json\/wp\/v2\/comments?post=103893"}],"version-history":[{"count":1,"href":"https:\/\/jundiai.sp.gov.br\/noticias\/wp-json\/wp\/v2\/posts\/103893\/revisions"}],"predecessor-version":[{"id":146483,"href":"https:\/\/jundiai.sp.gov.br\/noticias\/wp-json\/wp\/v2\/posts\/103893\/revisions\/146483"}],"wp:featuredmedia":[{"embeddable":true,"href":"https:\/\/jundiai.sp.gov.br\/noticias\/wp-json\/"}],"wp:attachment":[{"href":"https:\/\/jundiai.sp.gov.br\/noticias\/wp-json\/wp\/v2\/media?parent=103893"}],"wp:term":[{"taxonomy":"category","embeddable":true,"href":"https:\/\/jundiai.sp.gov.br\/noticias\/wp-json\/wp\/v2\/categories?post=103893"},{"taxonomy":"post_tag","embeddable":true,"href":"https:\/\/jundiai.sp.gov.br\/noticias\/wp-json\/wp\/v2\/tags?post=103893"},{"taxonomy":"ods","embeddable":true,"href":"https:\/\/jundiai.sp.gov.br\/noticias\/wp-json\/wp\/v2\/ods?post=103893"}],"curies":[{"name":"wp","href":"https:\/\/api.w.org\/{rel}","templated":true}]}}