{"id":104452,"date":"2014-10-24T17:39:30","date_gmt":"2014-10-24T19:39:30","guid":{"rendered":"https:\/\/jundiai.sp.gov.br\/noticias\/?p=104452"},"modified":"2016-11-04T11:13:00","modified_gmt":"2016-11-04T13:13:00","slug":"mudancas-viarias-continuam-na-regiao-da-ponte-sao-joao","status":"publish","type":"post","link":"https:\/\/jundiai.sp.gov.br\/noticias\/2014\/10\/24\/mudancas-viarias-continuam-na-regiao-da-ponte-sao-joao\/","title":{"rendered":"Mudan\u00e7as vi\u00e1rias continuam na regi\u00e3o da Ponte"},"content":{"rendered":"<p><strong>A equipe da Secretaria de Transportes deu continuidade nesta sexta-feira (24) \u00e0s mudan\u00e7as vi\u00e1rias na Zona Leste de Jundia\u00ed, por conta da implanta\u00e7\u00e3o do Complexo Vi\u00e1rio da Ponte S\u00e3o Jo\u00e3o, liga\u00e7\u00e3o do bairro ao Centro pela avenida Uni\u00e3o dos Ferrovi\u00e1rios, que ser\u00e1 inaugurado pelo prefeito Pedro Bigardi neste s\u00e1bado (25), \u00e0s 10 horas.<\/strong><\/p>\n<p>Agentes de tr\u00e2nsito sinalizaram o cruzamento da avenida Padre \u00c2ngelo Cremonti com a avenida Frederico Ozanam para a equipe operacional realizar mudan\u00e7as nos sem\u00e1foros.<\/p>\n<p><strong>LEIA TAMB\u00c9M<br \/>\n<a href=\"https:\/\/jundiai.sp.gov.br\/noticias\/2014\/10\/o-que-abre-e-fecha-na-eleicao-e-dia-do-servidor\/\" target=\"_blank\">O que abre e fecha na elei\u00e7\u00e3o e no Dia do Servidor<\/a><br \/>\n<a href=\"https:\/\/jundiai.sp.gov.br\/noticias\/2014\/10\/alteracao-na-torres-neves-antecipa-abertura-do-tunel\/\" target=\"_blank\">Altera\u00e7\u00e3o na Torres Neves antecipa abertura do t\u00fanel<\/a><\/strong><\/p>\n<div id=\"attachment_104464\" style=\"width: 610px\" class=\"wp-caption aligncenter\"><a href=\"https:\/\/jundiai.sp.gov.br\/noticias\/wp-content\/uploads\/sites\/32\/2014\/10\/TUNEL.jpg\"><img loading=\"lazy\" decoding=\"async\" aria-describedby=\"caption-attachment-104464\" src=\"https:\/\/jundiai.sp.gov.br\/noticias\/wp-content\/uploads\/sites\/32\/2014\/10\/TUNEL-1024x730.jpg\" alt=\"Mudan\u00e7a de fase em sem\u00e1foro foi realizada para melhor fluidez\" width=\"600\" height=\"450\" class=\"size-large wp-image-104464\" \/><\/a><p id=\"caption-attachment-104464\" class=\"wp-caption-text\">Mudan\u00e7a de fase em sem\u00e1foro foi realizada para melhor fluidez<\/p><\/div>\n<p>\u201cCom a inaugura\u00e7\u00e3o do t\u00fanel, ser\u00e1 proibida a convers\u00e3o \u00e0 esquerda da \u00c2ngelo Cremonti para a Ozanam, sentido V\u00e1rzea Paulista. Com isso, aumentamos uma fase para quem sai do t\u00fanel e colocamos uma seta provis\u00f3ria at\u00e9 liberar a Torres Neves, que estar\u00e1 interditada para mais altera\u00e7\u00f5es\u201d, explica o engenheiro el\u00e9trico da Prefeitura e respons\u00e1vel pela \u00e1rea de sem\u00e1foros, Roberto Zambolli.<\/p>\n<p><strong>Os sem\u00e1foros da regi\u00e3o contam com controlador e GPS para garantir o sincronismo entre eles.<\/strong> \u201cO controlador recebe sinal de sat\u00e9lite, sintoniza data e hor\u00e1rio dos sem\u00e1foros e permite que <strong>todos abram no momento exato<\/strong>. Isso possibilita controle de tr\u00e2nsito\u201d, afirma Zambolli.<\/p>\n<p><strong>Mudan\u00e7as<\/strong><br \/>\nPara equilibrar o sistema vi\u00e1rio da regi\u00e3o, <strong>algumas altera\u00e7\u00f5es no tr\u00e2nsito ser\u00e3o necess\u00e1rias<\/strong>:<\/p>\n<ul>\n<li><em>Convers\u00e3o liberada \u00e0 esquerda na Ant\u00f4nio Frederico Ozanam, na altura da ponte sobre o Rio Jundia\u00ed, sentido V\u00e1rzea Paulista;<\/em><\/li>\n<li><em>Convers\u00e3o liberada \u00e0 esquerda da rua Dr. Torres Neves para a rua Prudente de Moraes;<\/em><\/li>\n<li><em>Convers\u00e3o liberada \u00e0 esquerda da avenida S\u00e3o Jo\u00e3o (ponte sobre o rio Jundia\u00ed) para a avenida Ant\u00f4nio Frederico Ozanam, sentido V\u00e1rzea Paulista;<\/em><\/li>\n<li><em>Na Vila de Vito, a avenida S\u00e3o Jo\u00e3o (lateral do viaduto) ter\u00e1 sentido \u00fanico de circula\u00e7\u00e3o, da avenida Ant\u00f4nio Frederico Ozanam para a rua Ant\u00f4nio Prado Junior;<\/em><\/li>\n<li><em>A rua Ant\u00f4nio Prado Junior passar\u00e1 ter sentido \u00fanico de circula\u00e7\u00e3o da avenida S\u00e3o Jo\u00e3o para a rua Venuto Romancini;<\/em><\/li>\n<li><em>A rua Armando Carvalho Fernandes Junior ter\u00e1 sentido \u00fanico de circula\u00e7\u00e3o da rua Ant\u00f4nio Prado Junior para a avenida Ant\u00f4nio Frederico Ozanam.<\/em><\/li>\n<\/ul>\n<div id=\"attachment_104454\" style=\"width: 610px\" class=\"wp-caption aligncenter\"><a href=\"https:\/\/jundiai.sp.gov.br\/noticias\/wp-content\/uploads\/sites\/32\/2014\/10\/tunel_ponte_sao_joao_P_4G.jpg\"><img loading=\"lazy\" decoding=\"async\" aria-describedby=\"caption-attachment-104454\" class=\"size-large wp-image-104454\" alt=\"Agentes de tr\u00e2nsito mant\u00eam seguran\u00e7a no tr\u00e2nsito\" src=\"https:\/\/jundiai.sp.gov.br\/noticias\/wp-content\/uploads\/sites\/32\/2014\/10\/tunel_ponte_sao_joao_P_4G-1024x688.jpg\" width=\"600\" height=\"450\" \/><\/a><p id=\"caption-attachment-104454\" class=\"wp-caption-text\">Agentes de tr\u00e2nsito mant\u00eam seguran\u00e7a no tr\u00e2nsito<\/p><\/div>\n<p><strong><em>Luiza Ronchi<br \/>\nFotos: Paulo Gr\u00e9gio<\/em><\/strong><\/p>\n","protected":false},"excerpt":{"rendered":"<p>Complexo Vi\u00e1rio da Ponte S\u00e3o Jo\u00e3o ser\u00e1 inaugurado neste s\u00e1bado (25) \u00e0s 10h. Confira as altera\u00e7\u00f5es vi\u00e1rias<\/p>\n","protected":false},"author":14,"featured_media":104531,"comment_status":"closed","ping_status":"closed","sticky":false,"template":"","format":"standard","meta":{"footnotes":""},"categories":[2],"tags":[358,338],"ods":[],"class_list":["post-104452","post","type-post","status-publish","format-standard","has-post-thumbnail","hentry","category-noticias","tag-complexo-viario-leta-e-oswaldo-barbaro","tag-transportes"],"_links":{"self":[{"href":"https:\/\/jundiai.sp.gov.br\/noticias\/wp-json\/wp\/v2\/posts\/104452","targetHints":{"allow":["GET"]}}],"collection":[{"href":"https:\/\/jundiai.sp.gov.br\/noticias\/wp-json\/wp\/v2\/posts"}],"about":[{"href":"https:\/\/jundiai.sp.gov.br\/noticias\/wp-json\/wp\/v2\/types\/post"}],"author":[{"embeddable":true,"href":"https:\/\/jundiai.sp.gov.br\/noticias\/wp-json\/wp\/v2\/users\/14"}],"replies":[{"embeddable":true,"href":"https:\/\/jundiai.sp.gov.br\/noticias\/wp-json\/wp\/v2\/comments?post=104452"}],"version-history":[{"count":1,"href":"https:\/\/jundiai.sp.gov.br\/noticias\/wp-json\/wp\/v2\/posts\/104452\/revisions"}],"predecessor-version":[{"id":182296,"href":"https:\/\/jundiai.sp.gov.br\/noticias\/wp-json\/wp\/v2\/posts\/104452\/revisions\/182296"}],"wp:featuredmedia":[{"embeddable":true,"href":"https:\/\/jundiai.sp.gov.br\/noticias\/wp-json\/"}],"wp:attachment":[{"href":"https:\/\/jundiai.sp.gov.br\/noticias\/wp-json\/wp\/v2\/media?parent=104452"}],"wp:term":[{"taxonomy":"category","embeddable":true,"href":"https:\/\/jundiai.sp.gov.br\/noticias\/wp-json\/wp\/v2\/categories?post=104452"},{"taxonomy":"post_tag","embeddable":true,"href":"https:\/\/jundiai.sp.gov.br\/noticias\/wp-json\/wp\/v2\/tags?post=104452"},{"taxonomy":"ods","embeddable":true,"href":"https:\/\/jundiai.sp.gov.br\/noticias\/wp-json\/wp\/v2\/ods?post=104452"}],"curies":[{"name":"wp","href":"https:\/\/api.w.org\/{rel}","templated":true}]}}