{"id":105948,"date":"2014-11-06T17:26:00","date_gmt":"2014-11-06T19:26:00","guid":{"rendered":"https:\/\/jundiai.sp.gov.br\/noticias\/?p=105948"},"modified":"2016-11-04T11:13:45","modified_gmt":"2016-11-04T13:13:45","slug":"secretarios-e-diretores-da-prefeitura-visitam-o-sesc","status":"publish","type":"post","link":"https:\/\/jundiai.sp.gov.br\/noticias\/2014\/11\/06\/secretarios-e-diretores-da-prefeitura-visitam-o-sesc\/","title":{"rendered":"Secret\u00e1rios e diretores da Prefeitura visitam o Sesc"},"content":{"rendered":"<p><strong>Com previs\u00e3o de inaugura\u00e7\u00e3o para o in\u00edcio de 2015, o Sesc Jundia\u00ed recebeu a visita de secret\u00e1rios e diretores da Prefeitura de Jundia\u00ed, de funcion\u00e1rios da Fatec Deputado Ary Fossen e da diretoria do Sincom\u00e9rcio Jundia\u00ed. <\/strong><\/p>\n<p>Integrada pelos secret\u00e1rios de Cultura, T\u00e9rcio Marinho; Esportes e Lazer, Cristiano Lopes; de Recursos Humanos, Mary Marinho; e de Desenvolvimento Econ\u00f4mico, Ci\u00eancia e Tecnologia, Marcelo Cereser; <strong>a comitiva foi recepcionada pelo presidente do Sincom\u00e9rcio e diretor de Fomento ao Com\u00e9rcio e Servi\u00e7os da Secretaria de Desenvolvimento Econ\u00f4mico, Ci\u00eancia e Tecnologia, Edison Maltoni, que acompanhou a visita \u00e0s depend\u00eancias do novo Sesc, na quarta-feira (5).<\/strong><\/p>\n<div style=\"width: 610px\" class=\"wp-caption aligncenter\"><a href=\"https:\/\/jundiai.sp.gov.br\/noticias\/wp-content\/uploads\/sites\/32\/2014\/11\/Visita_SESC_A_142g.jpg\"><img loading=\"lazy\" decoding=\"async\" src=\"https:\/\/jundiai.sp.gov.br\/noticias\/wp-content\/uploads\/sites\/32\/2014\/11\/Visita_SESC_A_142g.jpg\" width=\"600\" height=\"450\" class \/><\/a><p class=\"wp-caption-text\">Comitiva conheceu estrutura: em fase de acabamento<\/p><\/div>\n<p>Na oportunidade, eles conheceram um teatro com 240 lugares; \u00e1rea reservada \u00e0s piscinas; e o gin\u00e1sio poliesportivo e espa\u00e7o para eventos. \u201cH\u00e1 uma grande expectativa em rela\u00e7\u00e3o ao Sesc e esta visita \u00e9 para mostrar que est\u00e1 em fase de acabamento e de testes de equipamentos. A previs\u00e3o \u00e9 que seja inaugurado no in\u00edcio do ano que vem\u201d, informou Edison Maltoni.<\/p>\n<p>Para o secret\u00e1rio de Cultura, T\u00e9rcio Marinho, a instala\u00e7\u00e3o do Sesc em Jundia\u00ed representa um ganho para a cidade no \u00e2mbito cultural. \u201cA vinda do Sesc contribui com a din\u00e2mica e agenda cultural da cidade. A popula\u00e7\u00e3o passa a ter acesso a uma programa\u00e7\u00e3o cultural de qualidade\u201d, assinala.<\/p>\n<p>O secret\u00e1rio de Esportes e Lazer, Cristiano Lopes elogiou a estrutura. &#8220;Tem muitos ambientes esportivos e culturais. Os jundiaienses ter\u00e3o um espa\u00e7o de alt\u00edssimo padr\u00e3o&#8221;, afirma.<\/p>\n<p><em><strong>Viviane Rodrigues<\/strong><\/em><\/p>\n","protected":false},"excerpt":{"rendered":"<p>Com previs\u00e3o de inaugura\u00e7\u00e3o para o in\u00edcio de 2015, o Sesc Jundia\u00ed recebeu a visita de secret\u00e1rios e diretores da Prefeitura de Jundia\u00ed, de funcion\u00e1rios da Fatec Deputado Ary Fossen e da diretoria do Sincom\u00e9rcio Jundia\u00ed. Integrada pelos secret\u00e1rios de Cultura, T\u00e9rcio Marinho; Esportes e Lazer, Cristiano Lopes; de Recursos Humanos, Mary Marinho; e de [&hellip;]<\/p>\n","protected":false},"author":10,"featured_media":0,"comment_status":"closed","ping_status":"closed","sticky":false,"template":"","format":"standard","meta":{"footnotes":""},"categories":[2],"tags":[29,365,35,548],"ods":[],"class_list":["post-105948","post","type-post","status-publish","format-standard","hentry","category-noticias","tag-cultura","tag-desenvolvimento-economico-ciencia-e-tecnologia","tag-esporte-e-lazer","tag-gestao-de-pessoas"],"_links":{"self":[{"href":"https:\/\/jundiai.sp.gov.br\/noticias\/wp-json\/wp\/v2\/posts\/105948","targetHints":{"allow":["GET"]}}],"collection":[{"href":"https:\/\/jundiai.sp.gov.br\/noticias\/wp-json\/wp\/v2\/posts"}],"about":[{"href":"https:\/\/jundiai.sp.gov.br\/noticias\/wp-json\/wp\/v2\/types\/post"}],"author":[{"embeddable":true,"href":"https:\/\/jundiai.sp.gov.br\/noticias\/wp-json\/wp\/v2\/users\/10"}],"replies":[{"embeddable":true,"href":"https:\/\/jundiai.sp.gov.br\/noticias\/wp-json\/wp\/v2\/comments?post=105948"}],"version-history":[{"count":1,"href":"https:\/\/jundiai.sp.gov.br\/noticias\/wp-json\/wp\/v2\/posts\/105948\/revisions"}],"predecessor-version":[{"id":128898,"href":"https:\/\/jundiai.sp.gov.br\/noticias\/wp-json\/wp\/v2\/posts\/105948\/revisions\/128898"}],"wp:attachment":[{"href":"https:\/\/jundiai.sp.gov.br\/noticias\/wp-json\/wp\/v2\/media?parent=105948"}],"wp:term":[{"taxonomy":"category","embeddable":true,"href":"https:\/\/jundiai.sp.gov.br\/noticias\/wp-json\/wp\/v2\/categories?post=105948"},{"taxonomy":"post_tag","embeddable":true,"href":"https:\/\/jundiai.sp.gov.br\/noticias\/wp-json\/wp\/v2\/tags?post=105948"},{"taxonomy":"ods","embeddable":true,"href":"https:\/\/jundiai.sp.gov.br\/noticias\/wp-json\/wp\/v2\/ods?post=105948"}],"curies":[{"name":"wp","href":"https:\/\/api.w.org\/{rel}","templated":true}]}}