{"id":106393,"date":"2014-11-11T14:15:02","date_gmt":"2014-11-11T16:15:02","guid":{"rendered":"https:\/\/jundiai.sp.gov.br\/noticias\/?p=106393"},"modified":"2016-11-04T11:14:03","modified_gmt":"2016-11-04T13:14:03","slug":"virada-negra-afoxe-combate-a-intolerancia-por-meio-da-musica","status":"publish","type":"post","link":"https:\/\/jundiai.sp.gov.br\/noticias\/2014\/11\/11\/virada-negra-afoxe-combate-a-intolerancia-por-meio-da-musica\/","title":{"rendered":"Virada Negra: Afox\u00e9 combate a intoler\u00e2ncia por meio da m\u00fasica"},"content":{"rendered":"<p><strong>A m\u00fasica do grupo <a href=\"https:\/\/www.facebook.com\/afoxeomialado2014\" target=\"_blank\">Afox\u00e9 Omi Alado<\/a> traz o resgate cultural africano e afro-brasileiro para a Virada Negra de Jundia\u00ed, marcada para os dias 19 e 20 de novembro. O grupo, fundado h\u00e1 apenas um ano em Campinas, se apresenta no Carnaval, movimentos da Consci\u00eancia Negra, al\u00e9m de eventos promovidos pela Secretaria de Cultura daquela cidade.<\/strong><\/p>\n<p>A Virada Negra 2014 \u00e9 uma realiza\u00e7\u00e3o da Prefeitura de Jundia\u00ed e conta com organiza\u00e7\u00e3o da Coordenadoria Especial de Pol\u00edticas P\u00fablicas para a Promo\u00e7\u00e3o da Igualdade Racial (Cepppir). Por determina\u00e7\u00e3o do prefeito Pedro Bigardi, o objetivo do evento \u00e9 comemorar o Dia Nacional da Consci\u00eancia Negra e oferecer uma intera\u00e7\u00e3o com as diversas formas de express\u00e3o da cultura negra.<\/p>\n<p><strong>LEIA TAMB\u00c9M<br \/>\n<a href=\"https:\/\/jundiai.sp.gov.br\/noticias\/2014\/11\/qualidade-dos-musicos-surpreende-no-jovens-instrumentistas\/\" target=\"_blank\"><strong>N\u00edvel de \u2018Jovens Instrumentistas\u2019 surpreende<\/strong><\/a><br \/>\n<a href=\"https:\/\/jundiai.sp.gov.br\/noticias\/2014\/11\/inscricoes-para-mostra-jundiaiense-de-teatro-terminam-sexta-14\/\" target=\"_blank\">Inscri\u00e7\u00e3o para Mostra Jundiaiense de Teatro termina sexta-feira (14)<\/strong><\/a><\/p>\n<div style=\"width: 610px\" class=\"wp-caption aligncenter\"><a href=\"https:\/\/jundiai.sp.gov.br\/noticias\/wp-content\/uploads\/sites\/32\/2014\/11\/fabiana_e_dudu_G.jpg\"><img loading=\"lazy\" decoding=\"async\" src=\"https:\/\/jundiai.sp.gov.br\/noticias\/wp-content\/uploads\/sites\/32\/2014\/11\/fabiana_e_dudu_G.jpg\" width=\"600\" height=\"450\" class \/><\/a><p class=\"wp-caption-text\">Eduardo e Fabiana: Idealizadores do Afox\u00e9 Omi Alado<\/p><\/div>\n<p>O casal idealizador do grupo, Fabiana Barra Grande Fagundes e Eduardo Adonis Fagundes, ambos herdeiros de casa de Candombl\u00e9, t\u00eam o Afox\u00e9 como uma forma de combater a intoler\u00e2ncia racial e religiosa.<\/p>\n<p>\u201cA m\u00fasica \u00e9 a uma forma de derrubar o preconceito. O nosso grupo \u00e9 uma institui\u00e7\u00e3o n\u00e3o governamental, que preza a cultura africana e tem como objetivo levar a discuss\u00e3o do que \u00e9 a religi\u00e3o, do que \u00e9 o afox\u00e9 e acabar com a discrimina\u00e7\u00e3o\u201d, explica a psic\u00f3loga de 24 anos, que diz j\u00e1 ter sido discriminada por ser negra e do Candombl\u00e9.<\/p>\n<p>O Afox\u00e9 \u00e9 um ritmo afro que significa \u2018a fala que faz\u2019. O grupo Afox\u00e9 Omi Alado \u00e9 formado inicialmente por 20 homens na charanga (nome dado \u00e0 bateria) e 20 integrantes na dan\u00e7a. O atabaque, timbal e diamb\u00ea s\u00e3o tocados apenas por homens, j\u00e1 o agog\u00f4 pode ser tocado tamb\u00e9m por mulheres.<\/p>\n<p><strong>Para todos<\/strong><br \/>\nFabiana explica que o afox\u00e9 \u00e9 democr\u00e1tico e aberto para todos que quiserem participar, mesmo quem nunca tenha ido a um ensaio.<\/p>\n<p>\u201cA base do afox\u00e9 \u00e9 o ijex\u00e1, o ritmo e o passo para se dan\u00e7ar. Quem \u00e9 do Candombl\u00e9 j\u00e1 sabe e quem n\u00e3o conhece pega f\u00e1cil. Basta vestir uma roupa branca e se juntar a n\u00f3s\u201d, convida Fabiana.<\/p>\n<div style=\"width: 610px\" class=\"wp-caption aligncenter\"><a href=\"https:\/\/jundiai.sp.gov.br\/noticias\/wp-content\/uploads\/sites\/32\/2014\/11\/virada1_G.jpg\"><img loading=\"lazy\" decoding=\"async\" src=\"https:\/\/jundiai.sp.gov.br\/noticias\/wp-content\/uploads\/sites\/32\/2014\/11\/virada1_G.jpg\" width=\"600\" height=\"450\" class \/><\/a><p class=\"wp-caption-text\">Afox\u00e9 Omi Alado no carnaval de 2013, em Campinas<\/p><\/div>\n<p>Os idealizadores que est\u00e3o batalhando por mais apresenta\u00e7\u00f5es e apoios agradecem o espa\u00e7o na Virada Negra de Jundia\u00ed. \u201cA cidade tem uma hist\u00f3ria e uma comunidade comprometida com a luta negra muito bacana. Levantar essa bandeira contra a intoler\u00e2ncia por meio do Afox\u00e9 em outras cidades \u00e9 incr\u00edvel. Esperamos despertar o interesse das pessoas para conhecer a cultura e quebrar o preconceito\u201d, completa a psic\u00f3loga.<\/p>\n<p><strong>O grupo Afox\u00e9 Omi Alado se apresenta na pra\u00e7a S\u00e3o Bento (F\u00f3rum), quinta-feira (20). Outras apresenta\u00e7\u00f5es tamb\u00e9m acontecer\u00e3o das 10h \u00e0s 16h. Confira a programa\u00e7\u00e3o completa:<\/strong><\/p>\n<p><strong>Dia 19 de novembro (quarta-feira):<\/strong><br \/>\n19h30 \u2013 Missa Afro na Par\u00f3quia Nossa Senhora da Concei\u00e7\u00e3o (Vila Arens)<br \/>\n23h \u2013 Balada Virada no Clube 28 de setembro<\/p>\n<p><strong>Dia 20 de novembro (quinta-feira):<\/strong><br \/>\n08h30 \u2013 Marcha da Consci\u00eancia Negra<\/p>\n<p>Das 10h \u00e0s 16h \u2013 Na Pra\u00e7a do F\u00f3rum:<br \/>\nPra\u00e7a de Alimenta\u00e7\u00e3o com culin\u00e1ria t\u00edpica Africana e Afro-brasileira<br \/>\nApresenta\u00e7\u00e3o de capoeira<br \/>\nApresenta\u00e7\u00e3o de Afox\u00e9 \u2013 Grupo Afox\u00e9 Omi Alado<br \/>\nApresenta\u00e7\u00e3o de Tambores Africanos<br \/>\nApresenta\u00e7\u00e3o do grupo Tambores de Inkice (maracatu)<\/p>\n<p><strong>18h<\/strong> \u2013 No Polytheama:<br \/>\nApresenta\u00e7\u00e3o da Cia Ruad<br \/>\nShow de Encerramento com Fanta Konate<\/p>\n<p><em><strong>Luiza Ronchi<br \/>\nFoto: Divulga\u00e7\u00e3o <\/strong><\/em><\/p>\n","protected":false},"excerpt":{"rendered":"<p>Grupo Afox\u00e9 Omi Alado se apresenta na pra\u00e7a S\u00e3o Bento (F\u00f3rum), quinta-feira (20), pela Virada Negra de Jundia\u00ed  <\/p>\n","protected":false},"author":10,"featured_media":92571,"comment_status":"closed","ping_status":"closed","sticky":false,"template":"","format":"standard","meta":{"footnotes":""},"categories":[2],"tags":[391],"ods":[],"class_list":["post-106393","post","type-post","status-publish","format-standard","has-post-thumbnail","hentry","category-noticias","tag-coordenadoria-especial-de-politicas-publicas-de-promocao-da-igualdade-racial-cepppir"],"_links":{"self":[{"href":"https:\/\/jundiai.sp.gov.br\/noticias\/wp-json\/wp\/v2\/posts\/106393","targetHints":{"allow":["GET"]}}],"collection":[{"href":"https:\/\/jundiai.sp.gov.br\/noticias\/wp-json\/wp\/v2\/posts"}],"about":[{"href":"https:\/\/jundiai.sp.gov.br\/noticias\/wp-json\/wp\/v2\/types\/post"}],"author":[{"embeddable":true,"href":"https:\/\/jundiai.sp.gov.br\/noticias\/wp-json\/wp\/v2\/users\/10"}],"replies":[{"embeddable":true,"href":"https:\/\/jundiai.sp.gov.br\/noticias\/wp-json\/wp\/v2\/comments?post=106393"}],"version-history":[{"count":1,"href":"https:\/\/jundiai.sp.gov.br\/noticias\/wp-json\/wp\/v2\/posts\/106393\/revisions"}],"predecessor-version":[{"id":129000,"href":"https:\/\/jundiai.sp.gov.br\/noticias\/wp-json\/wp\/v2\/posts\/106393\/revisions\/129000"}],"wp:featuredmedia":[{"embeddable":true,"href":"https:\/\/jundiai.sp.gov.br\/noticias\/wp-json\/"}],"wp:attachment":[{"href":"https:\/\/jundiai.sp.gov.br\/noticias\/wp-json\/wp\/v2\/media?parent=106393"}],"wp:term":[{"taxonomy":"category","embeddable":true,"href":"https:\/\/jundiai.sp.gov.br\/noticias\/wp-json\/wp\/v2\/categories?post=106393"},{"taxonomy":"post_tag","embeddable":true,"href":"https:\/\/jundiai.sp.gov.br\/noticias\/wp-json\/wp\/v2\/tags?post=106393"},{"taxonomy":"ods","embeddable":true,"href":"https:\/\/jundiai.sp.gov.br\/noticias\/wp-json\/wp\/v2\/ods?post=106393"}],"curies":[{"name":"wp","href":"https:\/\/api.w.org\/{rel}","templated":true}]}}