{"id":106470,"date":"2014-11-11T17:40:46","date_gmt":"2014-11-11T19:40:46","guid":{"rendered":"https:\/\/jundiai.sp.gov.br\/noticias\/?p=106470"},"modified":"2016-11-04T11:14:14","modified_gmt":"2016-11-04T13:14:14","slug":"vacina-contra-coqueluche-para-gravidas-esta-disponivel","status":"publish","type":"post","link":"https:\/\/jundiai.sp.gov.br\/noticias\/2014\/11\/11\/vacina-contra-coqueluche-para-gravidas-esta-disponivel\/","title":{"rendered":"Vacina contra coqueluche para gr\u00e1vidas est\u00e1 dispon\u00edvel"},"content":{"rendered":"<p><strong>Gr\u00e1vidas a partir da 27\u00aa semana de gesta\u00e7\u00e3o j\u00e1 podem se vacinar contra coqueluche na rede municipal de sa\u00fade. A vacina dTpa foi inclu\u00edda no calend\u00e1rio de vacina\u00e7\u00e3o do Sistema \u00danico de Sa\u00fade (SUS) e desde o in\u00edcio deste m\u00eas est\u00e1 dispon\u00edvel em todas as unidades b\u00e1sicas de sa\u00fade (UBSs) da cidade. A vacina tamb\u00e9m protege gr\u00e1vidas e fetos contra difteria e t\u00e9tano.<\/strong><\/p>\n<p>A coqueluche apresenta um alto \u00edndice de letalidade, principalmente em crian\u00e7as com at\u00e9 2 meses de vida. Em Jundia\u00ed, n\u00e3o foi registrado nenhum \u00f3bito pela doen\u00e7a neste ano, mas no Brasil o n\u00famero de mortes aumentou nos \u00faltimos anos. Em 2013, foram registrados 109 \u00f3bitos no Pa\u00eds devido \u00e0 doen\u00e7a. No Estado de S\u00e3o Paulo, no ano passado foram 52 v\u00edtimas e neste ano, at\u00e9 maio, segundo dados da Secretaria Estadual de Sa\u00fade, foram registrados 14.<\/p>\n<p><strong>LEIA TAMB\u00c9M<br \/>\n<a href=\"https:\/\/jundiai.sp.gov.br\/noticias\/2014\/11\/dia-d-atinge-214-da-meta-contra-a-polio\/\" target=\"_blank\"><strong>Dia D atinge 21,4% da meta contra a p\u00f3lio<\/strong><\/a><br \/>\n<a href=\"https:\/\/jundiai.sp.gov.br\/noticias\/2014\/11\/semana-do-diabetes-comeca-com-palestra-para-dentistas\/\" target=\"_blank\">Semana do Diabetes come\u00e7a com palestra para dentistas<\/strong><\/a><br \/>\nBanco de Leite recebe certifica\u00e7\u00e3o de excel\u00eancia<\/p>\n<p><div style=\"width: 340px\" class=\"wp-caption alignleft\"><a href=\"https:\/\/jundiai.sp.gov.br\/noticias\/wp-content\/uploads\/sites\/32\/2014\/11\/gravida1_G.jpg\"><img loading=\"lazy\" decoding=\"async\" src=\"https:\/\/jundiai.sp.gov.br\/noticias\/wp-content\/uploads\/sites\/32\/2014\/11\/gravida1_G.jpg\" width=\"330\" height=\"380\" class \/><\/a><p class=\"wp-caption-text\">Imuniza\u00e7\u00e3o das gr\u00e1vidas beneficia tamb\u00e9m os beb\u00eas<\/p><\/div>De acordo com a Vigil\u00e2ncia Epidemiol\u00f3gica, a inclus\u00e3o da dTpa no esquema de vacina\u00e7\u00e3o de gestantes visa tanto imuniz\u00e1-las contra a doen\u00e7a quanto o beb\u00ea nos primeiros meses de vida, reduzindo o n\u00famero de casos e de mortes de rec\u00e9m-nascidos causadas por essas doen\u00e7as.<\/p>\n<p>\u201cO objetivo da introdu\u00e7\u00e3o da vacina dTpa \u00e9 induzir a produ\u00e7\u00e3o de anticorpos contra a coqueluche na gestante, possibilitando a transfer\u00eancia deles para o feto. O resultado \u00e9 a prote\u00e7\u00e3o do rec\u00e9m-nascido nos primeiros meses de vida, at\u00e9 que se complete o esquema vacinal contra a coqueluche\u201d, explica a enfermeira Maria do Carmo Possidente, da Vigil\u00e2ncia Epidemiol\u00f3gica.<\/p>\n<p><strong>Doen\u00e7a<\/strong><br \/>\nA coqueluche \u00e9 uma doen\u00e7a infectocontagiosa aguda do trato respirat\u00f3rio causada pela bact\u00e9ria Bordetella pertussis. A doen\u00e7a \u00e9 altamente contagiosa e pode acometer pessoas de qualquer faixa et\u00e1ria. Entretanto, os mais afetados pela doen\u00e7a s\u00e3o lactentes (beb\u00eas com 28 dias at\u00e9 2 anos de idade) e crian\u00e7as menores, que tendem a apresentar quadros com maior gravidade e complica\u00e7\u00f5es.<\/p>\n<p>Houve aumento importante na ocorr\u00eancia de casos de coqueluche no Brasil e no mundo nos \u00faltimos 3 anos. Entre adolescentes e adultos, a doen\u00e7a manifesta-se de forma branda e inespec\u00edfica na maioria das vezes, com apenas tosse. Muitos pacientes dessa faixa et\u00e1ria n\u00e3o procuram atendimento m\u00e9dico. Quando procuram, muitos j\u00e1 apresentavam sintomas h\u00e1 semanas.<\/p>\n<p>Em muitas partes do mundo, m\u00e9dicos em geral n\u00e3o suspeitam de coqueluche entre adolescentes e adultos, o que atrasa o diagn\u00f3stico. Esses grupos et\u00e1rios perpetuam a circula\u00e7\u00e3o da B. pertussis na comunidade e s\u00e3o fontes de infec\u00e7\u00e3o para crian\u00e7as n\u00e3o vacinadas.<\/p>\n<p>O grupo et\u00e1rio dos menores de 1 ano de idade \u00e9 o principal acometido pela coqueluche. Nesse grupo, destacam-se os menores de 6 meses. A vacina contra coqueluche \u00e9 aplicada aos 2, 4 e 6 meses, na vacina pentavalente, que protege tamb\u00e9m contra o t\u00e9tano, difteria, hepatite B e hemofilus. No entanto, a crian\u00e7a s\u00f3 fica adequadamente protegida ap\u00f3s a terceira dose da vacina, que ocorre aos 6 meses de idade.<\/p>\n<p><em><strong>Niza Souza<br \/>\nFoto: Arquivo <\/strong><\/em><\/p>\n<p><strong>Assista \u00e0 reportagem da TVE Jundia\u00ed<\/strong><\/p>\n","protected":false},"excerpt":{"rendered":"<p>Imuniza\u00e7\u00e3o foi inclu\u00edda no calend\u00e1rio do SUS desde o in\u00edcio do m\u00eas e est\u00e1 \u00e0 disposi\u00e7\u00e3o nas Unidades de Sa\u00fade <\/p>\n","protected":false},"author":10,"featured_media":106473,"comment_status":"closed","ping_status":"closed","sticky":false,"template":"","format":"standard","meta":{"footnotes":""},"categories":[2],"tags":[3],"ods":[],"class_list":["post-106470","post","type-post","status-publish","format-standard","has-post-thumbnail","hentry","category-noticias","tag-saude"],"_links":{"self":[{"href":"https:\/\/jundiai.sp.gov.br\/noticias\/wp-json\/wp\/v2\/posts\/106470","targetHints":{"allow":["GET"]}}],"collection":[{"href":"https:\/\/jundiai.sp.gov.br\/noticias\/wp-json\/wp\/v2\/posts"}],"about":[{"href":"https:\/\/jundiai.sp.gov.br\/noticias\/wp-json\/wp\/v2\/types\/post"}],"author":[{"embeddable":true,"href":"https:\/\/jundiai.sp.gov.br\/noticias\/wp-json\/wp\/v2\/users\/10"}],"replies":[{"embeddable":true,"href":"https:\/\/jundiai.sp.gov.br\/noticias\/wp-json\/wp\/v2\/comments?post=106470"}],"version-history":[{"count":1,"href":"https:\/\/jundiai.sp.gov.br\/noticias\/wp-json\/wp\/v2\/posts\/106470\/revisions"}],"predecessor-version":[{"id":182173,"href":"https:\/\/jundiai.sp.gov.br\/noticias\/wp-json\/wp\/v2\/posts\/106470\/revisions\/182173"}],"wp:featuredmedia":[{"embeddable":true,"href":"https:\/\/jundiai.sp.gov.br\/noticias\/wp-json\/"}],"wp:attachment":[{"href":"https:\/\/jundiai.sp.gov.br\/noticias\/wp-json\/wp\/v2\/media?parent=106470"}],"wp:term":[{"taxonomy":"category","embeddable":true,"href":"https:\/\/jundiai.sp.gov.br\/noticias\/wp-json\/wp\/v2\/categories?post=106470"},{"taxonomy":"post_tag","embeddable":true,"href":"https:\/\/jundiai.sp.gov.br\/noticias\/wp-json\/wp\/v2\/tags?post=106470"},{"taxonomy":"ods","embeddable":true,"href":"https:\/\/jundiai.sp.gov.br\/noticias\/wp-json\/wp\/v2\/ods?post=106470"}],"curies":[{"name":"wp","href":"https:\/\/api.w.org\/{rel}","templated":true}]}}