{"id":106636,"date":"2014-11-13T13:32:44","date_gmt":"2014-11-13T15:32:44","guid":{"rendered":"https:\/\/jundiai.sp.gov.br\/noticias\/?p=106636"},"modified":"2020-11-06T15:17:47","modified_gmt":"2020-11-06T18:17:47","slug":"discussao-sobre-centro-de-reabilitacao-e-nesta-sexta-14","status":"publish","type":"post","link":"https:\/\/jundiai.sp.gov.br\/noticias\/2014\/11\/13\/discussao-sobre-centro-de-reabilitacao-e-nesta-sexta-14\/","title":{"rendered":"Discuss\u00e3o sobre Centro de Reabilita\u00e7\u00e3o \u00e9 nesta sexta (14)"},"content":{"rendered":"<p><strong>A coordenadora geral de Sa\u00fade da Pessoa Deficiente do Minist\u00e9rio da Sa\u00fade, Vera Mendes, estar\u00e1 em Jundia\u00ed nesta sexta-feira (14) para participar do encontro \u201cGest\u00e3o da Rede de Cuidados para a Pessoa com Defici\u00eancia\u201d, uma das fases da articula\u00e7\u00e3o visando \u00e0 implanta\u00e7\u00e3o dos Centros Especializados em Reabilita\u00e7\u00e3o (CER), do programa federal Viver Sem Limites. <\/strong><\/p>\n<p>O encontro ser\u00e1 no <strong>audit\u00f3rio da <a href=\"https:\/\/biblioteca.jundiai.sp.gov.br\/\" target=\"_blank\" rel=\"noopener noreferrer\">Biblioteca Municipal Professor Nelson Foot<\/a>, das 9h30 \u00e0s 12h<\/strong>, e a expectativa \u00e9 de que mais de 40 munic\u00edpios participem, j\u00e1 que a Diretoria Regional de Sa\u00fade (DSR7) de Campinas solicitou que o convite fosse estendido para as 40 cidades que integram a Rede Regional de Aten\u00e7\u00e3o \u00e0 Sa\u00fade 16.<\/p>\n<p><strong>LEIA TAMB\u00c9M<br \/>\n<\/strong><a href=\"https:\/\/jundiai.sp.gov.br\/noticias\/2014\/11\/forum-debate-politicas-e-incentivos-para-o-hip-hop\/\" target=\"_blank\" rel=\"noopener noreferrer\">F\u00f3rum debate pol\u00edticas e incentivos para o Hip Hop<\/a><br \/>\n<a href=\"https:\/\/jundiai.sp.gov.br\/noticias\/2014\/11\/virada-negra-afoxe-combate-a-intolerancia-por-meio-da-musica\/\" target=\"_blank\" rel=\"noopener noreferrer\">Virada Negra: Afox\u00e9 combate a intoler\u00e2ncia por meio da m\u00fasica<\/a><br \/>\n<a href=\"https:\/\/jundiai.sp.gov.br\/noticias\/2014\/11\/coordenadoria-do-trabalho-emprego-e-renda-recebe-secretario-de-maua\/\" target=\"_blank\" rel=\"noopener noreferrer\">Coordenadoria do Trabalho, Emprego e Renda recebe secret\u00e1rio de Mau\u00e1<\/a><\/p>\n<p>A implanta\u00e7\u00e3o dos Centros Especializados em Reabilita\u00e7\u00e3o (CER), principal tema a ser discutido no encontro, faz parte do programa federal Viver Sem Limites e que, desde abril deste ano,<strong> tem sido integrado por Jundia\u00ed<\/strong> no Colegiado Gestor Regional (CGR) juntamente com as demais cidades da Aglomera\u00e7\u00e3o Urbana de Jundia\u00ed.<\/p>\n<p>No caso um centro especializado seria articulado para a Aglomera\u00e7\u00e3o Urbana e outras cidades tamb\u00e9m receberiam informa\u00e7\u00f5es. A iniciativa, em fase de planejamento, visa abranger as sete cidades da Aglomera\u00e7\u00e3o Urbana (Jundia\u00ed, Itupeva, V\u00e1rzea Paulista, Campo Limpo Paulista, Cabre\u00fava, Jarinu e Louveira), com linhas de atendimento para defici\u00eancia f\u00edsica, intelectual e visual.<\/p>\n<p><strong><em>Assessoria de Imprensa<\/em><\/strong><\/p>\n","protected":false},"excerpt":{"rendered":"<p>Encontro sobre gest\u00e3o de rede de cuidados est\u00e1 agendado das 9h30 \u00e0s 12h, no audit\u00f3rio da Biblioteca Municipal<\/p>\n","protected":false},"author":14,"featured_media":106637,"comment_status":"closed","ping_status":"closed","sticky":false,"template":"","format":"standard","meta":{"footnotes":""},"categories":[2],"tags":[509],"ods":[],"class_list":["post-106636","post","type-post","status-publish","format-standard","has-post-thumbnail","hentry","category-noticias","tag-coordenadoria-dos-direitos-das-pessoas-com-deficiencia"],"_links":{"self":[{"href":"https:\/\/jundiai.sp.gov.br\/noticias\/wp-json\/wp\/v2\/posts\/106636","targetHints":{"allow":["GET"]}}],"collection":[{"href":"https:\/\/jundiai.sp.gov.br\/noticias\/wp-json\/wp\/v2\/posts"}],"about":[{"href":"https:\/\/jundiai.sp.gov.br\/noticias\/wp-json\/wp\/v2\/types\/post"}],"author":[{"embeddable":true,"href":"https:\/\/jundiai.sp.gov.br\/noticias\/wp-json\/wp\/v2\/users\/14"}],"replies":[{"embeddable":true,"href":"https:\/\/jundiai.sp.gov.br\/noticias\/wp-json\/wp\/v2\/comments?post=106636"}],"version-history":[{"count":2,"href":"https:\/\/jundiai.sp.gov.br\/noticias\/wp-json\/wp\/v2\/posts\/106636\/revisions"}],"predecessor-version":[{"id":258321,"href":"https:\/\/jundiai.sp.gov.br\/noticias\/wp-json\/wp\/v2\/posts\/106636\/revisions\/258321"}],"wp:featuredmedia":[{"embeddable":true,"href":"https:\/\/jundiai.sp.gov.br\/noticias\/wp-json\/"}],"wp:attachment":[{"href":"https:\/\/jundiai.sp.gov.br\/noticias\/wp-json\/wp\/v2\/media?parent=106636"}],"wp:term":[{"taxonomy":"category","embeddable":true,"href":"https:\/\/jundiai.sp.gov.br\/noticias\/wp-json\/wp\/v2\/categories?post=106636"},{"taxonomy":"post_tag","embeddable":true,"href":"https:\/\/jundiai.sp.gov.br\/noticias\/wp-json\/wp\/v2\/tags?post=106636"},{"taxonomy":"ods","embeddable":true,"href":"https:\/\/jundiai.sp.gov.br\/noticias\/wp-json\/wp\/v2\/ods?post=106636"}],"curies":[{"name":"wp","href":"https:\/\/api.w.org\/{rel}","templated":true}]}}