{"id":106983,"date":"2014-11-15T17:03:35","date_gmt":"2014-11-15T19:03:35","guid":{"rendered":"https:\/\/jundiai.sp.gov.br\/noticias\/?p=106983"},"modified":"2016-11-04T11:14:32","modified_gmt":"2016-11-04T13:14:32","slug":"avenida-no-engordadouro-ganha-pavimentacao-drenagem-e-ciclovia","status":"publish","type":"post","link":"https:\/\/jundiai.sp.gov.br\/noticias\/2014\/11\/15\/avenida-no-engordadouro-ganha-pavimentacao-drenagem-e-ciclovia\/","title":{"rendered":"Avenida no Engordadouro ganha pavimenta\u00e7\u00e3o e ciclovia"},"content":{"rendered":"<p><strong>Na manh\u00e3 deste s\u00e1bado (15), o prefeito Pedro Bigardi inaugurou as obras de infraestrutura realizadas na avenida Caetano Gornatti, no Engordadouro. O trabalho teve in\u00edcio em fevereiro deste ano: foram 10,2 mil m\u00b2 de pavimenta\u00e7\u00e3o e 191 metros de drenagem. A nova avenida tamb\u00e9m foi alargada de 10 metros para 27 metros.<\/strong><\/p>\n<p><strong><a href=\"https:\/\/www.flickr.com\/photos\/prefeituradejundiai\/sets\/72157649306766775\/\" target=\"_blank\">CONFIRA AS FOTOS<\/a><\/strong><\/p>\n<p><strong>LEIA TAMB\u00c9M<br \/>\n<a href=\"https:\/\/jundiai.sp.gov.br\/noticias\/2014\/11\/obras-no-jardim-nova-conquista-avancam\/\" target=\"_blank\">Obras no Jardim Nova Conquista prosseguem<\/a><br \/>\n<a href=\"https:\/\/jundiai.sp.gov.br\/noticias\/2014\/11\/prefeitura-discute-orcamento-e-anuncia-obras-no-jardim-do-lago\/\" target=\"_blank\"> Prefeitura discute Or\u00e7amento e anuncia pacote de obras<\/a><\/strong><\/p>\n<div id=\"attachment_106985\" style=\"width: 1034px\" class=\"wp-caption aligncenter\"><a href=\"https:\/\/jundiai.sp.gov.br\/noticias\/wp-content\/uploads\/sites\/32\/2014\/11\/ALE6141g.jpg\"><img loading=\"lazy\" decoding=\"async\" aria-describedby=\"caption-attachment-106985\" class=\"size-large wp-image-106985\" alt=\"Prefeito Pedro Bigardi entrega mais uma obra: governo realizador\" src=\"https:\/\/jundiai.sp.gov.br\/noticias\/wp-content\/uploads\/sites\/32\/2014\/11\/ALE6141g-1024x682.jpg\" width=\"1024\" height=\"682\" \/><\/a><p id=\"caption-attachment-106985\" class=\"wp-caption-text\">Prefeito Pedro Bigardi entrega mais uma obra: governo realizador<\/p><\/div>\n<p><strong>Pedro Bigardi tamb\u00e9m anunciou que a escola municipal localizada bem no in\u00edcio da avenida ser\u00e1 ampliada e que a \u00e1rea de lazer existente ao lado dela foi cedida pela Prefeitura para uso e cuidado dos moradores e dos alunos<\/strong>. Depois da solenidade, o prefeito foi convidado pelos moradores para participar de uma partida de futebol e um churrasco em comemora\u00e7\u00e3o \u00e0 entrega das obras.<\/p>\n<p>\u201cEu estive em outubro do ano passado aqui para conversar com os moradores e participantes da associa\u00e7\u00e3o de bairro e percebemos que realmente a obra era necess\u00e1ria. As pessoas conviviam com poeira e lama. Estamos realizando outras obras na regi\u00e3o para o conforto e seguran\u00e7a da popula\u00e7\u00e3o\u201d, comenta o prefeito.<\/p>\n<p>O secret\u00e1rio de Obras, Alan Piccolo, explicou que o projeto buscou altera\u00e7\u00f5es no tra\u00e7ado da avenida. \u201cNo desenho original, uma \u00e1rea pr\u00f3ximo ao campo de futebol acabava reduzida. Moradores solicitaram ajustes no tra\u00e7ado para que o espa\u00e7o, hoje usado para lazer, fique maior\u201d, explicou. O investimento total foi de aproximadamente R$1,2 milh\u00e3o.<\/p>\n<div id=\"attachment_106984\" style=\"width: 1034px\" class=\"wp-caption aligncenter\"><a href=\"https:\/\/jundiai.sp.gov.br\/noticias\/wp-content\/uploads\/sites\/32\/2014\/11\/ALE5933g.jpg\"><img loading=\"lazy\" decoding=\"async\" aria-describedby=\"caption-attachment-106984\" class=\"size-large wp-image-106984\" alt=\"Pavimenta\u00e7\u00e3o e ciclovia ao longo da avenida\" src=\"https:\/\/jundiai.sp.gov.br\/noticias\/wp-content\/uploads\/sites\/32\/2014\/11\/ALE5933g-1024x682.jpg\" width=\"1024\" height=\"682\" \/><\/a><p id=\"caption-attachment-106984\" class=\"wp-caption-text\">Pavimenta\u00e7\u00e3o e ciclovia ao longo da avenida<\/p><\/div>\n<p><strong>Educa\u00e7\u00e3o<\/strong><br \/>\nAl\u00e9m da nova estrutura, existe uma ciclovia sinalizada e um estacionamento de ve\u00edculos escolares em frente \u00e0 escola municipal (Emeb) F\u00e1bio Mendes.<\/p>\n<p>A reivindica\u00e7\u00e3o de melhorias na avenida era feita h\u00e1 tempos tamb\u00e9m pelos pais de alunos. \u201cAgrade\u00e7o a Prefeitura em nome dos funcion\u00e1rios, pais e alunos. N\u00f3s t\u00ednhamos um problema de sa\u00fade s\u00e9rio por conta da poeira. Al\u00e9m disso, n\u00e3o existia seguran\u00e7a para motoristas que faziam o transporte das crian\u00e7as\u201d, comenta a diretora da escola, Solange Maria de Lurdes Mendes.<\/p>\n<p>O prefeito visitou e anunciou a amplia\u00e7\u00e3o da escola municipal. \u201cA obra de amplia\u00e7\u00e3o da Emeb F\u00e1bio Mendes j\u00e1 foi assinada e come\u00e7a em breve. Al\u00e9m do recapeamento, drenagem e ciclovia, nossa preocupa\u00e7\u00e3o \u00e9 grande com a educa\u00e7\u00e3o e comodidade dos alunos\u201d.<\/p>\n<p><strong>Lazer<\/strong><br \/>\nAinda no evento, o chefe do Executivo assinou e entregou ao presidente da Associa\u00e7\u00e3o dos Moradores do Jardim Scala, Guilherme Rabelo, a permiss\u00e3o de uso de \u00e1rea do espa\u00e7o de lazer do bairro, que ficar\u00e1 aos cuidados de todos.<\/p>\n<p>\u201cA obra na Caetano Gornatti ficou muito bem executada. Agrade\u00e7o ao prefeito por permitir que cuidemos ainda mais do nosso campo de futebol e \u00e1rea de lazer\u201d, comemora Guilherme.<\/p>\n<p>Participaram ainda do evento o secret\u00e1rio da Casa Civil, Jos\u00e9 Carlos Pires, o presidente da C\u00e2mara Municipal de Jundia\u00ed, Gerson Sartori, o comandante da Guarda Municipal, Jos\u00e9 Roberto Ferraz, a secret\u00e1ria de Planejamento e Meio Ambiente, Daniela da C\u00e2mara Sutti, secret\u00e1rio de Neg\u00f3cios Jur\u00eddicos, Edson Rocha, al\u00e9m dos vereadores Rafael Purgato, Leandro Palmarini, Jos\u00e9 Dias e Rafael Antonucci.<\/p>\n<p><strong><em>Luiza Ronchi<br \/>\nFotos: Alessandro Rosman<\/em><\/strong><\/p>\n<p><strong>Assista \u00e0 reportagem da TVE Jundia\u00ed<\/strong><\/p>\n","protected":false},"excerpt":{"rendered":"<p>Pedro Bigardi tamb\u00e9m anunciou que a escola municipal localizada bem no in\u00edcio da avenida ser\u00e1 ampliada <\/p>\n","protected":false},"author":11,"featured_media":106984,"comment_status":"closed","ping_status":"closed","sticky":false,"template":"","format":"standard","meta":{"footnotes":""},"categories":[2],"tags":[347],"ods":[],"class_list":["post-106983","post","type-post","status-publish","format-standard","has-post-thumbnail","hentry","category-noticias","tag-obras"],"_links":{"self":[{"href":"https:\/\/jundiai.sp.gov.br\/noticias\/wp-json\/wp\/v2\/posts\/106983","targetHints":{"allow":["GET"]}}],"collection":[{"href":"https:\/\/jundiai.sp.gov.br\/noticias\/wp-json\/wp\/v2\/posts"}],"about":[{"href":"https:\/\/jundiai.sp.gov.br\/noticias\/wp-json\/wp\/v2\/types\/post"}],"author":[{"embeddable":true,"href":"https:\/\/jundiai.sp.gov.br\/noticias\/wp-json\/wp\/v2\/users\/11"}],"replies":[{"embeddable":true,"href":"https:\/\/jundiai.sp.gov.br\/noticias\/wp-json\/wp\/v2\/comments?post=106983"}],"version-history":[{"count":1,"href":"https:\/\/jundiai.sp.gov.br\/noticias\/wp-json\/wp\/v2\/posts\/106983\/revisions"}],"predecessor-version":[{"id":129098,"href":"https:\/\/jundiai.sp.gov.br\/noticias\/wp-json\/wp\/v2\/posts\/106983\/revisions\/129098"}],"wp:featuredmedia":[{"embeddable":true,"href":"https:\/\/jundiai.sp.gov.br\/noticias\/wp-json\/"}],"wp:attachment":[{"href":"https:\/\/jundiai.sp.gov.br\/noticias\/wp-json\/wp\/v2\/media?parent=106983"}],"wp:term":[{"taxonomy":"category","embeddable":true,"href":"https:\/\/jundiai.sp.gov.br\/noticias\/wp-json\/wp\/v2\/categories?post=106983"},{"taxonomy":"post_tag","embeddable":true,"href":"https:\/\/jundiai.sp.gov.br\/noticias\/wp-json\/wp\/v2\/tags?post=106983"},{"taxonomy":"ods","embeddable":true,"href":"https:\/\/jundiai.sp.gov.br\/noticias\/wp-json\/wp\/v2\/ods?post=106983"}],"curies":[{"name":"wp","href":"https:\/\/api.w.org\/{rel}","templated":true}]}}