{"id":107607,"date":"2014-11-21T11:42:50","date_gmt":"2014-11-21T13:42:50","guid":{"rendered":"https:\/\/jundiai.sp.gov.br\/noticias\/?p=107607"},"modified":"2020-11-30T11:10:48","modified_gmt":"2020-11-30T14:10:48","slug":"fabio-zanon-e-a-arte-do-violao-no-teatro-polytheama","status":"publish","type":"post","link":"https:\/\/jundiai.sp.gov.br\/noticias\/2014\/11\/21\/fabio-zanon-e-a-arte-do-violao-no-teatro-polytheama\/","title":{"rendered":"F\u00e1bio Zanon e a arte do viol\u00e3o no Teatro Polytheama"},"content":{"rendered":"<p><strong>Como maestro e tamb\u00e9m solista ao viol\u00e3o com a Orquestra Sinf\u00f4nica do Conservat\u00f3rio de Tatu\u00ed, o m\u00fasico jundiaiense F\u00e1bio Zanon \u00e9 a grande atra\u00e7\u00e3o deste s\u00e1bado no Teatro Polytheama, \u00e0s 20h30. <\/strong><\/p>\n<p><strong>O programa envolve os compositores Cherubini (ouverture de M\u00e9d\u00e9e), Giuliani (vers\u00e3o orquestral de opus 30 do Concerto n\u00ba 1) e Beethoven (opus 92 da Sinfonia n\u00ba 7). Indicado para o Grammy Latino pelo trabalho com o Concerto para Viol\u00e3o de Francis Hime com a Osesp (Orquestra Sinf\u00f4nica do Estado de S\u00e3o Paulo) e vencedor do Pr\u00eamio Bravo! Pelo seu disco com a obra de Villa-Lobos, Zanon teve seu grande impulso na carreira internacional quando venceu os dois maiores concursos de viol\u00e3o do mundo, o GFA (Estados Unidos) e o Tarrega (Espanha).<\/strong><\/p>\n<div style=\"width: 610px\" class=\"wp-caption aligncenter\"><a href=\"https:\/\/jundiai.sp.gov.br\/noticias\/wp-content\/uploads\/sites\/32\/2014\/11\/Fabio-Zanon_G.jpg\"><img loading=\"lazy\" decoding=\"async\" src=\"https:\/\/jundiai.sp.gov.br\/noticias\/wp-content\/uploads\/sites\/32\/2014\/11\/Fabio-Zanon_G.jpg\" width=\"600\" height=\"450\" class \/><\/a><p class=\"wp-caption-text\">Aclamado internacionalmente, F\u00e1bio Zanon retorna a Jundia\u00ed em concerto<\/p><\/div>\n<p>Nascido em Jundia\u00ed, onde come\u00e7ou a estudar com seu pai e depois com mestres como Antonio Guedes e interagindo com m\u00fasicos da Orquestra Sinf\u00f4nica Jovem (ligada \u00e0 Escola de M\u00fasica de Jundia\u00ed), ele tamb\u00e9m cita Henrique Pinto, Edelton Gloeden, Michael Lewin e as m\u00e1ster classes de Julian Bream, al\u00e9m da Royal Academy of Music em Londres, dentro dessa forma\u00e7\u00e3o.<\/p>\n<p>\u201cNo Brasil, o viol\u00e3o est\u00e1 para a m\u00fasica assim como o futebol est\u00e1 para o esporte. Trata-se de um fator t\u00e3o determinante em termos culturais, que seu som e possibilidades definem musicalmente a alma brasileira\u201d, endossa no manifesto do movimento <a href=\"http:\/\/violab.com.br\/\" target=\"_blank\" rel=\"noopener noreferrer\"><strong>Violab<\/strong><\/a>, que lan\u00e7ou ao lado de Marco Pereira, Jo\u00e3o Bosco, Chico Pinheiro, Ulisses Rocha e muitos outros. Com forma\u00e7\u00e3o erudita, F\u00e1bio Zanon tamb\u00e9m desenvolveu trabalhos com Yamandu Costa.<\/p>\n<p>O concerto vai ter ingressos a R$ 10, dentro do projeto Concertos Astra-Finamax.<\/p>\n<p><strong>Orquestra<\/strong><br \/>\nA orquestra criada no Conservat\u00f3rio de Tatu\u00ed, um dos mais renomados do pa\u00eds, \u00e9 dirigida por Maur\u00edcio Galindo (ex-Sinf\u00f4nica Jovem) mas est\u00e1 acostumada a receber regentes e solistas consagrados, entre os quais outro renomado m\u00fasico origin\u00e1rio da cidade, F\u00e1bio Cury, que participou neste m\u00eas do programa Jovens Instrumentistas, da Prefeitura de Jundia\u00ed.<\/p>\n<p><em><strong>Assessoria de Imprensa<br \/>\nFoto: Divulga\u00e7\u00e3o<\/strong><\/em><\/p>\n","protected":false},"excerpt":{"rendered":"<p>Como maestro e solista ao viol\u00e3o com a Orquestra Sinf\u00f4nica de Tatu\u00ed, o m\u00fasico jundiaiense \u00e9 a atra\u00e7\u00e3o deste s\u00e1bado (22)<\/p>\n","protected":false},"author":10,"featured_media":107608,"comment_status":"closed","ping_status":"closed","sticky":false,"template":"","format":"standard","meta":{"footnotes":""},"categories":[2],"tags":[29,1134,399],"ods":[],"class_list":["post-107607","post","type-post","status-publish","format-standard","has-post-thumbnail","hentry","category-noticias","tag-cultura","tag-fab-lab","tag-musica"],"_links":{"self":[{"href":"https:\/\/jundiai.sp.gov.br\/noticias\/wp-json\/wp\/v2\/posts\/107607","targetHints":{"allow":["GET"]}}],"collection":[{"href":"https:\/\/jundiai.sp.gov.br\/noticias\/wp-json\/wp\/v2\/posts"}],"about":[{"href":"https:\/\/jundiai.sp.gov.br\/noticias\/wp-json\/wp\/v2\/types\/post"}],"author":[{"embeddable":true,"href":"https:\/\/jundiai.sp.gov.br\/noticias\/wp-json\/wp\/v2\/users\/10"}],"replies":[{"embeddable":true,"href":"https:\/\/jundiai.sp.gov.br\/noticias\/wp-json\/wp\/v2\/comments?post=107607"}],"version-history":[{"count":2,"href":"https:\/\/jundiai.sp.gov.br\/noticias\/wp-json\/wp\/v2\/posts\/107607\/revisions"}],"predecessor-version":[{"id":258973,"href":"https:\/\/jundiai.sp.gov.br\/noticias\/wp-json\/wp\/v2\/posts\/107607\/revisions\/258973"}],"wp:featuredmedia":[{"embeddable":true,"href":"https:\/\/jundiai.sp.gov.br\/noticias\/wp-json\/"}],"wp:attachment":[{"href":"https:\/\/jundiai.sp.gov.br\/noticias\/wp-json\/wp\/v2\/media?parent=107607"}],"wp:term":[{"taxonomy":"category","embeddable":true,"href":"https:\/\/jundiai.sp.gov.br\/noticias\/wp-json\/wp\/v2\/categories?post=107607"},{"taxonomy":"post_tag","embeddable":true,"href":"https:\/\/jundiai.sp.gov.br\/noticias\/wp-json\/wp\/v2\/tags?post=107607"},{"taxonomy":"ods","embeddable":true,"href":"https:\/\/jundiai.sp.gov.br\/noticias\/wp-json\/wp\/v2\/ods?post=107607"}],"curies":[{"name":"wp","href":"https:\/\/api.w.org\/{rel}","templated":true}]}}