{"id":107664,"date":"2014-11-21T15:46:49","date_gmt":"2014-11-21T17:46:49","guid":{"rendered":"https:\/\/jundiai.sp.gov.br\/noticias\/?p=107664"},"modified":"2016-11-04T11:15:05","modified_gmt":"2016-11-04T13:15:05","slug":"residuos-solidos-jundiai-sera-destaque-no-equador","status":"publish","type":"post","link":"https:\/\/jundiai.sp.gov.br\/noticias\/2014\/11\/21\/residuos-solidos-jundiai-sera-destaque-no-equador\/","title":{"rendered":"Jundia\u00ed ser\u00e1 destaque no Equador"},"content":{"rendered":"<p><strong>O trabalho desenvolvido em Jundia\u00ed sobre estudos em solu\u00e7\u00f5es tecnol\u00f3gicas para tratamento dos res\u00edduos s\u00f3lidos ser\u00e1 destaque em um encontro, marcado para os dias 25, 26 e 27 de novembro, em Cuenca, no Equador. Chamado de \u2018Di\u00e1logo conjuntivo Cidades da Am\u00e9rica Latina\u2019, o evento contar\u00e1 com palestra do secret\u00e1rio de Servi\u00e7os P\u00fablicos, Aguinaldo Leite, convidado pela organiza\u00e7\u00e3o para falar do trabalho realizado desde 2013 no munic\u00edpio.<\/strong><\/p>\n<p><strong>A primeira reuni\u00e3o sobre o assunto envolver\u00e1 representantes de diversos pa\u00edses como Bol\u00edvia, Peru, Equador, Col\u00f4mbia, Costa Rica, M\u00e9xico, al\u00e9m do governo alem\u00e3o. O encontro tem objetivo de refor\u00e7ar a troca de experi\u00eancias entre cidades latino-americanas e a Alemanha sobre ao assunto.<\/strong><\/p>\n<p>\u201c\u00c9 um evento de di\u00e1logos de boas pr\u00e1ticas. Estamos orgulhosos em mostrar o que vem sendo feito em Jundia\u00ed no sentido de dar o tratamento correto aos res\u00edduos s\u00f3lidos. <strong>Jundia\u00ed \u00e9 refer\u00eancia dos estudos em solu\u00e7\u00f5es tecnol\u00f3gicas desenvolvidos pensando na realidade das cidades e isto tamb\u00e9m \u00e9 uma grande responsabilidade para a gente<\/strong>\u201d, explicou Aguinaldo Leite.<\/p>\n<p><strong>LEIA TAMB\u00c9M<br \/>\n<a href=\"https:\/\/jundiai.sp.gov.br\/noticias\/2014\/11\/jundiai-sedia-seminario-internacional\/\" target=\"_blank\"><strong>Jundia\u00ed sedia semin\u00e1rio internacional<\/strong><\/a><br \/>\n<a href=\"https:\/\/jundiai.sp.gov.br\/noticias\/2014\/11\/estudos-que-vao-dar-destino-a-residuos-solidos-comecam-em-2015\/\" target=\"_blank\">Definida data para estudos que dar\u00e3o destino a res\u00edduos s\u00f3lidos<\/strong><\/a><\/p>\n<div style=\"width: 610px\" class=\"wp-caption aligncenter\"><a href=\"https:\/\/jundiai.sp.gov.br\/noticias\/wp-content\/uploads\/sites\/32\/2014\/11\/palestra_aguinaldo_leite_D16g.jpg\"><img loading=\"lazy\" decoding=\"async\" src=\"https:\/\/jundiai.sp.gov.br\/noticias\/wp-content\/uploads\/sites\/32\/2014\/11\/palestra_aguinaldo_leite_D16g.jpg\" width=\"600\" height=\"450\" class \/><\/a><p class=\"wp-caption-text\">Aguinaldo Leite vai mostrar as experi\u00eancias da cidade<\/p><\/div>\n<p>Sobre a palestra que apresentar\u00e1 no Equador, <strong>o secret\u00e1rio vai falar sobre a sinergia que existe com o meio acad\u00eamico e a pr\u00e1tica.<\/strong> \u201cVamos apresentar o projeto I-Nopa e os estudos que temos feito na cidade, al\u00e9m da proje\u00e7\u00e3o de um cen\u00e1rio futuro\u201d, explicou.<\/p>\n<p>O prefeito Pedro Bigardi enalteceu o trabalho feito na cidade. \u201cEstamos avan\u00e7ando muito r\u00e1pido em um curto espa\u00e7o de tempo neste assunto e isso me impressiona. Al\u00e9m do avan\u00e7o tecnol\u00f3gico, temos a preocupa\u00e7\u00e3o com o meio ambiente\u201d, afirmou.<\/p>\n<p><strong>A ida at\u00e9 o Equador faz parte dos avan\u00e7os conseguidos pelo prefeito Pedro Bigardi na parceria in\u00e9dita com o governo da Alemanha para tratamento dos res\u00edduos s\u00f3lidos.<\/strong> <strong>A cidade \u00e9 pioneira na Am\u00e9rica Latina nas discuss\u00f5es sobre o tema, que j\u00e1 est\u00e1 em andamento.<\/strong> O munic\u00edpio conta com uma parceria com os alem\u00e3es por meio da Universidade Braunschweig.<\/p>\n<p><strong>Estudos<\/strong><br \/>\nEm novembro, Jundia\u00ed sediou <a href=\"https:\/\/jundiai.sp.gov.br\/noticias\/2014\/11\/residuos-solidos-jundiai-discute-implantacao-da-politica-nacional-em-evento\/\" target=\"_blank\"><strong>1\u00ba Semin\u00e1rio Internacional \u201cNivelamento t\u00e9cnico em gest\u00e3o sustent\u00e1vel de res\u00edduos s\u00f3lidos urbanos\u201d<\/strong><\/a>. Para Aguinaldo Leite, o semin\u00e1rio foi uma oportunidade para propagar e aprofundar os conhecimentos sobre o assunto.<\/p>\n<p>Os estudos para desenvolvimento das rotas e tecnologias que ser\u00e3o adotadas no processo t\u00eam in\u00edcio marcado para mar\u00e7o de 2015, per\u00edodo em que o munic\u00edpio sediar\u00e1 o 3\u00ba Congresso Internacional Brasil Alemanha.<\/p>\n<p>De acordo com o secret\u00e1rio, a Prefeitura de Jundia\u00ed j\u00e1 investiu nas linhas de triagem com a aquisi\u00e7\u00e3o de novas esteiras e acredita ser poss\u00edvel que a cidade tenha sua planta de tratamento mec\u00e2nico-biol\u00f3gico para res\u00edduos s\u00f3lidos, j\u00e1 em 2016.<\/p>\n<p><em><strong>F\u00e1bio Frattini Manzini<br \/>\nFoto: Dorival Pinheiro Filho <\/strong><\/em><\/p>\n","protected":false},"excerpt":{"rendered":"<p>Evento internacional sobre Res\u00edduos S\u00f3lidos ter\u00e1 palestra do secret\u00e1rio Aguinaldo Leite<\/p>\n","protected":false},"author":10,"featured_media":107665,"comment_status":"closed","ping_status":"closed","sticky":false,"template":"","format":"standard","meta":{"footnotes":""},"categories":[2],"tags":[401,341],"ods":[],"class_list":["post-107664","post","type-post","status-publish","format-standard","has-post-thumbnail","hentry","category-noticias","tag-residuos-solidos","tag-servicos-publicos"],"_links":{"self":[{"href":"https:\/\/jundiai.sp.gov.br\/noticias\/wp-json\/wp\/v2\/posts\/107664","targetHints":{"allow":["GET"]}}],"collection":[{"href":"https:\/\/jundiai.sp.gov.br\/noticias\/wp-json\/wp\/v2\/posts"}],"about":[{"href":"https:\/\/jundiai.sp.gov.br\/noticias\/wp-json\/wp\/v2\/types\/post"}],"author":[{"embeddable":true,"href":"https:\/\/jundiai.sp.gov.br\/noticias\/wp-json\/wp\/v2\/users\/10"}],"replies":[{"embeddable":true,"href":"https:\/\/jundiai.sp.gov.br\/noticias\/wp-json\/wp\/v2\/comments?post=107664"}],"version-history":[{"count":1,"href":"https:\/\/jundiai.sp.gov.br\/noticias\/wp-json\/wp\/v2\/posts\/107664\/revisions"}],"predecessor-version":[{"id":182092,"href":"https:\/\/jundiai.sp.gov.br\/noticias\/wp-json\/wp\/v2\/posts\/107664\/revisions\/182092"}],"wp:featuredmedia":[{"embeddable":true,"href":"https:\/\/jundiai.sp.gov.br\/noticias\/wp-json\/"}],"wp:attachment":[{"href":"https:\/\/jundiai.sp.gov.br\/noticias\/wp-json\/wp\/v2\/media?parent=107664"}],"wp:term":[{"taxonomy":"category","embeddable":true,"href":"https:\/\/jundiai.sp.gov.br\/noticias\/wp-json\/wp\/v2\/categories?post=107664"},{"taxonomy":"post_tag","embeddable":true,"href":"https:\/\/jundiai.sp.gov.br\/noticias\/wp-json\/wp\/v2\/tags?post=107664"},{"taxonomy":"ods","embeddable":true,"href":"https:\/\/jundiai.sp.gov.br\/noticias\/wp-json\/wp\/v2\/ods?post=107664"}],"curies":[{"name":"wp","href":"https:\/\/api.w.org\/{rel}","templated":true}]}}