{"id":108040,"date":"2014-11-25T13:53:02","date_gmt":"2014-11-25T15:53:02","guid":{"rendered":"https:\/\/jundiai.sp.gov.br\/noticias\/?p=108040"},"modified":"2016-11-04T11:15:32","modified_gmt":"2016-11-04T13:15:32","slug":"complexo-viario-da-ponte-sao-joao-tem-balanco-positivo","status":"publish","type":"post","link":"https:\/\/jundiai.sp.gov.br\/noticias\/2014\/11\/25\/complexo-viario-da-ponte-sao-joao-tem-balanco-positivo\/","title":{"rendered":"Complexo vi\u00e1rio da Ponte S\u00e3o Jo\u00e3o tem balan\u00e7o positivo"},"content":{"rendered":"<p><strong>O Complexo Vi\u00e1rio L\u00e9ta e Oswaldo B\u00e1rbaro, na Ponte S\u00e3o Jo\u00e3o, liga\u00e7\u00e3o do bairro ao Centro pela avenida Uni\u00e3o dos Ferrovi\u00e1rios, inaugurado pelo prefeito Pedro Bigardi em outubro, completa nesta ter\u00e7a-feira (25) um m\u00eas de funcionamento.<\/strong><\/p>\n<p>A obra \u00e9 respons\u00e1vel por <strong>ampla transforma\u00e7\u00e3o vi\u00e1ria em toda a regi\u00e3o central da cidade e possibilita diversas vantagens aos motoristas.<\/strong> Segundo a diretora de tr\u00e2nsito, da Secretaria de Transportes, Regina Rom\u00e3o, a passagem est\u00e1 em fase de avalia\u00e7\u00e3o.<\/p>\n<p><strong><a href=\"https:\/\/www.flickr.com\/photos\/prefeituradejundiai\/sets\/72157648546214239\/\" target=\"_blank\">CONFIRA AS FOTOS DA INAUGURA\u00c7\u00c3O DO COMPLEXO VI\u00c1RIO<\/a><\/strong><\/p>\n<p><strong>LEIA TAMB\u00c9M<br \/>\n<a href=\"https:\/\/jundiai.sp.gov.br\/noticias\/2014\/11\/secretaria-de-transportes-recupera-mais-de-200-carros-abandonados\/\" target=\"_blank\">Transportes recupera mais de 200 carros<\/a><br \/>\n<a href=\"https:\/\/jundiai.sp.gov.br\/noticias\/2014\/11\/duas-mil-gestantes-passam-pela-palestra-transporte-seguro\/\" target=\"_blank\">Duas mil gestantes passam pela palestra \u2018Transporte Seguro\u2019<\/a><\/strong><\/p>\n<div id=\"attachment_108045\" style=\"width: 1034px\" class=\"wp-caption aligncenter\"><a href=\"https:\/\/jundiai.sp.gov.br\/noticias\/wp-content\/uploads\/sites\/32\/2014\/11\/tunel_ponte_sao_joao_movimento_P_6G.jpg\"><img loading=\"lazy\" decoding=\"async\" aria-describedby=\"caption-attachment-108045\" src=\"https:\/\/jundiai.sp.gov.br\/noticias\/wp-content\/uploads\/sites\/32\/2014\/11\/tunel_ponte_sao_joao_movimento_P_6G-1024x696.jpg\" alt=\"Regina Rom\u00e3o: &quot;Balan\u00e7o positivo do primeiro m\u00eas do complexo vi\u00e1rio&quot;\" width=\"1024\" height=\"696\" class=\"size-large wp-image-108045\" \/><\/a><p id=\"caption-attachment-108045\" class=\"wp-caption-text\">Regina Rom\u00e3o: &#8220;Balan\u00e7o positivo do primeiro m\u00eas do complexo vi\u00e1rio&#8221;<\/p><\/div>\n<p>\u201cNossa equipe de engenheiros tem acompanhado o comportamento e o desejo de viagem dos motoristas. S\u00f3 podemos ter uma avalia\u00e7\u00e3o real do fluxo de ve\u00edculos no in\u00edcio de 2015. No final de ano o tr\u00e2nsito tem uma varia\u00e7\u00e3o, por conta de f\u00e9rias escolares e aumento do com\u00e9rcio\u201d, explica.<\/p>\n<p>Ainda de acordo com a diretora, em um primeiro momento, no per\u00edodo da manh\u00e3, a Secretaria j\u00e1 pode detectar que<strong> o congestionamento na regi\u00e3o \u00e9 bem menor<\/strong>, sentido bairro\/centro. J\u00e1 no final da tarde, a avenida Ferrovi\u00e1rios, sentido bairro, est\u00e1 sendo bem utilizada <strong>livrando pontos de congestionamento na regi\u00e3o central<\/strong>.<\/p>\n<p>\u201cA avenida S\u00e3o Jo\u00e3o \u00e9 um ponto que diminuiu consideravelmente o volume de ve\u00edculos, possibilitando que o <strong>acesso \u00e0 \u00e1rea central fique mais r\u00e1pido<\/strong>. Al\u00e9m disso, estamos estudando o plano semaf\u00f3rico na rua S\u00e3o Bento para dar maior agilidade neste trecho da regi\u00e3o\u201d, pontua.<\/p>\n<p><strong>Qualidade de vida<\/strong><br \/>\nPara o morador da Vila Aparecida, Ricardo Lanza,<strong> o novo complexo vi\u00e1rio gerou uma economia de 20 a 30 minutos no seu trajeto di\u00e1rio<\/strong>. \u201cTodos os dias acesso o t\u00fanel sentido bairro\/centro pela manh\u00e3 e, no final da tarde, volto por ele. A obra facilitou muito e economizo tempo\u201d, afirma.<\/p>\n<p>O complexo vi\u00e1rio trouxe como principais <strong>benef\u00edcios aos motoristas: a nova liga\u00e7\u00e3o sentido centro-Ponte S\u00e3o Jo\u00e3o; a melhor distribui\u00e7\u00e3o do fluxo de ve\u00edculos no eixo da avenida S\u00e3o Jo\u00e3o, viaduto S\u00e3o Jo\u00e3o e avenida Torres Neves; e o aumento da capacidade vi\u00e1ria da avenida S\u00e3o Jo\u00e3o e avenida Torres Neves<\/strong>.<\/p>\n<p>Al\u00e9m dessas vantagens, a passagem tem como objetivo <strong>eliminar maiores pontos de gargalo no tr\u00e2nsito na cidade<\/strong>. Dessa forma, foi liberada a conversa\u00e7\u00e3o \u00e0 esquerda na Ant\u00f4nio Frederico Ozanam, na altura da ponte sobre o Rio Jundia\u00ed, sentido V\u00e1rzea Paulista e liberada a convers\u00e3o \u00e0 esquerda da rua Dr. Torres Neves para a rua Prudente de Moraes.<\/p>\n<p>O aposentado, Geraldo Paulo Franciscano, afirma que <strong>a qualidade de vida de sua fam\u00edlia aumentou<\/strong>. \u201cMoro no Jardim Pacaembu e utilizo o t\u00fanel todos os dias para acessar o centro. Nesse novo trajeto n\u00e3o pego muitos sem\u00e1foros e n\u00e3o tem pontos de tr\u00e2nsito. A obra foi muito bem executada\u201d, comenta.<\/p>\n<div id=\"attachment_108044\" style=\"width: 610px\" class=\"wp-caption aligncenter\"><a href=\"https:\/\/jundiai.sp.gov.br\/noticias\/wp-content\/uploads\/sites\/32\/2014\/11\/tunel_ponte_sao_joao_ricardo_P_16G.jpg\"><img loading=\"lazy\" decoding=\"async\" aria-describedby=\"caption-attachment-108044\" src=\"https:\/\/jundiai.sp.gov.br\/noticias\/wp-content\/uploads\/sites\/32\/2014\/11\/tunel_ponte_sao_joao_ricardo_P_16G-1024x643.jpg\" alt=\"Ricardo Lanza: &#039;Agilidade no trajeto&#039;\" width=\"600\" height=\"450\" class=\"size-large wp-image-108044\" \/><\/a><p id=\"caption-attachment-108044\" class=\"wp-caption-text\">Ricardo Lanza: &#8216;Agilidade no trajeto&#8217;<\/p><\/div>\n<p><strong><em>Luiza Ronchi<br \/>\nFotos: Paulo Gr\u00e9gio<\/em><\/strong><\/p>\n<p><strong>Assista \u00e0 reportagem da TVE Jundia\u00ed<\/strong><\/p>\n","protected":false},"excerpt":{"rendered":"<p>No primeiro m\u00eas desde a inaugura\u00e7\u00e3o, depoimentos de moradores e n\u00fameros comprovam sucesso da obra<\/p>\n","protected":false},"author":14,"featured_media":108047,"comment_status":"closed","ping_status":"closed","sticky":false,"template":"","format":"standard","meta":{"footnotes":""},"categories":[2],"tags":[358,27,338],"ods":[],"class_list":["post-108040","post","type-post","status-publish","format-standard","has-post-thumbnail","hentry","category-noticias","tag-complexo-viario-leta-e-oswaldo-barbaro","tag-transito","tag-transportes"],"_links":{"self":[{"href":"https:\/\/jundiai.sp.gov.br\/noticias\/wp-json\/wp\/v2\/posts\/108040","targetHints":{"allow":["GET"]}}],"collection":[{"href":"https:\/\/jundiai.sp.gov.br\/noticias\/wp-json\/wp\/v2\/posts"}],"about":[{"href":"https:\/\/jundiai.sp.gov.br\/noticias\/wp-json\/wp\/v2\/types\/post"}],"author":[{"embeddable":true,"href":"https:\/\/jundiai.sp.gov.br\/noticias\/wp-json\/wp\/v2\/users\/14"}],"replies":[{"embeddable":true,"href":"https:\/\/jundiai.sp.gov.br\/noticias\/wp-json\/wp\/v2\/comments?post=108040"}],"version-history":[{"count":1,"href":"https:\/\/jundiai.sp.gov.br\/noticias\/wp-json\/wp\/v2\/posts\/108040\/revisions"}],"predecessor-version":[{"id":146427,"href":"https:\/\/jundiai.sp.gov.br\/noticias\/wp-json\/wp\/v2\/posts\/108040\/revisions\/146427"}],"wp:featuredmedia":[{"embeddable":true,"href":"https:\/\/jundiai.sp.gov.br\/noticias\/wp-json\/"}],"wp:attachment":[{"href":"https:\/\/jundiai.sp.gov.br\/noticias\/wp-json\/wp\/v2\/media?parent=108040"}],"wp:term":[{"taxonomy":"category","embeddable":true,"href":"https:\/\/jundiai.sp.gov.br\/noticias\/wp-json\/wp\/v2\/categories?post=108040"},{"taxonomy":"post_tag","embeddable":true,"href":"https:\/\/jundiai.sp.gov.br\/noticias\/wp-json\/wp\/v2\/tags?post=108040"},{"taxonomy":"ods","embeddable":true,"href":"https:\/\/jundiai.sp.gov.br\/noticias\/wp-json\/wp\/v2\/ods?post=108040"}],"curies":[{"name":"wp","href":"https:\/\/api.w.org\/{rel}","templated":true}]}}