{"id":108215,"date":"2014-11-26T16:24:22","date_gmt":"2014-11-26T18:24:22","guid":{"rendered":"https:\/\/jundiai.sp.gov.br\/noticias\/?p=108215"},"modified":"2016-11-04T11:06:58","modified_gmt":"2016-11-04T13:06:58","slug":"oficinas-das-escolas-integrais-sao-destaque-no-complexo-argos","status":"publish","type":"post","link":"https:\/\/jundiai.sp.gov.br\/noticias\/2014\/11\/26\/oficinas-das-escolas-integrais-sao-destaque-no-complexo-argos\/","title":{"rendered":"Oficinas das escolas integrais s\u00e3o destaque no Complexo Argos"},"content":{"rendered":"<p><strong>Com a apresenta\u00e7\u00e3o da pe\u00e7a teatral \u201cUm conto do Jo\u00e3o Luiz: o reino de um povo feliz!\u201d, alunos da Emeb Professor Jo\u00e3o Luiz de Campos abriram, nesta quarta-feira (26), o 1\u00ba Encontro para Socializa\u00e7\u00e3o de Experi\u00eancias das Escolas Municipais de Tempo Integral. A atividade foi realizada no Centro de Capacita\u00e7\u00e3o, no Complexo Argos.<\/strong><\/p>\n<p>O grupo formado por 17 estudantes contou, de forma l\u00fadica, o que acontece na escola, localizada no Jardim Florestal, das 7h30 \u00e0s 16h30. No local, <strong>al\u00e9m das aulas do curr\u00edculo b\u00e1sico, s\u00e3o desenvolvidas, no contraturno, oficinas de xadrez, m\u00fasica, capoeira, alfabetiza\u00e7\u00e3o e letramento, direitos humanos e reciclagem<\/strong>. A unidade tamb\u00e9m abriu as portas para as fam\u00edlias, envolvendo a comunidade em seus projetos complementares. &#8220;Todos passaram a se comprometer com as atividades. Isso se refletiu no aluno que est\u00e1 mais interessado\u201d, contou a diretora da Emeb, Maria Dejazete Leal.<\/p>\n<p><strong>LEIA TAMB\u00c9M<br \/>\n<a href=\"https:\/\/jundiai.sp.gov.br\/noticias\/2014\/11\/prefeito-assina-convenio-para-criar-espaco-jovem-na-biblioteca\/\" target=\"_blank\">Prefeito assina conv\u00eanio para criar \u2018Espa\u00e7o Jovem\u2019 na biblioteca<\/a><br \/>\n<a href=\"https:\/\/jundiai.sp.gov.br\/noticias\/2014\/11\/inscricoes-abertas-para-vagas-de-curso-profissionalizante\/\" target=\"_blank\">Inscri\u00e7\u00f5es abertas para vagas de curso profissionalizante<\/a><\/strong><\/p>\n<div id=\"attachment_108216\" style=\"width: 610px\" class=\"wp-caption aligncenter\"><a href=\"https:\/\/jundiai.sp.gov.br\/noticias\/wp-content\/uploads\/sites\/32\/2014\/11\/1\u00baEncontro_EMEBs_Tempo_Integral_c_40_G.jpg\"><img loading=\"lazy\" decoding=\"async\" aria-describedby=\"caption-attachment-108216\" src=\"https:\/\/jundiai.sp.gov.br\/noticias\/wp-content\/uploads\/sites\/32\/2014\/11\/1\u00baEncontro_EMEBs_Tempo_Integral_c_40_G-1024x696.jpg\" alt=\"Alunos da Emeb Prof. Jo\u00e3o Luiz abriram evento com apresenta\u00e7\u00e3o teatral\" width=\"600\" height=\"450\" class=\"size-large wp-image-108216\" \/><\/a><p id=\"caption-attachment-108216\" class=\"wp-caption-text\">Alunos da Emeb Prof. Jo\u00e3o Luiz abriram evento com apresenta\u00e7\u00e3o teatral<\/p><\/div>\n<p><strong>Ao todo, Jundia\u00ed possui nove escolas de Ensino Fundamental de tempo integral. A cidade aderiu ao <a href=\"http:\/\/portal.mec.gov.br\/index.php?option=com_content&amp;view=article&amp;id=16690&amp;Itemid=1113\" target=\"_blank\"><strong>Programa Mais Educa\u00e7\u00e3o<\/strong><\/a>, do governo federal, que incentiva a educa\u00e7\u00e3o integral na rede p\u00fablica com a transfer\u00eancia de recursos.<\/strong> Assim como a Emeb Jo\u00e3o Luiz, as outras unidades promovem <strong>oficinas de acordo com o perfil da comunidade, em \u00e1reas como meio ambiente, esporte e lazer, direitos humanos, cultura e artes, e ci\u00eancia econ\u00f4mica<\/strong>.<\/p>\n<p>\u201cE hoje os educadores da rede est\u00e3o mostrando tudo isso tanto nas apresenta\u00e7\u00f5es como na exposi\u00e7\u00e3o preparada especialmente para esse encontro. S\u00e3o a\u00e7\u00f5es excelentes e que merecem ser compartilhadas. <strong>A escola integral, sem d\u00favidas, tem ampliado o horizonte das crian\u00e7as, dando a elas novas oportunidades de aprendizagem<\/strong>\u201d, destacou a diretora de Ensino Fundamental da Secretaria de Educa\u00e7\u00e3o, Suzette Longo Verm\u00edglio.<\/p>\n<p>O secret\u00e1rio de Educa\u00e7\u00e3o em exerc\u00edcio, Jos\u00e9 Renato Polli, tamb\u00e9m ressaltou a <strong>import\u00e2ncia do evento para a troca de experi\u00eancias entre as escolas e os educadores<\/strong>. \u201cAprender uns com os outros \u00e9 muito importante. Desejamos que essa iniciativa continue pelos pr\u00f3ximos anos.\u201d<\/p>\n<p>O encontro foi fechado com uma apresenta\u00e7\u00e3o de tambores dos alunos da Emeb Rotary Club, do Anhangaba\u00fa.<\/p>\n<div id=\"attachment_108217\" style=\"width: 610px\" class=\"wp-caption aligncenter\"><a href=\"https:\/\/jundiai.sp.gov.br\/noticias\/wp-content\/uploads\/sites\/32\/2014\/11\/1\u00baEncontro_EMEBs_Tempo_Integral_c_0_G.jpg\"><img loading=\"lazy\" decoding=\"async\" aria-describedby=\"caption-attachment-108217\" src=\"https:\/\/jundiai.sp.gov.br\/noticias\/wp-content\/uploads\/sites\/32\/2014\/11\/1\u00baEncontro_EMEBs_Tempo_Integral_c_0_G-1024x739.jpg\" alt=\"Exposi\u00e7\u00e3o reuniu trabalho realizado pelas Emebs de tempo integral\" width=\"600\" height=\"450\" class=\"size-large wp-image-108217\" \/><\/a><p id=\"caption-attachment-108217\" class=\"wp-caption-text\">Exposi\u00e7\u00e3o reuniu trabalho realizado pelas Emebs de tempo integral<\/p><\/div>\n<p><strong><em>Roberta de S\u00e1<br \/>\nFotos: Cleber de Almeida<\/em><\/strong><\/p>\n","protected":false},"excerpt":{"rendered":"<p>Pelo menos 3,5 mil alunos do Ensino Fundamental est\u00e3o matriculados nas nove Emebs que atendem ao programa<\/p>\n","protected":false},"author":14,"featured_media":108219,"comment_status":"closed","ping_status":"closed","sticky":false,"template":"","format":"standard","meta":{"footnotes":""},"categories":[2],"tags":[418,419,6],"ods":[],"class_list":["post-108215","post","type-post","status-publish","format-standard","has-post-thumbnail","hentry","category-noticias","tag-1o-encontro-para-socializacao-de-experiencias-das-escolas-municipais-de-tempo-integral","tag-complexo-argos","tag-educacao"],"_links":{"self":[{"href":"https:\/\/jundiai.sp.gov.br\/noticias\/wp-json\/wp\/v2\/posts\/108215","targetHints":{"allow":["GET"]}}],"collection":[{"href":"https:\/\/jundiai.sp.gov.br\/noticias\/wp-json\/wp\/v2\/posts"}],"about":[{"href":"https:\/\/jundiai.sp.gov.br\/noticias\/wp-json\/wp\/v2\/types\/post"}],"author":[{"embeddable":true,"href":"https:\/\/jundiai.sp.gov.br\/noticias\/wp-json\/wp\/v2\/users\/14"}],"replies":[{"embeddable":true,"href":"https:\/\/jundiai.sp.gov.br\/noticias\/wp-json\/wp\/v2\/comments?post=108215"}],"version-history":[{"count":1,"href":"https:\/\/jundiai.sp.gov.br\/noticias\/wp-json\/wp\/v2\/posts\/108215\/revisions"}],"predecessor-version":[{"id":182564,"href":"https:\/\/jundiai.sp.gov.br\/noticias\/wp-json\/wp\/v2\/posts\/108215\/revisions\/182564"}],"wp:featuredmedia":[{"embeddable":true,"href":"https:\/\/jundiai.sp.gov.br\/noticias\/wp-json\/"}],"wp:attachment":[{"href":"https:\/\/jundiai.sp.gov.br\/noticias\/wp-json\/wp\/v2\/media?parent=108215"}],"wp:term":[{"taxonomy":"category","embeddable":true,"href":"https:\/\/jundiai.sp.gov.br\/noticias\/wp-json\/wp\/v2\/categories?post=108215"},{"taxonomy":"post_tag","embeddable":true,"href":"https:\/\/jundiai.sp.gov.br\/noticias\/wp-json\/wp\/v2\/tags?post=108215"},{"taxonomy":"ods","embeddable":true,"href":"https:\/\/jundiai.sp.gov.br\/noticias\/wp-json\/wp\/v2\/ods?post=108215"}],"curies":[{"name":"wp","href":"https:\/\/api.w.org\/{rel}","templated":true}]}}