{"id":108235,"date":"2014-11-26T16:54:18","date_gmt":"2014-11-26T18:54:18","guid":{"rendered":"https:\/\/jundiai.sp.gov.br\/noticias\/?p=108235"},"modified":"2016-11-04T11:06:57","modified_gmt":"2016-11-04T13:06:57","slug":"secretario-de-servicos-publicos-encontra-prefeito-de-cuenca","status":"publish","type":"post","link":"https:\/\/jundiai.sp.gov.br\/noticias\/2014\/11\/26\/secretario-de-servicos-publicos-encontra-prefeito-de-cuenca\/","title":{"rendered":"Secret\u00e1rio encontra prefeito de Cuenca, no Equador"},"content":{"rendered":"<p><strong>O secret\u00e1rio de Servi\u00e7os P\u00fablicos, Aguinaldo Leite, se encontrou na noite de ter\u00e7a-feira (25) com o prefeito de <a href=\"http:\/\/www.cuenca.com.ec\/cuencanew\/pt-br\/node\/209\" target=\"_blank\">Cuenca, Equador<\/a>, Marcelo Cabrera Palacios. O secret\u00e1rio est\u00e1 na cidade participando do &#8220;Primeiro Di\u00e1logo conjuntivo Cidades da Am\u00e9rica Latina&#8221;, evento que conta com a participa\u00e7\u00e3o de v\u00e1rios pa\u00edses, entre eles Bol\u00edvia, Peru, Equador, Col\u00f4mbia, Costa Rica, M\u00e9xico, Alemanha e Brasil.<\/strong><\/p>\n<p><strong>LEIA TAMB\u00c9M<br \/>\n<a href=\"https:\/\/jundiai.sp.gov.br\/noticias\/2014\/11\/prefeito-recebe-diretor-da-pilot-pen-brasil\/\" target=\"_blank\">Prefeito recebe diretor da Pilot Pen Brasil<\/a><br \/>\n<a href=\"https:\/\/jundiai.sp.gov.br\/noticias\/2014\/11\/equador-conhece-o-case-de-jundiai-sobre-residuos-solidos\/\" target=\"_blank\">Equador conhece o case de Jundia\u00ed sobre res\u00edduos<\/a><br \/>\n<a href=\"https:\/\/jundiai.sp.gov.br\/noticias\/2014\/11\/coleta-de-residuos-jundiai-e-inspiracao-para-prefeitura-de-belo-horizonte\/\" target=\"_blank\">Coleta de res\u00edduos: Jundia\u00ed \u00e9 inspira\u00e7\u00e3o para Prefeitura de BH<\/a><\/strong><\/p>\n<div id=\"attachment_108236\" style=\"width: 610px\" class=\"wp-caption aligncenter\"><a href=\"https:\/\/jundiai.sp.gov.br\/noticias\/wp-content\/uploads\/sites\/32\/2014\/11\/Aguinaldo_prefeito_Cuenca_1G.jpg\"><img loading=\"lazy\" decoding=\"async\" aria-describedby=\"caption-attachment-108236\" src=\"https:\/\/jundiai.sp.gov.br\/noticias\/wp-content\/uploads\/sites\/32\/2014\/11\/Aguinaldo_prefeito_Cuenca_1G-1024x721.jpg\" alt=\"Secret\u00e1rio Aguinaldo Leite foi recebido por Marcelo Palacios\" width=\"600\" height=\"450\" class=\"size-large wp-image-108236\" \/><\/a><p id=\"caption-attachment-108236\" class=\"wp-caption-text\">Secret\u00e1rio Aguinaldo Leite foi recebido por Marcelo Palacios<\/p><\/div>\n<p>Na ocasi\u00e3o, <strong>Aguinaldo Leite apresentou a experi\u00eancia e o trabalho desenvolvido em Jundia\u00ed relacionado aos estudos em solu\u00e7\u00f5es tecnol\u00f3gicas para tratamento dos res\u00edduos s\u00f3lidos. O prefeito de Cuenca elogiou o projeto<\/strong>. \u201c\u00c9 uma honra Cuenca sediar um evento dessa magnitude e com tantos pa\u00edses participantes\u201d, disse Palacios.<\/p>\n<p>O secret\u00e1rio de Servi\u00e7os P\u00fablicos de Jundia\u00ed aproveitou para <strong>convidar o prefeito de Cuenca para participar do 2\u00ba Congresso Brasil e Alemanha, que ocorre em mar\u00e7o de 2015 em Jundia\u00ed<\/strong>. \u201cEle gostou do nosso projeto e seria muito importante receb\u00ea-lo em Jundia\u00ed no ano que vem\u201dm afirmou Aguinaldo Leite.<\/p>\n<p>O \u201cPrimeiro Di\u00e1logo conjuntivo Cidades da Am\u00e9rica Latina\u201d termina nesta quinta-feira (27).<\/p>\n<p><strong><em>Fabio Frattini Manzini<br \/>\nFoto: Divulga\u00e7\u00e3o<\/em><\/strong><\/p>\n","protected":false},"excerpt":{"rendered":"<p>Aguinaldo Leite est\u00e1 na cidade para participar do &#8220;Primeiro Di\u00e1logo conjuntivo Cidades da Am\u00e9rica Latina&#8221;<\/p>\n","protected":false},"author":14,"featured_media":108237,"comment_status":"closed","ping_status":"closed","sticky":false,"template":"","format":"standard","meta":{"footnotes":""},"categories":[2],"tags":[661,341],"ods":[],"class_list":["post-108235","post","type-post","status-publish","format-standard","has-post-thumbnail","hentry","category-noticias","tag-congresso-tecnico-brasil-alemanha","tag-servicos-publicos"],"_links":{"self":[{"href":"https:\/\/jundiai.sp.gov.br\/noticias\/wp-json\/wp\/v2\/posts\/108235","targetHints":{"allow":["GET"]}}],"collection":[{"href":"https:\/\/jundiai.sp.gov.br\/noticias\/wp-json\/wp\/v2\/posts"}],"about":[{"href":"https:\/\/jundiai.sp.gov.br\/noticias\/wp-json\/wp\/v2\/types\/post"}],"author":[{"embeddable":true,"href":"https:\/\/jundiai.sp.gov.br\/noticias\/wp-json\/wp\/v2\/users\/14"}],"replies":[{"embeddable":true,"href":"https:\/\/jundiai.sp.gov.br\/noticias\/wp-json\/wp\/v2\/comments?post=108235"}],"version-history":[{"count":1,"href":"https:\/\/jundiai.sp.gov.br\/noticias\/wp-json\/wp\/v2\/posts\/108235\/revisions"}],"predecessor-version":[{"id":142427,"href":"https:\/\/jundiai.sp.gov.br\/noticias\/wp-json\/wp\/v2\/posts\/108235\/revisions\/142427"}],"wp:featuredmedia":[{"embeddable":true,"href":"https:\/\/jundiai.sp.gov.br\/noticias\/wp-json\/"}],"wp:attachment":[{"href":"https:\/\/jundiai.sp.gov.br\/noticias\/wp-json\/wp\/v2\/media?parent=108235"}],"wp:term":[{"taxonomy":"category","embeddable":true,"href":"https:\/\/jundiai.sp.gov.br\/noticias\/wp-json\/wp\/v2\/categories?post=108235"},{"taxonomy":"post_tag","embeddable":true,"href":"https:\/\/jundiai.sp.gov.br\/noticias\/wp-json\/wp\/v2\/tags?post=108235"},{"taxonomy":"ods","embeddable":true,"href":"https:\/\/jundiai.sp.gov.br\/noticias\/wp-json\/wp\/v2\/ods?post=108235"}],"curies":[{"name":"wp","href":"https:\/\/api.w.org\/{rel}","templated":true}]}}