{"id":108862,"date":"2014-11-29T18:14:24","date_gmt":"2014-11-29T20:14:24","guid":{"rendered":"https:\/\/jundiai.sp.gov.br\/noticias\/?p=108862"},"modified":"2016-11-04T11:15:58","modified_gmt":"2016-11-04T13:15:58","slug":"abertos-basquete-conquista-triplice-coroa-e-mira-mais-titulos","status":"publish","type":"post","link":"https:\/\/jundiai.sp.gov.br\/noticias\/2014\/11\/29\/abertos-basquete-conquista-triplice-coroa-e-mira-mais-titulos\/","title":{"rendered":"Abertos: basquete conquista tr\u00edplice coroa e mira mais t\u00edtulos"},"content":{"rendered":"<p><strong>A vit\u00f3ria por 75 a 71 sobre Sert\u00e3ozinho marcou o oitavo t\u00edtulo de Jundia\u00ed no basquete em Jogos Abertos do Interior. A partida realizada neste s\u00e1bado (29), no Col\u00e9gio S\u00e3o Francisco de Assis, foi equilibrada at\u00e9 o final, mas a juventude das atletas jundiaienses pesou na decis\u00e3o. Foi o terceiro t\u00edtulo jundiaiense no ano. A equipe j\u00e1 havia ganhado os Jogos Regionais (Sorocaba), os Joguinhos Abertos (Itapetininga ) e agora os Abertos.<\/strong><\/p>\n<p>\u201cIsso mostra o trabalho que estamos realizando com o basquete feminino em Jundia\u00ed\u201d, afirmou o t\u00e9cnico Luiz Claudio Tarallo. O mesmo grupo ainda pode aumentar a cole\u00e7\u00e3o de t\u00edtulos em 2014.<\/p>\n<p><a href=\"https:\/\/jundiai.sp.gov.br\/noticias\/jogos-abertos-de-bauru-2014\/\" target=\"_blank\"><strong>TUDO SOBRE OS ABERTOS DE BAURU 2014<\/strong><\/a><br \/>\n<a href=\"https:\/\/www.flickr.com\/photos\/prefeituradejundiai\/sets\/72157648950064618\/page10\/\" target=\"_blank\"><strong>VEJA O \u00c1LBUM DE FOTOS DA DELEGA\u00c7\u00c3O JUNDIAIENSE NA COMPETI\u00c7\u00c3O <\/strong><\/a><\/p>\n<div style=\"width: 610px\" class=\"wp-caption aligncenter\"><a href=\"https:\/\/jundiai.sp.gov.br\/noticias\/wp-content\/uploads\/sites\/32\/2014\/11\/ouro_basquete_jundiai_1G.jpg\"><img loading=\"lazy\" decoding=\"async\" src=\"https:\/\/jundiai.sp.gov.br\/noticias\/wp-content\/uploads\/sites\/32\/2014\/11\/ouro_basquete_jundiai_1G.jpg\" width=\"600\" height=\"450\" class \/><\/a><p class=\"wp-caption-text\">Luiz Cl\u00e1udio Tarallo: t\u00e9cnico vencedor<\/p><\/div>\n<p>Na pr\u00f3xima semana a equipe ainda disputa a semifinal da S\u00e9rie A2 e do sub-17. E na segunda semana de dezembro joga a final da categoria sub-19. \u201cNosso grupo tem for\u00e7a. S\u00e3o meninas que jogam por amor e fazem muito bem o que gostam. Acredito que podemos evoluir ainda mais\u201d, afirmou o treinador jundiaiense.<\/p>\n<p><strong>O jogo<\/strong><br \/>\nA partida contra Sert\u00e3ozinho foi apertada desde o in\u00edcio. As advers\u00e1rias abusaram da experi\u00eancia e efici\u00eancia nos arremessos de longa e m\u00e9dia dist\u00e2ncia. O resultado foi a disputa equilibrada e decidida apenas no final. O primeiro tempo terminou com a vantagem de Jundia\u00ed (37 a 31).<\/p>\n<p>A vit\u00f3ria jundiaiense foi constru\u00edda no terceiro quarto. Com um in\u00edcio arrasador, as atletas conseguiram abrir 11 pontos de vantagem e administraram a partida. Apenas nos \u00faltimos dois minutos as advers\u00e1rias esbo\u00e7aram uma rea\u00e7\u00e3o e reduziram a diferen\u00e7a para apenas tr\u00eas pontos. Com grande atua\u00e7\u00e3o de Gabriela e Susan, Jundia\u00ed conquistou o oitavo t\u00edtulo em 10 anos. \u201cElas s\u00e3o adultas e jogaram com muita for\u00e7a, mas conseguimos manter o ritmo no final e ficar com a vit\u00f3ria\u201d, disse Gabriela.<\/p>\n<p>O basquete feminino atuou e pontuou com: Maria Fernanda, Stefany, Carla (7), Mait\u00ea (2), Rafaela, Mariane (11), Stefani (2), Susan (18), Babalu (5) e Gabriela (30). T\u00e9cnico: Luiz Claudio Tarallo.<\/p>\n<div style=\"width: 610px\" class=\"wp-caption aligncenter\"><a href=\"https:\/\/jundiai.sp.gov.br\/noticias\/wp-content\/uploads\/sites\/32\/2014\/11\/ouro_basquete_jundiai_3G.jpg\"><img loading=\"lazy\" decoding=\"async\" src=\"https:\/\/jundiai.sp.gov.br\/noticias\/wp-content\/uploads\/sites\/32\/2014\/11\/ouro_basquete_jundiai_3G.jpg\" width=\"600\" height=\"450\" class \/><\/a><p class=\"wp-caption-text\">Elenco vencedor do basquete feminino nesta temporada<\/p><\/div>\n<p><em><strong>Assessoria de Imprensa<br \/>\nFoto: Dorival Pinheiro Filho <\/strong><\/em><\/p>\n","protected":false},"excerpt":{"rendered":"<p>A vit\u00f3ria por 75 a 71 sobre Sert\u00e3ozinho marcou o oitavo t\u00edtulo de Jundia\u00ed no basquete em Jogos Abertos do Interior. A partida realizada neste s\u00e1bado (29), no Col\u00e9gio S\u00e3o Francisco de Assis, foi equilibrada at\u00e9 o final, mas a juventude das atletas jundiaienses pesou na decis\u00e3o. Foi o terceiro t\u00edtulo jundiaiense no ano. A [&hellip;]<\/p>\n","protected":false},"author":10,"featured_media":0,"comment_status":"closed","ping_status":"closed","sticky":false,"template":"","format":"standard","meta":{"footnotes":""},"categories":[2],"tags":[106,35,363],"ods":[],"class_list":["post-108862","post","type-post","status-publish","format-standard","hentry","category-noticias","tag-basquete","tag-esporte-e-lazer","tag-jogos-abertos-bauru-2014"],"_links":{"self":[{"href":"https:\/\/jundiai.sp.gov.br\/noticias\/wp-json\/wp\/v2\/posts\/108862","targetHints":{"allow":["GET"]}}],"collection":[{"href":"https:\/\/jundiai.sp.gov.br\/noticias\/wp-json\/wp\/v2\/posts"}],"about":[{"href":"https:\/\/jundiai.sp.gov.br\/noticias\/wp-json\/wp\/v2\/types\/post"}],"author":[{"embeddable":true,"href":"https:\/\/jundiai.sp.gov.br\/noticias\/wp-json\/wp\/v2\/users\/10"}],"replies":[{"embeddable":true,"href":"https:\/\/jundiai.sp.gov.br\/noticias\/wp-json\/wp\/v2\/comments?post=108862"}],"version-history":[{"count":1,"href":"https:\/\/jundiai.sp.gov.br\/noticias\/wp-json\/wp\/v2\/posts\/108862\/revisions"}],"predecessor-version":[{"id":182055,"href":"https:\/\/jundiai.sp.gov.br\/noticias\/wp-json\/wp\/v2\/posts\/108862\/revisions\/182055"}],"wp:attachment":[{"href":"https:\/\/jundiai.sp.gov.br\/noticias\/wp-json\/wp\/v2\/media?parent=108862"}],"wp:term":[{"taxonomy":"category","embeddable":true,"href":"https:\/\/jundiai.sp.gov.br\/noticias\/wp-json\/wp\/v2\/categories?post=108862"},{"taxonomy":"post_tag","embeddable":true,"href":"https:\/\/jundiai.sp.gov.br\/noticias\/wp-json\/wp\/v2\/tags?post=108862"},{"taxonomy":"ods","embeddable":true,"href":"https:\/\/jundiai.sp.gov.br\/noticias\/wp-json\/wp\/v2\/ods?post=108862"}],"curies":[{"name":"wp","href":"https:\/\/api.w.org\/{rel}","templated":true}]}}