{"id":109082,"date":"2014-12-02T14:20:25","date_gmt":"2014-12-02T16:20:25","guid":{"rendered":"https:\/\/jundiai.sp.gov.br\/noticias\/?p=109082"},"modified":"2020-11-06T10:18:49","modified_gmt":"2020-11-06T13:18:49","slug":"presepios-atingem-recorde-de-participantes","status":"publish","type":"post","link":"https:\/\/jundiai.sp.gov.br\/noticias\/2014\/12\/02\/presepios-atingem-recorde-de-participantes\/","title":{"rendered":"Pres\u00e9pios atingem recorde de participantes em 2014"},"content":{"rendered":"<p><strong>A abertura do Natal Encantado 2014, no Centro, marcou tamb\u00e9m o in\u00edcio da visita\u00e7\u00e3o para a tradicional Exposi\u00e7\u00e3o de Pres\u00e9pios no Solar do Bar\u00e3o (sede do Museu Hist\u00f3rico e Cultural). O hor\u00e1rio de funcionamento, inclusive, foi ampliado at\u00e9 as 21h nesta temporada natalina. E uma grande surpresa foi o n\u00famero recorde de participantes: de acordo com o diretor Jean Camoleze, s\u00e3o 90 pres\u00e9pios, incluindo as miniaturas. <\/strong><\/p>\n<p><strong><a href=\"https:\/\/www.flickr.com\/photos\/prefeituradejundiai\/sets\/72157649156474049\/\" target=\"_blank\" rel=\"noopener noreferrer\">CONFIRA AS FOTOS DO LAN\u00c7AMENTO DO NATAL ENCANTADO 2014<\/a><\/strong><\/p>\n<p><strong>LEIA TAMB\u00c9M<br \/>\n<\/strong><a href=\"https:\/\/jundiai.sp.gov.br\/noticias\/2014\/12\/emocao-na-premiacao-dos-concursos-natalinos\/\" target=\"_blank\" rel=\"noopener noreferrer\">\u00c1rvore de Natal e desenhos s\u00e3o premiados pelo \u2018Natal Encantado\u2019<\/a><\/p>\n<div id=\"attachment_109085\" style=\"width: 610px\" class=\"wp-caption aligncenter\"><a href=\"https:\/\/jundiai.sp.gov.br\/noticias\/wp-content\/uploads\/sites\/32\/2014\/12\/Natal-Encantado_56g.jpg\"><img loading=\"lazy\" decoding=\"async\" aria-describedby=\"caption-attachment-109085\" class=\"size-large wp-image-109085\" src=\"https:\/\/jundiai.sp.gov.br\/noticias\/wp-content\/uploads\/sites\/32\/2014\/12\/Natal-Encantado_56g-1024x679.jpg\" alt=\"O pres\u00e9pio com tecnologia ferrovi\u00e1ria foi destacado pelo diretor Jean Camoleze\" width=\"600\" height=\"450\" \/><\/a><p id=\"caption-attachment-109085\" class=\"wp-caption-text\">O pres\u00e9pio com tecnologia ferrovi\u00e1ria foi destacado pelo diretor Jean Camoleze<\/p><\/div>\n<p>\u201cA exposi\u00e7\u00e3o est\u00e1 linda, mas sempre fico emocionada ao rever essa atra\u00e7\u00e3o\u201d, comentou a primeira-dama Margarete Geraldo Bigardi, ao ver o <strong>antigo \u201cPapai Noel Infl\u00e1vel\u201d que pertenceu \u00e0s Lojas Magalh\u00e3es e foi restaurado pelo museu.<\/strong> Na visita, ela estava acompanhada pelo prefeito Pedro Bigardi.<\/p>\n<div id=\"attachment_109086\" style=\"width: 360px\" class=\"wp-caption alignleft\"><a href=\"https:\/\/jundiai.sp.gov.br\/noticias\/wp-content\/uploads\/sites\/32\/2014\/12\/Natal-Encantado_54g.jpg\"><img loading=\"lazy\" decoding=\"async\" aria-describedby=\"caption-attachment-109086\" class=\"size-large wp-image-109086\" src=\"https:\/\/jundiai.sp.gov.br\/noticias\/wp-content\/uploads\/sites\/32\/2014\/12\/Natal-Encantado_54g-950x1024.jpg\" alt=\"Para Bigardi e Margarete, as lembran\u00e7as do hist\u00f3rico Papai Noel infl\u00e1vel valorizam o evento\" width=\"350\" height=\"400\" \/><\/a><p id=\"caption-attachment-109086\" class=\"wp-caption-text\">Para Bigardi e Margarete, as lembran\u00e7as do hist\u00f3rico Papai Noel infl\u00e1vel valorizam o evento<\/p><\/div>\n<p>A mostra apresenta desde o enorme pres\u00e9pio mec\u00e2nico produzido pelo ferrovi\u00e1rio aposentado La\u00e9rcio Tetto (com o parceiro Quico) at\u00e9 miniaturas criadas dentro de pequenas garrafas. Durante a visita, tamb\u00e9m o prefeito Pedro Bigardi reencontrou muitas pessoas. Com o artista Chic\u00e3o (da Trupe Artenativa), lembrou ter participado do mesmo curso de confec\u00e7\u00e3o de bonecos. \u201cMas ele foi o que aprendeu\u201d, brincou.<\/p>\n<p>O ambiente de magia marcou a abertura do Natal Encantado 2014 tamb\u00e9m no museu, que recebe outras atra\u00e7\u00f5es da Secretaria de Cultura como os corais. Para Concei\u00e7\u00e3o Silva, que produziu um pres\u00e9pio inteiramente de croch\u00ea, a receptividade dos visitantes come\u00e7ou muito bem. \u201c\u00c9 o maior presente para quem faz\u201d, afirmou.<\/p>\n<p><strong><em>Jos\u00e9 Arnaldo de Oliveira<br \/>\nFotos: Dorival Pinheiro Filho<\/em><\/strong><\/p>\n<p><strong>Assista \u00e0 reportagem da TVE Jundia\u00ed<\/strong><\/p>\n","protected":false},"excerpt":{"rendered":"<p>Prefeito Pedro Bigardi lan\u00e7ou o &#8220;Natal Encantado 2014&#8221; na noite dessa segunda (1\u00ba), na Pra\u00e7a da Matriz, no Centro<\/p>\n","protected":false},"author":14,"featured_media":109088,"comment_status":"closed","ping_status":"closed","sticky":false,"template":"","format":"standard","meta":{"footnotes":""},"categories":[2],"tags":[41,29,290,422,360],"ods":[],"class_list":["post-109082","post","type-post","status-publish","format-standard","has-post-thumbnail","hentry","category-noticias","tag-agricultura-abastecimento-e-turismo","tag-cultura","tag-museu-historico-e-cultural-solar-do-barao","tag-natal-encantado","tag-natal-encantado-2014"],"_links":{"self":[{"href":"https:\/\/jundiai.sp.gov.br\/noticias\/wp-json\/wp\/v2\/posts\/109082","targetHints":{"allow":["GET"]}}],"collection":[{"href":"https:\/\/jundiai.sp.gov.br\/noticias\/wp-json\/wp\/v2\/posts"}],"about":[{"href":"https:\/\/jundiai.sp.gov.br\/noticias\/wp-json\/wp\/v2\/types\/post"}],"author":[{"embeddable":true,"href":"https:\/\/jundiai.sp.gov.br\/noticias\/wp-json\/wp\/v2\/users\/14"}],"replies":[{"embeddable":true,"href":"https:\/\/jundiai.sp.gov.br\/noticias\/wp-json\/wp\/v2\/comments?post=109082"}],"version-history":[{"count":3,"href":"https:\/\/jundiai.sp.gov.br\/noticias\/wp-json\/wp\/v2\/posts\/109082\/revisions"}],"predecessor-version":[{"id":258078,"href":"https:\/\/jundiai.sp.gov.br\/noticias\/wp-json\/wp\/v2\/posts\/109082\/revisions\/258078"}],"wp:featuredmedia":[{"embeddable":true,"href":"https:\/\/jundiai.sp.gov.br\/noticias\/wp-json\/"}],"wp:attachment":[{"href":"https:\/\/jundiai.sp.gov.br\/noticias\/wp-json\/wp\/v2\/media?parent=109082"}],"wp:term":[{"taxonomy":"category","embeddable":true,"href":"https:\/\/jundiai.sp.gov.br\/noticias\/wp-json\/wp\/v2\/categories?post=109082"},{"taxonomy":"post_tag","embeddable":true,"href":"https:\/\/jundiai.sp.gov.br\/noticias\/wp-json\/wp\/v2\/tags?post=109082"},{"taxonomy":"ods","embeddable":true,"href":"https:\/\/jundiai.sp.gov.br\/noticias\/wp-json\/wp\/v2\/ods?post=109082"}],"curies":[{"name":"wp","href":"https:\/\/api.w.org\/{rel}","templated":true}]}}