{"id":109250,"date":"2014-12-03T15:48:55","date_gmt":"2014-12-03T17:48:55","guid":{"rendered":"https:\/\/jundiai.sp.gov.br\/noticias\/?p=109250"},"modified":"2016-11-04T11:16:03","modified_gmt":"2016-11-04T13:16:03","slug":"agricultores-recebem-orientacoes-sobre-fornecimento-a-merenda","status":"publish","type":"post","link":"https:\/\/jundiai.sp.gov.br\/noticias\/2014\/12\/03\/agricultores-recebem-orientacoes-sobre-fornecimento-a-merenda\/","title":{"rendered":"Agricultores  recebem orienta\u00e7\u00f5es sobre fornecimento \u00e0 merenda"},"content":{"rendered":"<p><strong>O primeiro projeto-piloto da Prefeitura de Jundia\u00ed para o fornecimento de alimentos produzidos localmente em pomares e hortas de agricultores familiares do munic\u00edpio est\u00e1 em andamento com inscri\u00e7\u00f5es at\u00e9 a segunda-feira (8). A iniciativa, uma parceria entre as secretarias de Agricultura, Abastecimento e Turismo, de Educa\u00e7\u00e3o e de Administra\u00e7\u00e3o, vai garantir esses produtos na merenda escolar da rede municipal em 2015. <\/strong><\/p>\n<p>Uma reuni\u00e3o presencial foi realizada na ter\u00e7a-feira (2) com a ades\u00e3o de produtores interessados na iniciativa. De acordo com a secret\u00e1ria-adjunta de Administra\u00e7\u00e3o, Alessandra Giarotto Rodrigues, <strong>o evento foi uma das maneiras de esclarecer os interessados<\/strong>. \u201c\u00c9 algo novo, por isso mesmo ainda \u00e9 um projeto-piloto\u201d, comentou.<\/p>\n<p><strong>LEIA TAMB\u00c9M<br \/>\n<a href=\"https:\/\/jundiai.sp.gov.br\/noticias\/2014\/12\/jundiai-inicia-o-grande-natal-encantado-2014\/\" target=\"_blank\">Jundia\u00ed inicia o grande Natal Encantado 2014<\/a><br \/>\n<a href=\"https:\/\/jundiai.sp.gov.br\/noticias\/2014\/12\/acoes-da-prefeitura-de-jundiai-colaboram-para-melhoria-da-seguranca\/\" target=\"_blank\">A\u00e7\u00f5es da Prefeitura colaboram para melhoria da seguran\u00e7a<\/a><br \/>\n<a href=\"https:\/\/jundiai.sp.gov.br\/noticias\/2014\/12\/barracas-da-praca-do-forum-recebem-palestra-dos-bombeiros\/\" target=\"_blank\">Barracas da Pra\u00e7a do F\u00f3rum recebem palestra dos bombeiros<\/a><\/strong><\/p>\n<div id=\"attachment_109254\" style=\"width: 610px\" class=\"wp-caption aligncenter\"><a href=\"https:\/\/jundiai.sp.gov.br\/noticias\/wp-content\/uploads\/sites\/32\/2014\/12\/reuniao_festa_uva_D2g.jpg\"><img loading=\"lazy\" decoding=\"async\" aria-describedby=\"caption-attachment-109254\" src=\"https:\/\/jundiai.sp.gov.br\/noticias\/wp-content\/uploads\/sites\/32\/2014\/12\/reuniao_festa_uva_D2g-1024x706.jpg\" alt=\"Agricultores buscaram informa\u00e7\u00f5es sobre o projeto-piloto\" width=\"600\" height=\"450\" class=\"size-large wp-image-109254\" \/><\/a><p id=\"caption-attachment-109254\" class=\"wp-caption-text\">Agricultores buscaram informa\u00e7\u00f5es sobre o projeto-piloto<\/p><\/div>\n<p><strong><a href=\"http:\/\/compraeletronica.jundiai.sp.gov.br\/aberto\/compraneweb.aspx?cdcompra=415\" target=\"_blank\">O edital 005\/14 pode ser obtido pela internet, na se\u00e7\u00e3o de Compra Aberta<\/a><\/strong>, ou diretamente nas secretarias Agricultura, localizada no 5\u00ba andar &#8211; ala Norte do Pa\u00e7o Municipal, ou de Administra\u00e7\u00e3o, localizada no 4\u00ba andar &#8211; ala Norte.<\/p>\n<p><strong><a href=\"https:\/\/jundiai.sp.gov.br\/noticias\/wp-content\/uploads\/sites\/32\/2014\/12\/chamada-publica-005_14-agric.-fam.-empr.rur-1-1.pdf\" target=\"_blank\">CONFIRA O EDITAL DE 004\/2015<\/a><\/strong><\/p>\n<p>\u201c\u00c9 muito importante esse esfor\u00e7o de apoio porque podem existir agricultores interessados que n\u00e3o estejam familiarizados com esse tipo de procedimento\u201d, comenta a diretora de Agroneg\u00f3cio, Mariana Helo\u00edsa Rodrigues Andretta.<\/p>\n<p>Um dos crit\u00e9rios usados \u00e9 o de pre\u00e7o m\u00e9dio de cada produto, usando pesquisas de mercado. Tamb\u00e9m \u00e9 importante observar-se a lista de produtos, a documenta\u00e7\u00e3o, a embalagem e as formas de entrega. <strong>O evento \u00e9 aberto a agricultores individuais ou organizados em grupos ou cooperativas em \u00e2mbito nacional<\/strong>.<\/p>\n<p>Em caso de d\u00favidas, o produtor pode entrar em contato com a equipe t\u00e9cnica de agroneg\u00f3cio pelos telefones (11) 4589-8581 e 4589-8872 ou na Secretaria de Agricultura.<\/p>\n<p><strong><em>Jos\u00e9 Arnaldo de Oliveira<br \/>\nFoto: Dorival Pinheiro Filho<\/em><\/strong><\/p>\n","protected":false},"excerpt":{"rendered":"<p>MAIS AGRICULTURA: Barracas de gastronomia e artesanato da Pra\u00e7a do F\u00f3rum recebem palestra dos bombeiros<\/p>\n","protected":false},"author":14,"featured_media":109255,"comment_status":"closed","ping_status":"closed","sticky":false,"template":"","format":"standard","meta":{"footnotes":""},"categories":[2],"tags":[504,41,6],"ods":[],"class_list":["post-109250","post","type-post","status-publish","format-standard","has-post-thumbnail","hentry","category-noticias","tag-administracao-e-gestao","tag-agricultura-abastecimento-e-turismo","tag-educacao"],"_links":{"self":[{"href":"https:\/\/jundiai.sp.gov.br\/noticias\/wp-json\/wp\/v2\/posts\/109250","targetHints":{"allow":["GET"]}}],"collection":[{"href":"https:\/\/jundiai.sp.gov.br\/noticias\/wp-json\/wp\/v2\/posts"}],"about":[{"href":"https:\/\/jundiai.sp.gov.br\/noticias\/wp-json\/wp\/v2\/types\/post"}],"author":[{"embeddable":true,"href":"https:\/\/jundiai.sp.gov.br\/noticias\/wp-json\/wp\/v2\/users\/14"}],"replies":[{"embeddable":true,"href":"https:\/\/jundiai.sp.gov.br\/noticias\/wp-json\/wp\/v2\/comments?post=109250"}],"version-history":[{"count":1,"href":"https:\/\/jundiai.sp.gov.br\/noticias\/wp-json\/wp\/v2\/posts\/109250\/revisions"}],"predecessor-version":[{"id":128535,"href":"https:\/\/jundiai.sp.gov.br\/noticias\/wp-json\/wp\/v2\/posts\/109250\/revisions\/128535"}],"wp:featuredmedia":[{"embeddable":true,"href":"https:\/\/jundiai.sp.gov.br\/noticias\/wp-json\/"}],"wp:attachment":[{"href":"https:\/\/jundiai.sp.gov.br\/noticias\/wp-json\/wp\/v2\/media?parent=109250"}],"wp:term":[{"taxonomy":"category","embeddable":true,"href":"https:\/\/jundiai.sp.gov.br\/noticias\/wp-json\/wp\/v2\/categories?post=109250"},{"taxonomy":"post_tag","embeddable":true,"href":"https:\/\/jundiai.sp.gov.br\/noticias\/wp-json\/wp\/v2\/tags?post=109250"},{"taxonomy":"ods","embeddable":true,"href":"https:\/\/jundiai.sp.gov.br\/noticias\/wp-json\/wp\/v2\/ods?post=109250"}],"curies":[{"name":"wp","href":"https:\/\/api.w.org\/{rel}","templated":true}]}}