{"id":109278,"date":"2014-12-03T17:17:17","date_gmt":"2014-12-03T19:17:17","guid":{"rendered":"https:\/\/jundiai.sp.gov.br\/noticias\/?p=109278"},"modified":"2016-11-04T11:16:03","modified_gmt":"2016-11-04T13:16:03","slug":"barracas-da-praca-do-forum-recebem-palestra-dos-bombeiros","status":"publish","type":"post","link":"https:\/\/jundiai.sp.gov.br\/noticias\/2014\/12\/03\/barracas-da-praca-do-forum-recebem-palestra-dos-bombeiros\/","title":{"rendered":"Barracas da Pra\u00e7a do F\u00f3rum recebem palestra dos bombeiros"},"content":{"rendered":"<p><strong>Os concession\u00e1rios de quiosques e barracas de gastronomia e de artesanato da pra\u00e7a Tib\u00farcio Estevam de Siqueira, em frente ao Pal\u00e1cio de Justi\u00e7a \u201cDr. Adriano de Oliveira\u201d (F\u00f3rum), receberam nesta quarta-feira (3) uma palestra de representantes do Corpo de Bombeiros sobre medidas preventivas. A a\u00e7\u00e3o foi organizada pela Prefeitura de Jundia\u00ed, com a Secretaria de Agricultura, Abastecimento e Turismo. <\/strong><\/p>\n<p>\u201cTemos trabalhado com os diversos setores de nossas atividades no sentido de <strong>buscar n\u00e3o apenas a qualidade dos produtos mas tamb\u00e9m a seguran\u00e7a dos moradores da cidade<\/strong>\u201d, explica o secret\u00e1rio Marcos Brunholi.<\/p>\n<p><strong>LEIA TAMB\u00c9M<br \/>\n<a href=\"https:\/\/jundiai.sp.gov.br\/noticias\/2014\/12\/jundiai-inicia-o-grande-natal-encantado-2014\/\" target=\"_blank\">Jundia\u00ed inicia o grande Natal Encantado 2014<\/a><br \/>\n<a href=\"https:\/\/jundiai.sp.gov.br\/noticias\/2014\/12\/agricultores-recebem-orientacoes-sobre-fornecimento-a-merenda\/\" target=\"_blank\">Agricultores recebem orienta\u00e7\u00f5es sobre fornecimento \u00e0 merenda<\/a><\/strong><\/p>\n<div id=\"attachment_109279\" style=\"width: 610px\" class=\"wp-caption aligncenter\"><a href=\"https:\/\/jundiai.sp.gov.br\/noticias\/wp-content\/uploads\/sites\/32\/2014\/12\/Palestra_Bombeiros_aos_Feirantes_do_Forum_c_4_G.jpg\"><img loading=\"lazy\" decoding=\"async\" aria-describedby=\"caption-attachment-109279\" src=\"https:\/\/jundiai.sp.gov.br\/noticias\/wp-content\/uploads\/sites\/32\/2014\/12\/Palestra_Bombeiros_aos_Feirantes_do_Forum_c_4_G-1024x739.jpg\" alt=\"A palestra aconteceu no meio da pra\u00e7a: orienta\u00e7\u00f5es sobre seguran\u00e7a\" width=\"600\" height=\"450\" class=\"size-large wp-image-109279\" \/><\/a><p id=\"caption-attachment-109279\" class=\"wp-caption-text\">A palestra aconteceu no meio da pra\u00e7a: orienta\u00e7\u00f5es sobre seguran\u00e7a<\/p><\/div>\n<p>S\u00e3o<strong> pelo menos dez quiosques que trabalham com alimentos no local<\/strong>, al\u00e9m das <strong>bancas de artesanato ligadas ao programa \u201cJundia\u00ed Feito \u00e0 M\u00e3o\u201d<\/strong>. De acordo com o palestrante, sargento PM Rodrigues, <strong>o risco de acidentes pode ser evitado com o uso de extintores<\/strong> do tipo ABC, que cobrem praticamente todos os tipos de materiais e possuem prazo de validade maior.<\/p>\n<p>\u201cN\u00e3o somos um \u00f3rg\u00e3o de fiscaliza\u00e7\u00e3o, mas de <strong>orienta\u00e7\u00e3o e vistoria<\/strong>\u201d, explicou o sargento aos feirantes presentes.<\/p>\n<p>Os tipos de classifica\u00e7\u00e3o significam materiais s\u00f3lidos como pl\u00e1sticos ou borracha (A), inflam\u00e1veis como \u00e1lcool ou gasolina (B) e equipamentos el\u00e9tricos energizados como baterias e outros equipamentos (C).<\/p>\n<p>De acordo com o diretor de abastecimento, Edilson Chrispim, <strong>a busca de parcerias para orienta\u00e7\u00e3o aos permission\u00e1rios do sistema municipal de abastecimento tem ajudado na eleva\u00e7\u00e3o da qualidade em geral<\/strong>.<\/p>\n<p>A pra\u00e7a Tib\u00farcio Estevam de Siqueira, al\u00e9m do F\u00f3rum, est\u00e1 situada ao lado de outras refer\u00eancias do Centro, como o Mosteiro de S\u00e3o Bento e a ag\u00eancia local da Previd\u00eancia Social.<\/p>\n<div id=\"attachment_109280\" style=\"width: 610px\" class=\"wp-caption aligncenter\"><a href=\"https:\/\/jundiai.sp.gov.br\/noticias\/wp-content\/uploads\/sites\/32\/2014\/12\/Palestra_Bombeiros_aos_Feirantes_do_Forum_c_17_G.jpg\"><img loading=\"lazy\" decoding=\"async\" aria-describedby=\"caption-attachment-109280\" src=\"https:\/\/jundiai.sp.gov.br\/noticias\/wp-content\/uploads\/sites\/32\/2014\/12\/Palestra_Bombeiros_aos_Feirantes_do_Forum_c_17_G-1024x725.jpg\" alt=\"A pra\u00e7a \u00e9 uma das refer\u00eancias centrais entre F\u00f3rum, Previd\u00eancia e Mosteiro\" width=\"600\" height=\"450\" class=\"size-large wp-image-109280\" \/><\/a><p id=\"caption-attachment-109280\" class=\"wp-caption-text\">A pra\u00e7a \u00e9 uma das refer\u00eancias centrais entre F\u00f3rum, Previd\u00eancia e Mosteiro<\/p><\/div>\n<p><strong><em>Jos\u00e9 Arnaldo de Oliveira<br \/>\nFotos: Cleber de Almeida<\/em><\/strong><\/p>\n","protected":false},"excerpt":{"rendered":"<p>Os concession\u00e1rios de quiosques e barracas de gastronomia e de artesanato da pra\u00e7a Tib\u00farcio Estevam de Siqueira, em frente ao Pal\u00e1cio de Justi\u00e7a \u201cDr. Adriano de Oliveira\u201d (F\u00f3rum), receberam nesta quarta-feira (3) uma palestra de representantes do Corpo de Bombeiros sobre medidas preventivas. A a\u00e7\u00e3o foi organizada pela Prefeitura de Jundia\u00ed, com a Secretaria de [&hellip;]<\/p>\n","protected":false},"author":14,"featured_media":0,"comment_status":"closed","ping_status":"closed","sticky":false,"template":"","format":"standard","meta":{"footnotes":""},"categories":[2],"tags":[41,293],"ods":[],"class_list":["post-109278","post","type-post","status-publish","format-standard","hentry","category-noticias","tag-agricultura-abastecimento-e-turismo","tag-jundiai-feito-a-mao"],"_links":{"self":[{"href":"https:\/\/jundiai.sp.gov.br\/noticias\/wp-json\/wp\/v2\/posts\/109278","targetHints":{"allow":["GET"]}}],"collection":[{"href":"https:\/\/jundiai.sp.gov.br\/noticias\/wp-json\/wp\/v2\/posts"}],"about":[{"href":"https:\/\/jundiai.sp.gov.br\/noticias\/wp-json\/wp\/v2\/types\/post"}],"author":[{"embeddable":true,"href":"https:\/\/jundiai.sp.gov.br\/noticias\/wp-json\/wp\/v2\/users\/14"}],"replies":[{"embeddable":true,"href":"https:\/\/jundiai.sp.gov.br\/noticias\/wp-json\/wp\/v2\/comments?post=109278"}],"version-history":[{"count":1,"href":"https:\/\/jundiai.sp.gov.br\/noticias\/wp-json\/wp\/v2\/posts\/109278\/revisions"}],"predecessor-version":[{"id":128534,"href":"https:\/\/jundiai.sp.gov.br\/noticias\/wp-json\/wp\/v2\/posts\/109278\/revisions\/128534"}],"wp:attachment":[{"href":"https:\/\/jundiai.sp.gov.br\/noticias\/wp-json\/wp\/v2\/media?parent=109278"}],"wp:term":[{"taxonomy":"category","embeddable":true,"href":"https:\/\/jundiai.sp.gov.br\/noticias\/wp-json\/wp\/v2\/categories?post=109278"},{"taxonomy":"post_tag","embeddable":true,"href":"https:\/\/jundiai.sp.gov.br\/noticias\/wp-json\/wp\/v2\/tags?post=109278"},{"taxonomy":"ods","embeddable":true,"href":"https:\/\/jundiai.sp.gov.br\/noticias\/wp-json\/wp\/v2\/ods?post=109278"}],"curies":[{"name":"wp","href":"https:\/\/api.w.org\/{rel}","templated":true}]}}