{"id":109347,"date":"2014-12-04T15:41:47","date_gmt":"2014-12-04T17:41:47","guid":{"rendered":"https:\/\/jundiai.sp.gov.br\/noticias\/?p=109347"},"modified":"2016-11-04T11:16:12","modified_gmt":"2016-11-04T13:16:12","slug":"concurso-semana-da-patria-premiacao-sera-dia-15","status":"publish","type":"post","link":"https:\/\/jundiai.sp.gov.br\/noticias\/2014\/12\/04\/concurso-semana-da-patria-premiacao-sera-dia-15\/","title":{"rendered":"Concurso Semana da P\u00e1tria: premia\u00e7\u00e3o ser\u00e1 na segunda (15)"},"content":{"rendered":"<p><strong>A <a href=\"https:\/\/jundiai.sp.gov.br\/noticias\/evento\/poetizando-na-escola\/\" target=\"_blank\">cerim\u00f4nia de premia\u00e7\u00e3o dos alunos vencedores do 2\u00ba Concurso Semana da P\u00e1tria \u2013 Poetizando na Escola<\/a>, realizado pela Secretaria de Educa\u00e7\u00e3o de Jundia\u00ed, j\u00e1 tem data marcada. O evento ser\u00e1 na pr\u00f3xima segunda-feira (15), \u00e0s 19h, no audit\u00f3rio Elis Regina, no Centro de Capacita\u00e7\u00e3o, no Complexo Argos.<\/strong><\/p>\n<p>Al\u00e9m da <strong>entrega de tablets para os tr\u00eas primeiros colocados e de medalhas para os autores selecionados<\/strong>, durante a festa <strong>ser\u00e1 lan\u00e7ada a obra com desenhos e poesias dos alunos classificados.<\/strong> A entrada \u00e9 gratuita.<\/p>\n<p><strong><a href=\"https:\/\/jundiai.sp.gov.br\/noticias\/2014\/12\/concurso-semana-da-patria-confira-os-vencedores\/\" target=\"_blank\">CONFIRA OS NOMES DOS VENCEDORES<\/a><\/strong><\/p>\n<p><strong>LEIA TAMB\u00c9M<br \/>\n<a href=\"https:\/\/jundiai.sp.gov.br\/noticias\/2014\/12\/inscricao-aberta-para-interessados-em-oferecer-estagio-remunerado\/\" target=\"_blank\">Foram prorrogadas as inscri\u00e7\u00f5es para conv\u00eanio com faculdades<\/a><br \/>\n<a href=\"https:\/\/jundiai.sp.gov.br\/noticias\/2014\/12\/projeto-de-doacao-de-terreno-para-instituto-federal-e-entregue-na-camara\/\" target=\"_blank\">Projeto de doa\u00e7\u00e3o de terreno para Instituto Federal \u00e9 entregue<\/a><\/strong><\/p>\n<p>Neste ano, <strong>o concurso contou com a participa\u00e7\u00e3o de estudantes e profissionais da rede de ensino<\/strong>, que divididos em duas categorias produziram <strong>poemas e desenhos com o tema \u201cO lugar onde vivo\u201d.<\/strong> A iniciativa, al\u00e9m de ser alusiva \u00e0 Semana da P\u00e1tria, visa incentivar a escrita e a leitura.<\/p>\n<p>Ao todo,<strong> 103 trabalhos foram inscritos.<\/strong> Na categoria desenho, participaram estudantes dos Grupos 4 e 5 anos da Educa\u00e7\u00e3o Infantil 2. J\u00e1 a categoria poema foi dividida do n\u00edvel A at\u00e9 o E e envolveu alunos do 1\u00ba ao 9\u00ba ano do Ensino Fundamental, alunos da Educa\u00e7\u00e3o de Jovens e Adultos, gestores, professores e funcion\u00e1rios das escolas da rede municipal de ensino. Uma comiss\u00e3o da Secretaria Municipal de Educa\u00e7\u00e3o escolheu os melhores trabalhos.<\/p>\n<p><strong><em>Roberta de S\u00e1<\/em><\/strong><\/p>\n","protected":false},"excerpt":{"rendered":"<p>Al\u00e9m da entrega de premia\u00e7\u00e3o para os autores, ser\u00e1 lan\u00e7ada a obra com as poesias e os desenhos escolhidos<\/p>\n","protected":false},"author":14,"featured_media":108219,"comment_status":"closed","ping_status":"closed","sticky":false,"template":"","format":"standard","meta":{"footnotes":""},"categories":[2],"tags":[6],"ods":[],"class_list":["post-109347","post","type-post","status-publish","format-standard","has-post-thumbnail","hentry","category-noticias","tag-educacao"],"_links":{"self":[{"href":"https:\/\/jundiai.sp.gov.br\/noticias\/wp-json\/wp\/v2\/posts\/109347","targetHints":{"allow":["GET"]}}],"collection":[{"href":"https:\/\/jundiai.sp.gov.br\/noticias\/wp-json\/wp\/v2\/posts"}],"about":[{"href":"https:\/\/jundiai.sp.gov.br\/noticias\/wp-json\/wp\/v2\/types\/post"}],"author":[{"embeddable":true,"href":"https:\/\/jundiai.sp.gov.br\/noticias\/wp-json\/wp\/v2\/users\/14"}],"replies":[{"embeddable":true,"href":"https:\/\/jundiai.sp.gov.br\/noticias\/wp-json\/wp\/v2\/comments?post=109347"}],"version-history":[{"count":1,"href":"https:\/\/jundiai.sp.gov.br\/noticias\/wp-json\/wp\/v2\/posts\/109347\/revisions"}],"predecessor-version":[{"id":182031,"href":"https:\/\/jundiai.sp.gov.br\/noticias\/wp-json\/wp\/v2\/posts\/109347\/revisions\/182031"}],"wp:featuredmedia":[{"embeddable":true,"href":"https:\/\/jundiai.sp.gov.br\/noticias\/wp-json\/"}],"wp:attachment":[{"href":"https:\/\/jundiai.sp.gov.br\/noticias\/wp-json\/wp\/v2\/media?parent=109347"}],"wp:term":[{"taxonomy":"category","embeddable":true,"href":"https:\/\/jundiai.sp.gov.br\/noticias\/wp-json\/wp\/v2\/categories?post=109347"},{"taxonomy":"post_tag","embeddable":true,"href":"https:\/\/jundiai.sp.gov.br\/noticias\/wp-json\/wp\/v2\/tags?post=109347"},{"taxonomy":"ods","embeddable":true,"href":"https:\/\/jundiai.sp.gov.br\/noticias\/wp-json\/wp\/v2\/ods?post=109347"}],"curies":[{"name":"wp","href":"https:\/\/api.w.org\/{rel}","templated":true}]}}