{"id":109348,"date":"2014-12-04T17:58:53","date_gmt":"2014-12-04T19:58:53","guid":{"rendered":"https:\/\/jundiai.sp.gov.br\/noticias\/?p=109348"},"modified":"2016-11-04T11:16:11","modified_gmt":"2016-11-04T13:16:11","slug":"varejoes-noturnos-promovem-premios-de-natal","status":"publish","type":"post","link":"https:\/\/jundiai.sp.gov.br\/noticias\/2014\/12\/04\/varejoes-noturnos-promovem-premios-de-natal\/","title":{"rendered":"Varej\u00f5es Noturnos promovem pr\u00eamios de Natal"},"content":{"rendered":"<p><strong>Os feirantes dos tr\u00eas varej\u00f5es noturnos de Jundia\u00ed (Anhangaba\u00fa, Eloy Chaves e Vila Arens) promovem uma iniciativa in\u00e9dita em dezembro, com o sorteio de pr\u00eamios para os visitantes. Considerados uma atra\u00e7\u00e3o tur\u00edstica da cidade, esse tipo de feira conta com bancas de hortali\u00e7as, frutas, gastronomia, artesanato e servi\u00e7os, al\u00e9m do funcionamento \u00e0 noite, que destacou o evento entre os 65 pontos da rede municipal de abastecimento. <\/strong><\/p>\n<p>A iniciativa dos pr\u00eamios natalinos foi elaborada pelos pr\u00f3prios feirantes. Em cada varej\u00e3o ser\u00e3o sorteados uma panela de arroz el\u00e9trica, uma churrasqueira el\u00e9trica, uma sanduicheira e uma cesta de natal. Os sorteios ser\u00e3o feitos dias 17 (Eloy Chaves), 18 (Vila Arens) e 23 (Anhangaba\u00fa), sempre \u00e0s 21h.<\/p>\n<p><strong>LEIA TAMB\u00c9M<br \/>\n<a href=\"https:\/\/jundiai.sp.gov.br\/noticias\/2014\/12\/eventos-movimentam-a-economia-da-cidade\/\" target=\"_blank\"><strong>Eventos movimentam a economia da cidade<\/strong><\/a><br \/>\n<a href=\"https:\/\/jundiai.sp.gov.br\/noticias\/2014\/12\/barracas-da-praca-do-forum-recebem-palestra-dos-bombeiros\/\" target=\"_blank\">Barracas da Pra\u00e7a do F\u00f3rum recebem palestra dos bombeiros<\/strong><\/a><br \/>\n<a href=\"https:\/\/jundiai.sp.gov.br\/noticias\/2014\/12\/agricultores-recebem-orientacoes-sobre-fornecimento-a-merenda\/\" target=\"_blank\"><strong>Agricultores recebem orienta\u00e7\u00f5es sobre fornecimento \u00e0 merenda<\/strong><\/a><\/p>\n<div style=\"width: 610px\" class=\"wp-caption aligncenter\"><a href=\"https:\/\/jundiai.sp.gov.br\/noticias\/wp-content\/uploads\/sites\/32\/2014\/12\/Varejao-Noturno-G.jpg\"><img loading=\"lazy\" decoding=\"async\" src=\"https:\/\/jundiai.sp.gov.br\/noticias\/wp-content\/uploads\/sites\/32\/2014\/12\/Varejao-Noturno-G.jpg\" width=\"600\" height=\"450\" class \/><\/a><p class=\"wp-caption-text\">Pr\u00eamio natalino vai agitar os espa\u00e7os<\/p><\/div>\n<p>\u201cPropus a ideia para os demais participantes como um meio de retribuir a clientela dos varej\u00f5es ao longo do ano. Eles toparam e os visitantes tamb\u00e9m elogiaram\u201d, afirma Maria da Concei\u00e7\u00e3o Pinheiro Sales, da barraca conhecida como \u201cMaria do Queijo\u201d.<\/p>\n<p>A participa\u00e7\u00e3o dos feirantes na promo\u00e7\u00e3o \u00e9 volunt\u00e1ria e o valor m\u00ednimo para o cupom de sorteio ser\u00e1 definido por cada barraca.<\/p>\n<p>Ao receber o cupom nas bancas identificadas como participantes (com um banner), os visitantes devem preench\u00ea-lo com os dados pessoais para depositar na urna instalada na pr\u00f3pria barraca \u201cMaria do Queijo\u201d.<\/p>\n<p>Os varej\u00f5es noturnos funcionam de ter\u00e7a-feira a quinta-feira, sempre das 18h \u00e0s 22h, nos tr\u00eas atuais locais de realiza\u00e7\u00e3o j\u00e1 divulgados.<\/p>\n<div style=\"width: 610px\" class=\"wp-caption aligncenter\"><a href=\"https:\/\/jundiai.sp.gov.br\/noticias\/wp-content\/uploads\/sites\/32\/2014\/12\/Cabreuva_conhece_Feira_Noturna_c_6_G.jpg\"><img loading=\"lazy\" decoding=\"async\" src=\"https:\/\/jundiai.sp.gov.br\/noticias\/wp-content\/uploads\/sites\/32\/2014\/12\/Cabreuva_conhece_Feira_Noturna_c_6_G.jpg\" width=\"600\" height=\"450\" class \/><\/a><p class=\"wp-caption-text\">Visitantes de Cabre\u00fava estiveram em Jundia\u00ed<\/p><\/div>\n<p><strong>Atra\u00e7\u00e3o<\/strong><br \/>\nO trabalho de Jundia\u00ed continua atraindo muitos visitantes de outras cidades para conhecerem alternativas de moderniza\u00e7\u00e3o do sistema de abastecimento p\u00fablico. Nesta quinta-feira (4), foi a vez da Prefeitura de Cabre\u00fava promover uma reuni\u00e3o com os gestores do setor. Estiveram presentes o secret\u00e1rio de Agricultura e Abastecimento daquela cidade, Alberto D\u00b4Angieri Micheletti, e o coordenador t\u00e9cnico, Gil E. Serra.<\/p>\n<p>Neste ano, dezenas de cidades fizeram contato com Jundia\u00ed para conhecer a busca de inova\u00e7\u00f5es feitas a partir de 2013 no setor de abastecimento. Muitas delas trouxeram delega\u00e7\u00f5es para conhecer os varej\u00f5es noturnos &#8211; como ocorreu anteriormente com Valinhos, em novembro.<\/p>\n<p>\u201cEntre milhares de pessoas que usam a rede p\u00fablica de feiras livres, varej\u00f5es, barracas de produtores na pra\u00e7a ou de circuito das frutas nos terminais, de pesca econ\u00f4mica ou da feira org\u00e2nica, esse modelo tem tido bons resultados\u201d, afirma o diretor de Abastecimento da Prefeitura de Jundia\u00ed, Edilson Chrispim.<\/p>\n<p><em><strong>Jos\u00e9 Arnaldo de Oliveira<br \/>\nFoto: Cleber de Almeida <\/strong><\/em><\/p>\n","protected":false},"excerpt":{"rendered":"<p>Ser\u00e3o sorteados uma panela de arroz el\u00e9trica, churrasqueira el\u00e9trica, sanduicheira e cesta de natal<\/p>\n","protected":false},"author":10,"featured_media":93314,"comment_status":"closed","ping_status":"closed","sticky":false,"template":"","format":"standard","meta":{"footnotes":""},"categories":[2],"tags":[41,320],"ods":[],"class_list":["post-109348","post","type-post","status-publish","format-standard","has-post-thumbnail","hentry","category-noticias","tag-agricultura-abastecimento-e-turismo","tag-varejao-noturno"],"_links":{"self":[{"href":"https:\/\/jundiai.sp.gov.br\/noticias\/wp-json\/wp\/v2\/posts\/109348","targetHints":{"allow":["GET"]}}],"collection":[{"href":"https:\/\/jundiai.sp.gov.br\/noticias\/wp-json\/wp\/v2\/posts"}],"about":[{"href":"https:\/\/jundiai.sp.gov.br\/noticias\/wp-json\/wp\/v2\/types\/post"}],"author":[{"embeddable":true,"href":"https:\/\/jundiai.sp.gov.br\/noticias\/wp-json\/wp\/v2\/users\/10"}],"replies":[{"embeddable":true,"href":"https:\/\/jundiai.sp.gov.br\/noticias\/wp-json\/wp\/v2\/comments?post=109348"}],"version-history":[{"count":1,"href":"https:\/\/jundiai.sp.gov.br\/noticias\/wp-json\/wp\/v2\/posts\/109348\/revisions"}],"predecessor-version":[{"id":146413,"href":"https:\/\/jundiai.sp.gov.br\/noticias\/wp-json\/wp\/v2\/posts\/109348\/revisions\/146413"}],"wp:featuredmedia":[{"embeddable":true,"href":"https:\/\/jundiai.sp.gov.br\/noticias\/wp-json\/"}],"wp:attachment":[{"href":"https:\/\/jundiai.sp.gov.br\/noticias\/wp-json\/wp\/v2\/media?parent=109348"}],"wp:term":[{"taxonomy":"category","embeddable":true,"href":"https:\/\/jundiai.sp.gov.br\/noticias\/wp-json\/wp\/v2\/categories?post=109348"},{"taxonomy":"post_tag","embeddable":true,"href":"https:\/\/jundiai.sp.gov.br\/noticias\/wp-json\/wp\/v2\/tags?post=109348"},{"taxonomy":"ods","embeddable":true,"href":"https:\/\/jundiai.sp.gov.br\/noticias\/wp-json\/wp\/v2\/ods?post=109348"}],"curies":[{"name":"wp","href":"https:\/\/api.w.org\/{rel}","templated":true}]}}