{"id":109349,"date":"2014-12-04T15:33:12","date_gmt":"2014-12-04T17:33:12","guid":{"rendered":"https:\/\/jundiai.sp.gov.br\/noticias\/?p=109349"},"modified":"2016-11-04T11:16:11","modified_gmt":"2016-11-04T13:16:11","slug":"concurso-semana-da-patria-confira-os-vencedores","status":"publish","type":"post","link":"https:\/\/jundiai.sp.gov.br\/noticias\/2014\/12\/04\/concurso-semana-da-patria-confira-os-vencedores\/","title":{"rendered":"Concurso Semana da P\u00e1tria: confira os vencedores!"},"content":{"rendered":"<ul>\n<li><strong>CATEGORIA DESENHO<\/strong><\/li>\n<p><a href=\"https:\/\/jundiai.sp.gov.br\/noticias\/wp-content\/uploads\/sites\/32\/2014\/12\/tabela1.jpg\"><img loading=\"lazy\" decoding=\"async\" src=\"https:\/\/jundiai.sp.gov.br\/noticias\/wp-content\/uploads\/sites\/32\/2014\/12\/tabela1-1024x500.jpg\" alt=\"tabela1\" width=\"600\" height=\"350\" class=\"aligncenter size-large wp-image-109351\" \/><\/a><\/p>\n<li><strong>CATEGORIA POEMA \u2013 N\u00cdVEL A &#8211; ALUNOS DO 1\u00ba AO 3\u00ba ANO DO ENSINO FUNDAMENTAL<\/strong><\/li>\n<p><a href=\"https:\/\/jundiai.sp.gov.br\/noticias\/wp-content\/uploads\/sites\/32\/2014\/12\/tabela2.jpg\"><img loading=\"lazy\" decoding=\"async\" src=\"https:\/\/jundiai.sp.gov.br\/noticias\/wp-content\/uploads\/sites\/32\/2014\/12\/tabela2-1024x450.jpg\" alt=\"tabela2\" width=\"600\" height=\"350\" class=\"aligncenter size-large wp-image-109352\" \/><\/a><\/p>\n<li><strong>CATEGORIA POEMA \u2013 N\u00cdVEL B &#8211; ALUNOS DO 4\u00ba AO 5\u00ba ANO DO ENSINO FUNDAMENTAL<\/strong><\/li>\n<p><a href=\"https:\/\/jundiai.sp.gov.br\/noticias\/wp-content\/uploads\/sites\/32\/2014\/12\/tabela3.jpg\"><img loading=\"lazy\" decoding=\"async\" src=\"https:\/\/jundiai.sp.gov.br\/noticias\/wp-content\/uploads\/sites\/32\/2014\/12\/tabela3-1024x452.jpg\" alt=\"tabela3\" width=\"600\" height=\"350\" class=\"aligncenter size-large wp-image-109353\" \/><\/a><\/p>\n<li><strong>CATEGORIA POEMA \u2013 N\u00cdVEL C &#8211; ALUNOS DO 6\u00ba AO 9\u00ba ANO DO ENSINO FUNDAMENTAL<\/strong><\/li>\n<p><a href=\"https:\/\/jundiai.sp.gov.br\/noticias\/wp-content\/uploads\/sites\/32\/2014\/12\/tabela4.jpg\"><img loading=\"lazy\" decoding=\"async\" src=\"https:\/\/jundiai.sp.gov.br\/noticias\/wp-content\/uploads\/sites\/32\/2014\/12\/tabela4-1024x84.jpg\" alt=\"tabela4\" width=\"600\" height=\"60\" class=\"aligncenter size-large wp-image-109354\" \/><\/a><\/p>\n<li><strong>CATEGORIA POEMA \u2013 N\u00cdVEL D &#8211; ALUNOS DA EJA<\/strong><\/li>\n<p><a href=\"https:\/\/jundiai.sp.gov.br\/noticias\/wp-content\/uploads\/sites\/32\/2014\/12\/tabela5.jpg\"><img loading=\"lazy\" decoding=\"async\" src=\"https:\/\/jundiai.sp.gov.br\/noticias\/wp-content\/uploads\/sites\/32\/2014\/12\/tabela5-1024x404.jpg\" alt=\"tabela5\" width=\"600\" height=\"300\" class=\"aligncenter size-large wp-image-109355\" \/><\/a><\/p>\n<li><strong>CATEGORIA POEMA \u2013 N\u00cdVEL E &#8211; PROFISSIONAIS DA EDUCA\u00c7\u00c3O<\/strong><\/li>\n<p><a href=\"https:\/\/jundiai.sp.gov.br\/noticias\/wp-content\/uploads\/sites\/32\/2014\/12\/tabela6.jpg\"><img loading=\"lazy\" decoding=\"async\" src=\"https:\/\/jundiai.sp.gov.br\/noticias\/wp-content\/uploads\/sites\/32\/2014\/12\/tabela6-1024x475.jpg\" alt=\"tabela6\" width=\"600\" height=\"300\" class=\"aligncenter size-large wp-image-109356\" \/><\/a><\/p>\n<\/ul>\n","protected":false},"excerpt":{"rendered":"<p>CATEGORIA DESENHO CATEGORIA POEMA \u2013 N\u00cdVEL A &#8211; ALUNOS DO 1\u00ba AO 3\u00ba ANO DO ENSINO FUNDAMENTAL CATEGORIA POEMA \u2013 N\u00cdVEL B &#8211; ALUNOS DO 4\u00ba AO 5\u00ba ANO DO ENSINO FUNDAMENTAL CATEGORIA POEMA \u2013 N\u00cdVEL C &#8211; ALUNOS DO 6\u00ba AO 9\u00ba ANO DO ENSINO FUNDAMENTAL CATEGORIA POEMA \u2013 N\u00cdVEL D &#8211; ALUNOS DA [&hellip;]<\/p>\n","protected":false},"author":14,"featured_media":0,"comment_status":"closed","ping_status":"closed","sticky":false,"template":"","format":"standard","meta":{"footnotes":""},"categories":[2],"tags":[6],"ods":[],"class_list":["post-109349","post","type-post","status-publish","format-standard","hentry","category-noticias","tag-educacao"],"_links":{"self":[{"href":"https:\/\/jundiai.sp.gov.br\/noticias\/wp-json\/wp\/v2\/posts\/109349","targetHints":{"allow":["GET"]}}],"collection":[{"href":"https:\/\/jundiai.sp.gov.br\/noticias\/wp-json\/wp\/v2\/posts"}],"about":[{"href":"https:\/\/jundiai.sp.gov.br\/noticias\/wp-json\/wp\/v2\/types\/post"}],"author":[{"embeddable":true,"href":"https:\/\/jundiai.sp.gov.br\/noticias\/wp-json\/wp\/v2\/users\/14"}],"replies":[{"embeddable":true,"href":"https:\/\/jundiai.sp.gov.br\/noticias\/wp-json\/wp\/v2\/comments?post=109349"}],"version-history":[{"count":1,"href":"https:\/\/jundiai.sp.gov.br\/noticias\/wp-json\/wp\/v2\/posts\/109349\/revisions"}],"predecessor-version":[{"id":182032,"href":"https:\/\/jundiai.sp.gov.br\/noticias\/wp-json\/wp\/v2\/posts\/109349\/revisions\/182032"}],"wp:attachment":[{"href":"https:\/\/jundiai.sp.gov.br\/noticias\/wp-json\/wp\/v2\/media?parent=109349"}],"wp:term":[{"taxonomy":"category","embeddable":true,"href":"https:\/\/jundiai.sp.gov.br\/noticias\/wp-json\/wp\/v2\/categories?post=109349"},{"taxonomy":"post_tag","embeddable":true,"href":"https:\/\/jundiai.sp.gov.br\/noticias\/wp-json\/wp\/v2\/tags?post=109349"},{"taxonomy":"ods","embeddable":true,"href":"https:\/\/jundiai.sp.gov.br\/noticias\/wp-json\/wp\/v2\/ods?post=109349"}],"curies":[{"name":"wp","href":"https:\/\/api.w.org\/{rel}","templated":true}]}}