{"id":109378,"date":"2014-12-04T15:02:23","date_gmt":"2014-12-04T17:02:23","guid":{"rendered":"https:\/\/jundiai.sp.gov.br\/noticias\/?p=109378"},"modified":"2016-11-04T11:39:40","modified_gmt":"2016-11-04T13:39:40","slug":"jovens-autores-reune-mais-de-35-mil-pessoas-em-emeb","status":"publish","type":"post","link":"https:\/\/jundiai.sp.gov.br\/noticias\/2014\/12\/04\/jovens-autores-reune-mais-de-35-mil-pessoas-em-emeb\/","title":{"rendered":"&#8216;Jovens Autores&#8217; re\u00fane mais de 3,5 mil pessoas em Emeb"},"content":{"rendered":"<p><strong>Nesta quarta-feira (3), mais de 3,5 mil pessoas, entre alunos e pais, se reuniram na Emeb  Ivo  de  Bona,  localizada  no  Parque  Almerinda  Chaves,  para  o lan\u00e7amento da s\u00e9tima edi\u00e7\u00e3o  do Projeto Jovens Autores. Foram entregues 1.100 livros para os estudantes.<\/strong><\/p>\n<p>O evento teve toda a apresenta\u00e7\u00e3o feita pelos alunos. Jovens artistas da escola encantaram os presentes, com atra\u00e7\u00f5es como o coral dos 5\u00ba anos, apresenta\u00e7\u00e3o de flauta com as alunas do 3\u00ba e 5\u00ba anos e participa\u00e7\u00e3o do aluno Giovanni, do 5\u00b0 ano, que levou uma bateria para animar o evento.<\/p>\n<p><strong>LEIA TAMB\u00c9M<br \/>\n<a href=\"https:\/\/jundiai.sp.gov.br\/noticias\/2014\/12\/concurso-semana-da-patria-premiacao-sera-dia-15\/\" target=\"_blank\">Concurso Semana da P\u00e1tria: premia\u00e7\u00e3o ser\u00e1 na segunda (15)<\/a><br \/>\n<a href=\"https:\/\/jundiai.sp.gov.br\/noticias\/2014\/12\/projeto-de-doacao-de-terreno-para-instituto-federal-e-entregue-na-camara\/\" target=\"_blank\">Projeto de doa\u00e7\u00e3o de terreno para Instituto Federal \u00e9 entregue<\/a><br \/>\n<a href=\"https:\/\/jundiai.sp.gov.br\/noticias\/2014\/12\/inscricao-aberta-para-interessados-em-oferecer-estagio-remunerado\/\" target=\"_blank\">Foram prorrogadas as inscri\u00e7\u00f5es para conv\u00eanio com faculdades<\/a><\/strong><\/p>\n<div id=\"attachment_109379\" style=\"width: 610px\" class=\"wp-caption aligncenter\"><a href=\"https:\/\/jundiai.sp.gov.br\/noticias\/wp-content\/uploads\/sites\/32\/2014\/12\/0_g.jpg\"><img loading=\"lazy\" decoding=\"async\" aria-describedby=\"caption-attachment-109379\" src=\"https:\/\/jundiai.sp.gov.br\/noticias\/wp-content\/uploads\/sites\/32\/2014\/12\/0_g-1024x680.jpg\" alt=\"Crian\u00e7as mostram os livros entregues no evento\" width=\"600\" height=\"450\" class=\"size-large wp-image-109379\" \/><\/a><p id=\"caption-attachment-109379\" class=\"wp-caption-text\">Crian\u00e7as mostram os livros entregues no evento<\/p><\/div>\n<p>A diretora Tiemi agradeceu a participa\u00e7\u00e3o de todos os alunos, pais e docentes. &#8220;Sem voc\u00eas seria imposs\u00edvel a realiza\u00e7\u00e3o deste projeto&#8221;. Ela tamb\u00e9m homenageou alguns pais que colaboraram com a constru\u00e7\u00e3o do novo parque de pneus da escola.<\/p>\n<p><strong>O objetivo do &#8220;Jovens Autores&#8221; \u00e9 estimular o aluno a produzir textos de diferentes g\u00eaneros<\/strong>. O projeto ainda conta com parceria  da Companhia de Saneamento de Jundia\u00ed  e  Casa da Fonte, que investem na editora\u00e7\u00e3o dos livros distribu\u00eddos aos alunos da escola.<\/p>\n<p>A orienta\u00e7\u00e3o \u00e9 feita pelos professores, coordenadores e equipe de gestores durante  todo  o  ano  letivo.<\/p>\n<div id=\"attachment_109380\" style=\"width: 610px\" class=\"wp-caption aligncenter\"><a href=\"https:\/\/jundiai.sp.gov.br\/noticias\/wp-content\/uploads\/sites\/32\/2014\/12\/DSC0764g.jpg\"><img loading=\"lazy\" decoding=\"async\" aria-describedby=\"caption-attachment-109380\" src=\"https:\/\/jundiai.sp.gov.br\/noticias\/wp-content\/uploads\/sites\/32\/2014\/12\/DSC0764g-1024x680.jpg\" alt=\"P\u00fablico lotou as depend\u00eancias da Emeb\" width=\"600\" height=\"450\" class=\"size-large wp-image-109380\" \/><\/a><p id=\"caption-attachment-109380\" class=\"wp-caption-text\">P\u00fablico lotou as depend\u00eancias da Emeb<\/p><\/div>\n<p><strong>Assessoria de Imprensa<br \/>\nFoto: Divulga\u00e7\u00e3o<\/strong><\/p>\n","protected":false},"excerpt":{"rendered":"<p>Alunos da Emeb Ivo de Bona foram presentados com mais de mil livros em evento organizado pelos pr\u00f3prios alunos<\/p>\n","protected":false},"author":14,"featured_media":109405,"comment_status":"closed","ping_status":"closed","sticky":false,"template":"","format":"standard","meta":{"footnotes":""},"categories":[2],"tags":[6,455],"ods":[],"class_list":["post-109378","post","type-post","status-publish","format-standard","has-post-thumbnail","hentry","category-noticias","tag-educacao","tag-jovens-autores"],"_links":{"self":[{"href":"https:\/\/jundiai.sp.gov.br\/noticias\/wp-json\/wp\/v2\/posts\/109378","targetHints":{"allow":["GET"]}}],"collection":[{"href":"https:\/\/jundiai.sp.gov.br\/noticias\/wp-json\/wp\/v2\/posts"}],"about":[{"href":"https:\/\/jundiai.sp.gov.br\/noticias\/wp-json\/wp\/v2\/types\/post"}],"author":[{"embeddable":true,"href":"https:\/\/jundiai.sp.gov.br\/noticias\/wp-json\/wp\/v2\/users\/14"}],"replies":[{"embeddable":true,"href":"https:\/\/jundiai.sp.gov.br\/noticias\/wp-json\/wp\/v2\/comments?post=109378"}],"version-history":[{"count":1,"href":"https:\/\/jundiai.sp.gov.br\/noticias\/wp-json\/wp\/v2\/posts\/109378\/revisions"}],"predecessor-version":[{"id":146414,"href":"https:\/\/jundiai.sp.gov.br\/noticias\/wp-json\/wp\/v2\/posts\/109378\/revisions\/146414"}],"wp:featuredmedia":[{"embeddable":true,"href":"https:\/\/jundiai.sp.gov.br\/noticias\/wp-json\/"}],"wp:attachment":[{"href":"https:\/\/jundiai.sp.gov.br\/noticias\/wp-json\/wp\/v2\/media?parent=109378"}],"wp:term":[{"taxonomy":"category","embeddable":true,"href":"https:\/\/jundiai.sp.gov.br\/noticias\/wp-json\/wp\/v2\/categories?post=109378"},{"taxonomy":"post_tag","embeddable":true,"href":"https:\/\/jundiai.sp.gov.br\/noticias\/wp-json\/wp\/v2\/tags?post=109378"},{"taxonomy":"ods","embeddable":true,"href":"https:\/\/jundiai.sp.gov.br\/noticias\/wp-json\/wp\/v2\/ods?post=109378"}],"curies":[{"name":"wp","href":"https:\/\/api.w.org\/{rel}","templated":true}]}}