{"id":109424,"date":"2014-12-04T19:03:14","date_gmt":"2014-12-04T21:03:14","guid":{"rendered":"https:\/\/jundiai.sp.gov.br\/noticias\/?p=109424"},"modified":"2016-11-04T11:16:12","modified_gmt":"2016-11-04T13:16:12","slug":"prefeito-anuncia-troca-da-diretoria-do-hospital-sao-vicente","status":"publish","type":"post","link":"https:\/\/jundiai.sp.gov.br\/noticias\/2014\/12\/04\/prefeito-anuncia-troca-da-diretoria-do-hospital-sao-vicente\/","title":{"rendered":"Prefeito anuncia troca da diretoria do S\u00e3o Vicente"},"content":{"rendered":"<p><strong>O prefeito de Jundia\u00ed, Pedro Bigardi, e o secret\u00e1rio de Sa\u00fade, Lu\u00eds Carlos Casarin, anunciaram nesta quinta-feira (4) a troca da diretoria do Hospital S\u00e3o Vicente de Paulo. O m\u00e9dico sanitarista Francisco Claro Oliveira, especializado em certifica\u00e7\u00f5es hospitalares, ser\u00e1 o novo superintendente. Ele assume o cargo na pr\u00f3xima quinta-feira (11).<\/strong><\/p>\n<p><strong>Al\u00e9m do superintendente, outros quatro diretores deixam seus cargos. Apenas dois ser\u00e3o mantidos: o diretor Cl\u00ednico \u00c9tore Almir Mattion e o gerente assistencial Andr\u00e9 Oliveira.<\/strong><\/p>\n<p><strong>LEIA TAMB\u00c9M<br \/>\n<a href=\"https:\/\/jundiai.sp.gov.br\/noticias\/2014\/12\/saude-da-dicas-para-saude-bucal-das-criancas-nas-ferias\/\" target=\"_blank\"><strong>Sa\u00fade d\u00e1 dicas para higiene bucal das crian\u00e7as nas f\u00e9rias<\/strong><\/a><br \/>\n<a href=\"https:\/\/jundiai.sp.gov.br\/noticias\/2014\/12\/saude-promove-1o-encontro-de-agentes-comunitarios-de-jundiai\/\" target=\"_blank\">Sa\u00fade promove 1\u00ba Encontro de Agentes Comunit\u00e1rios de Jundia\u00ed<\/a><\/strong><br \/>\n<a href=\"https:\/\/jundiai.sp.gov.br\/noticias\/2014\/12\/fique-sabendo-tera-tres-postos-para-teste-de-aids\/\" target=\"_blank\"><strong>\u2018Fique Sabendo\u2019 ter\u00e1 tr\u00eas postos para teste de Aids<\/strong><\/a><\/p>\n<div style=\"width: 610px\" class=\"wp-caption aligncenter\"><a href=\"https:\/\/jundiai.sp.gov.br\/noticias\/wp-content\/uploads\/sites\/32\/2014\/12\/anuncio_superintendente_HSVP_P_5G.jpg\"><img loading=\"lazy\" decoding=\"async\" src=\"https:\/\/jundiai.sp.gov.br\/noticias\/wp-content\/uploads\/sites\/32\/2014\/12\/anuncio_superintendente_HSVP_P_5G.jpg\" alt=\"\" width=\"600\" height=\"325\" \/><\/a><p class=\"wp-caption-text\">Evento marcou an\u00fancio da nova superintend\u00eancia do S\u00e3o Vicente<\/p><\/div>\n<p>At\u00e9 a pr\u00f3xima semana, <strong>uma comiss\u00e3o de transi\u00e7\u00e3o ficar\u00e1 respons\u00e1vel pela gest\u00e3o do hospital. A comiss\u00e3o \u00e9 formada por dois diretores da Secretaria de Sa\u00fade, Marino Mazzei Jr. (diretor administrativo financeiro) e Tiago Texera (diretor de Avalia\u00e7\u00e3o, Controle e Auditoria), e pelo especialista em gest\u00e3o hospitalar Ant\u00f4nio Cl\u00e1udio Martins, que posteriormente deve assumir a diretoria administrativa do hospital.<\/strong><\/p>\n<p>Segundo o prefeito Pedro Bigardi, a troca da diretoria faz parte das mudan\u00e7as que v\u00eam sendo realizadas na \u00e1rea da sa\u00fade, que come\u00e7aram com a troca do secret\u00e1rio da pasta na semana passada. \u201cFizemos essa mudan\u00e7a no S\u00e3o Vicente em acordo com a diretoria dos Vicentinos, que aprovou a troca\u201d, destacou Bigardi.<\/p>\n<p>O secret\u00e1rio de Sa\u00fade, Lu\u00eds Carlos Casarin, explicou que Francisco Claro est\u00e1 atualmente finalizando o processo de certifica\u00e7\u00e3o do Hospital Nossa Senhora Auxiliadora, em Tr\u00eas Lagoas (MS). O hospital sul-mato-grossense conquistou recentemente ouro na Certifica\u00e7\u00e3o de Qualifica\u00e7\u00e3o Hospitalar (CQH), processo ligado ao Conselho Federal de Medicina.<\/p>\n<div style=\"width: 340px\" class=\"wp-caption alignleft\"><a href=\"https:\/\/jundiai.sp.gov.br\/noticias\/wp-content\/uploads\/sites\/32\/2014\/12\/francisco_claro_g.jpg\"><img loading=\"lazy\" decoding=\"async\" src=\"https:\/\/jundiai.sp.gov.br\/noticias\/wp-content\/uploads\/sites\/32\/2014\/12\/francisco_claro_g.jpg\" alt=\"\" width=\"330\" height=\"370\" \/><\/a><p class=\"wp-caption-text\">Francisco Claro assume a superintend\u00eancia no dia 11<\/p><\/div>\n<p>\u201cDesde que cheguei na secretaria, h\u00e1 uma semana, tenho dado aten\u00e7\u00e3o especial ao Hospital S\u00e3o Vicente. A mudan\u00e7a visa melhorar o atendimento prestado \u00e0 popula\u00e7\u00e3o e tamb\u00e9m a qualifica\u00e7\u00e3o da gest\u00e3o\u201d, explicou o secret\u00e1rio. \u201cO doutor Francisco Claro \u00e9 especialista em administra\u00e7\u00e3o hospitalar, conhece bem e \u00e9 um grande defensor do Sistema \u00danico de Sa\u00fade (SUS). Nossa meta \u00e9 certificar o Hospital S\u00e3o Vicente.\u201d<\/p>\n<p>O secret\u00e1rio tamb\u00e9m disse que se reuniu na semana passada com secret\u00e1rios de sa\u00fade da regi\u00e3o e com representantes da Diretoria Regional de Sa\u00fade do governo do Estado para discutir um novo protocolo de atendimento no S\u00e3o Vicente, que hoje funciona como hospital regional, atendendo n\u00e3o apenas casos de alta, mas tamb\u00e9m de baixa e m\u00e9dia complexidades.<\/p>\n<p>\u201cTamb\u00e9m estou conversando com a administra\u00e7\u00e3o do Hospital Regional, que est\u00e1 atendendo menos de 50% de sua capacidade. Temos fila para exames de tomografia, por exemplo, e o Regional tem uma m\u00e1quina praticamente parada l\u00e1.\u201d<\/p>\n<p><em><strong>Niza Souza<br \/>\nFoto: Paulo Gr\u00e9gio <\/strong><\/em><\/p>\n<p>&nbsp;<\/p>\n<p>&nbsp;<\/p>\n<p><strong>Acompanhe a reportagem da TVE Jundia\u00ed<\/strong><\/p>\n<p>http:\/\/youtu.be\/X5ahLNItz-w<\/p>\n","protected":false},"excerpt":{"rendered":"<p>M\u00e9dico sanitarista Francisco Claro Oliveira assume o cargo na pr\u00f3xima quinta-feira (11). Saiba mais<\/p>\n","protected":false},"author":10,"featured_media":109425,"comment_status":"closed","ping_status":"closed","sticky":false,"template":"","format":"standard","meta":{"footnotes":""},"categories":[2],"tags":[321,3],"ods":[],"class_list":["post-109424","post","type-post","status-publish","format-standard","has-post-thumbnail","hentry","category-noticias","tag-hospital-de-caridade-sao-vicente-de-paulo","tag-saude"],"_links":{"self":[{"href":"https:\/\/jundiai.sp.gov.br\/noticias\/wp-json\/wp\/v2\/posts\/109424","targetHints":{"allow":["GET"]}}],"collection":[{"href":"https:\/\/jundiai.sp.gov.br\/noticias\/wp-json\/wp\/v2\/posts"}],"about":[{"href":"https:\/\/jundiai.sp.gov.br\/noticias\/wp-json\/wp\/v2\/types\/post"}],"author":[{"embeddable":true,"href":"https:\/\/jundiai.sp.gov.br\/noticias\/wp-json\/wp\/v2\/users\/10"}],"replies":[{"embeddable":true,"href":"https:\/\/jundiai.sp.gov.br\/noticias\/wp-json\/wp\/v2\/comments?post=109424"}],"version-history":[{"count":2,"href":"https:\/\/jundiai.sp.gov.br\/noticias\/wp-json\/wp\/v2\/posts\/109424\/revisions"}],"predecessor-version":[{"id":114446,"href":"https:\/\/jundiai.sp.gov.br\/noticias\/wp-json\/wp\/v2\/posts\/109424\/revisions\/114446"}],"wp:featuredmedia":[{"embeddable":true,"href":"https:\/\/jundiai.sp.gov.br\/noticias\/wp-json\/"}],"wp:attachment":[{"href":"https:\/\/jundiai.sp.gov.br\/noticias\/wp-json\/wp\/v2\/media?parent=109424"}],"wp:term":[{"taxonomy":"category","embeddable":true,"href":"https:\/\/jundiai.sp.gov.br\/noticias\/wp-json\/wp\/v2\/categories?post=109424"},{"taxonomy":"post_tag","embeddable":true,"href":"https:\/\/jundiai.sp.gov.br\/noticias\/wp-json\/wp\/v2\/tags?post=109424"},{"taxonomy":"ods","embeddable":true,"href":"https:\/\/jundiai.sp.gov.br\/noticias\/wp-json\/wp\/v2\/ods?post=109424"}],"curies":[{"name":"wp","href":"https:\/\/api.w.org\/{rel}","templated":true}]}}