{"id":109454,"date":"2014-12-05T12:49:24","date_gmt":"2014-12-05T14:49:24","guid":{"rendered":"https:\/\/jundiai.sp.gov.br\/noticias\/?p=109454"},"modified":"2016-11-04T11:16:11","modified_gmt":"2016-11-04T13:16:11","slug":"educacao-abre-50-vagas-para-curso-de-pedagogia","status":"publish","type":"post","link":"https:\/\/jundiai.sp.gov.br\/noticias\/2014\/12\/05\/educacao-abre-50-vagas-para-curso-de-pedagogia\/","title":{"rendered":"Educa\u00e7\u00e3o abre 50 vagas para curso de Pedagogia"},"content":{"rendered":"<p><strong>A Secretaria de Educa\u00e7\u00e3o abre o per\u00edodo de inscri\u00e7\u00e3o para o curso de licenciatura em Pedagogia, oferecido aos Agentes de Desenvolvimento Infantil (ADIs), por meio de conv\u00eanio firmado entre a pasta e a Sociedade Padre Anchieta de Ensino. Os interessados devem procurar o N\u00facleo Administrativo de Creches (NAC) a partir da pr\u00f3xima quarta-feira (10). O prazo vai at\u00e9 o dia 16 de dezembro. <\/strong><\/p>\n<p><strong>LEIA TAMB\u00c9M<br \/>\n<a href=\"https:\/\/jundiai.sp.gov.br\/noticias\/2014\/12\/jovens-autores-reune-mais-de-35-mil-pessoas-em-emeb\/\" target=\"_blank\"><strong>\u2018Jovens Autores\u2019 re\u00fane mais de 3,5 mil pessoas em Emeb<\/strong><\/a><br \/>\n<a href=\"https:\/\/jundiai.sp.gov.br\/noticias\/2014\/12\/concurso-semana-da-patria-premiacao-sera-dia-15\/\" target=\"_blank\">Concurso Semana da P\u00e1tria: premia\u00e7\u00e3o ser\u00e1 na segunda (15)<\/strong><\/a><\/p>\n<p><strong>Foram disponibilizadas 50 vagas para o primeiro semestre de 2015. A Prefeitura vai custear dois ter\u00e7os do valor das mensalidades.<\/strong> Ao firmar esse conv\u00eanio em 2013, a Secretaria de Educa\u00e7\u00e3o objetivou aprofundar a base de conhecimento dos profissionais que atuam com os alunos de zero a 3 anos. A medida tamb\u00e9m \u00e9 mais uma adotada no governo Pedro Bigardi para o reconhecimento e valoriza\u00e7\u00e3o dos servidores que ocupam o cargo de ADIs.<\/p>\n<p>Todos os requisitos necess\u00e1rios para a inscri\u00e7\u00e3o est\u00e3o na <a href=\"http:\/\/imprensaoficial.jundiai.sp.gov.br\/2014\/12\/05\/\" target=\"_blank\">Imprensa Oficial desta sexta-feira (5)<\/a>, na p\u00e1gina 28. Entre eles est\u00e1 que o Agente de Desenvolvimento Infantil deve estar atuando nas escolas municipais e precisa ser aprovado no exame de ingresso que a faculdade vai realizar.<\/p>\n<p><strong>Documenta\u00e7\u00e3o<\/strong><br \/>\n<strong>Para efetuar a inscri\u00e7\u00e3o, \u00e9 necess\u00e1rio apresentar c\u00f3pias e originais dos seguintes documentos: RG, CPF, diploma ou certificado de conclus\u00e3o do Ensino M\u00e9dio, hist\u00f3rico escolar e comprovante de tempo de servi\u00e7o (dispon\u00edvel no sistema de administra\u00e7\u00e3o de profissionais).<\/strong><\/p>\n<p>O Complexo Argos fica avenida Dr. Cavalcanti, 396, Vila Arens). O hor\u00e1rio de atendimento do NAC, para inscri\u00e7\u00e3o, \u00e9 das 8h30 \u00e0s 11h e das 14h \u00e0s 17h.<\/p>\n<p><em><strong>Roberta S\u00e1<\/strong><\/em><\/p>\n","protected":false},"excerpt":{"rendered":"<p>Vagas s\u00e3o voltadas aos Agentes de Desenvolvimento Infantil (ADIs) da rede municipal, por conv\u00eanio <\/p>\n","protected":false},"author":10,"featured_media":92291,"comment_status":"closed","ping_status":"closed","sticky":false,"template":"","format":"standard","meta":{"footnotes":""},"categories":[2],"tags":[6],"ods":[],"class_list":["post-109454","post","type-post","status-publish","format-standard","has-post-thumbnail","hentry","category-noticias","tag-educacao"],"_links":{"self":[{"href":"https:\/\/jundiai.sp.gov.br\/noticias\/wp-json\/wp\/v2\/posts\/109454","targetHints":{"allow":["GET"]}}],"collection":[{"href":"https:\/\/jundiai.sp.gov.br\/noticias\/wp-json\/wp\/v2\/posts"}],"about":[{"href":"https:\/\/jundiai.sp.gov.br\/noticias\/wp-json\/wp\/v2\/types\/post"}],"author":[{"embeddable":true,"href":"https:\/\/jundiai.sp.gov.br\/noticias\/wp-json\/wp\/v2\/users\/10"}],"replies":[{"embeddable":true,"href":"https:\/\/jundiai.sp.gov.br\/noticias\/wp-json\/wp\/v2\/comments?post=109454"}],"version-history":[{"count":1,"href":"https:\/\/jundiai.sp.gov.br\/noticias\/wp-json\/wp\/v2\/posts\/109454\/revisions"}],"predecessor-version":[{"id":165967,"href":"https:\/\/jundiai.sp.gov.br\/noticias\/wp-json\/wp\/v2\/posts\/109454\/revisions\/165967"}],"wp:featuredmedia":[{"embeddable":true,"href":"https:\/\/jundiai.sp.gov.br\/noticias\/wp-json\/"}],"wp:attachment":[{"href":"https:\/\/jundiai.sp.gov.br\/noticias\/wp-json\/wp\/v2\/media?parent=109454"}],"wp:term":[{"taxonomy":"category","embeddable":true,"href":"https:\/\/jundiai.sp.gov.br\/noticias\/wp-json\/wp\/v2\/categories?post=109454"},{"taxonomy":"post_tag","embeddable":true,"href":"https:\/\/jundiai.sp.gov.br\/noticias\/wp-json\/wp\/v2\/tags?post=109454"},{"taxonomy":"ods","embeddable":true,"href":"https:\/\/jundiai.sp.gov.br\/noticias\/wp-json\/wp\/v2\/ods?post=109454"}],"curies":[{"name":"wp","href":"https:\/\/api.w.org\/{rel}","templated":true}]}}