{"id":109460,"date":"2014-12-05T12:48:50","date_gmt":"2014-12-05T14:48:50","guid":{"rendered":"https:\/\/jundiai.sp.gov.br\/noticias\/?p=109460"},"modified":"2016-11-04T11:16:11","modified_gmt":"2016-11-04T13:16:11","slug":"concurso-para-medicos-prefeitura-divulga-data-e-local-das-provas","status":"publish","type":"post","link":"https:\/\/jundiai.sp.gov.br\/noticias\/2014\/12\/05\/concurso-para-medicos-prefeitura-divulga-data-e-local-das-provas\/","title":{"rendered":"Concurso de m\u00e9dicos: divulgados data e local das provas"},"content":{"rendered":"<p><strong>A Prefeitura de Jundia\u00ed divulgou a data e o local em que ser\u00e1 realizada a prova objetiva do concurso para contrata\u00e7\u00e3o de m\u00e9dicos em 12 especialidades, para ingresso permanente no servi\u00e7o p\u00fablico pelo regime estatut\u00e1rio. As informa\u00e7\u00f5es est\u00e3o na <a href=\"http:\/\/imprensaoficial.jundiai.sp.gov.br\/2014\/12\/05\/\" target=\"_blank\">Imprensa Oficial desta sexta-feira (05)<\/a>.<\/strong><\/p>\n<p>De acordo com o edital, <strong>a prova objetiva ser\u00e1 no dia 14 de dezembro, a partir das 8h, na Faculdade Anhanguera &#8211; Rua do Retiro, n\u00ba 3000. Os port\u00f5es ser\u00e3o abertos \u00e0s 8h e ser\u00e3o fechados \u00e0s 8h30.<\/strong><\/p>\n<p><strong>MAIS SA\u00daDE<br \/>\n<a href=\"https:\/\/jundiai.sp.gov.br\/noticias\/2014\/12\/educacao-abre-50-vagas-para-curso-de-pedagogia\/\" target=\"_blank\"><strong>Educa\u00e7\u00e3o abre 50 vagas para curso de Pedagogia<\/strong><\/a><br \/>\n<a href=\"https:\/\/jundiai.sp.gov.br\/noticias\/2014\/12\/prefeito-anuncia-troca-da-diretoria-do-hospital-sao-vicente\/\" target=\"_blank\">Prefeito anuncia troca da diretoria do S\u00e3o Vicente<\/strong><\/a><\/p>\n<p>Os candidatos dever\u00e3o comparecer ao local designado para a prova com anteced\u00eancia m\u00ednima de 30 minutos e aquele que se apresentar ap\u00f3s o hor\u00e1rio determinado para fechamento dos port\u00f5es ser\u00e1 exclu\u00eddo do processo automaticamente.<\/p>\n<p><strong>\u00c9 importante que os candidatos levem documentos originais, como Carteira de Identidade (RG), carteira emitida por \u00f3rg\u00e3o ou conselho de classe (CREA, OAB, CRC, CRM, etc), Certificado de Reservista, Carteira de Trabalho e Previd\u00eancia Social, Carteira Nacional de Habilita\u00e7\u00e3o com foto ou passaporte.<\/strong><\/p>\n<p>A comiss\u00e3o que organiza o processo lembra tamb\u00e9m da necessidade de os candidatos levarem, no dia da prova, o comprovante de pagamento do boleto banc\u00e1rio referente \u00e0 taxa de inscri\u00e7\u00e3o.<\/p>\n<p>A prova ter\u00e1 a dura\u00e7\u00e3o de tr\u00eas horas e os candidatos devem levar para a classe caneta esferogr\u00e1fica de tinta preta ou azul.<\/p>\n<p>O concurso foi aberto para preenchimento de vagas nas fun\u00e7\u00f5es de Cl\u00ednico Geral, Cardiologista Pedi\u00e1trico, Cirurgi\u00e3o Pedi\u00e1trico, Cirurgi\u00e3o Pl\u00e1stico, Ginecologista e Obstetra, Nefrologista, Neurologista, Pediatra, Pediatra Neonatologista, Pneumologista Pedi\u00e1trico, Proctologista e Veterin\u00e1rio. N\u00e3o houve candidatos inscritos para Cardiologista Pedi\u00e1trico.<\/p>\n<p><em><strong>Assessoria de Imprensa<\/strong><\/em><\/p>\n","protected":false},"excerpt":{"rendered":"<p>Prova ser\u00e1 no domingo (14), \u00e0s 8h, na Faculdade Anhanguera. Ser\u00e3o contratados m\u00e9dicos para 12 especialidades  <\/p>\n","protected":false},"author":10,"featured_media":73239,"comment_status":"closed","ping_status":"closed","sticky":false,"template":"","format":"standard","meta":{"footnotes":""},"categories":[2],"tags":[480,3],"ods":[],"class_list":["post-109460","post","type-post","status-publish","format-standard","has-post-thumbnail","hentry","category-noticias","tag-emprego","tag-saude"],"_links":{"self":[{"href":"https:\/\/jundiai.sp.gov.br\/noticias\/wp-json\/wp\/v2\/posts\/109460","targetHints":{"allow":["GET"]}}],"collection":[{"href":"https:\/\/jundiai.sp.gov.br\/noticias\/wp-json\/wp\/v2\/posts"}],"about":[{"href":"https:\/\/jundiai.sp.gov.br\/noticias\/wp-json\/wp\/v2\/types\/post"}],"author":[{"embeddable":true,"href":"https:\/\/jundiai.sp.gov.br\/noticias\/wp-json\/wp\/v2\/users\/10"}],"replies":[{"embeddable":true,"href":"https:\/\/jundiai.sp.gov.br\/noticias\/wp-json\/wp\/v2\/comments?post=109460"}],"version-history":[{"count":2,"href":"https:\/\/jundiai.sp.gov.br\/noticias\/wp-json\/wp\/v2\/posts\/109460\/revisions"}],"predecessor-version":[{"id":165968,"href":"https:\/\/jundiai.sp.gov.br\/noticias\/wp-json\/wp\/v2\/posts\/109460\/revisions\/165968"}],"wp:featuredmedia":[{"embeddable":true,"href":"https:\/\/jundiai.sp.gov.br\/noticias\/wp-json\/"}],"wp:attachment":[{"href":"https:\/\/jundiai.sp.gov.br\/noticias\/wp-json\/wp\/v2\/media?parent=109460"}],"wp:term":[{"taxonomy":"category","embeddable":true,"href":"https:\/\/jundiai.sp.gov.br\/noticias\/wp-json\/wp\/v2\/categories?post=109460"},{"taxonomy":"post_tag","embeddable":true,"href":"https:\/\/jundiai.sp.gov.br\/noticias\/wp-json\/wp\/v2\/tags?post=109460"},{"taxonomy":"ods","embeddable":true,"href":"https:\/\/jundiai.sp.gov.br\/noticias\/wp-json\/wp\/v2\/ods?post=109460"}],"curies":[{"name":"wp","href":"https:\/\/api.w.org\/{rel}","templated":true}]}}