{"id":109476,"date":"2014-12-05T14:10:07","date_gmt":"2014-12-05T16:10:07","guid":{"rendered":"https:\/\/jundiai.sp.gov.br\/noticias\/?p=109476"},"modified":"2016-11-04T11:16:13","modified_gmt":"2016-11-04T13:16:13","slug":"jundiai-ja-tem-a-corte-da-32a-festa-da-uva","status":"publish","type":"post","link":"https:\/\/jundiai.sp.gov.br\/noticias\/2014\/12\/05\/jundiai-ja-tem-a-corte-da-32a-festa-da-uva\/","title":{"rendered":"Jundia\u00ed j\u00e1 tem a nova Corte da Uva"},"content":{"rendered":"<p><strong>A Corte que vai representar e divulgar a<a href=\"http:\/\/festadauva.jundiai.sp.gov.br\/\" target=\"_blank\"> 32\u00aa Festa da Uva e 3\u00aa Expo Vinhos<\/a> foi escolhida na noite de quinta-feira (4), no Teatro Polytheama. O concurso, promovido pela Prefeitura de Jundia\u00ed, por meio das secretarias de Cultura e Agricultura, Abastecimento e Turismo, elegeu Grayce Kelly Baptista Guerini como rainha; Stephany de Mello Corsino como 1\u00aa princesa; Let\u00edcia Francelino Branco como 2\u00aa princesa; e Kate Kathleen Baptista Guerini, Patr\u00edcia Tomim, Aline Spasiani Ferreira e Nayara Glasieli Vieira como vinhateiras. Uma plateia animada, formada por cerca de 400 pessoas, prestigiou o evento. <\/strong><\/p>\n<p><strong>Este ano o concurso contou o n\u00famero recorde de 46 inscritas<\/strong>, das quais<strong> <a href=\"https:\/\/jundiai.sp.gov.br\/noticias\/2014\/11\/definidas-as-14-finalistas-da-corte-da-uva-2015\/\" target=\"_blank\">41 participaram da pr\u00e9-sele\u00e7\u00e3o que resultou na escolha das 14 finalistas<\/a><\/strong> que concorreram \u00e0 Corte da Uva 2015. Elas desfilaram com traje de gala e responderam \u00e0s perguntas dos sete jurados. Antes do an\u00fancio das vencedoras, a plateia assistiu \u00e0 apresenta\u00e7\u00e3o do N\u00facleo de Samba Paulista Bumbo do Japi.<\/p>\n<p><strong><a href=\"https:\/\/www.flickr.com\/photos\/prefeituradejundiai\/sets\/72157649204854437\/\" target=\"_blank\">CONFIRA AS FOTOS DA PREMIA\u00c7\u00c3O<\/a><\/strong><\/p>\n<p><strong>LEIA TAMB\u00c9M<br \/>\n<a href=\"https:\/\/jundiai.sp.gov.br\/noticias\/2014\/12\/jundiai-inicia-o-grande-natal-encantado-2014\/\" target=\"_blank\">Jundia\u00ed inicia o grande Natal Encantado 2014<\/a><br \/>\n<a href=\"https:\/\/jundiai.sp.gov.br\/noticias\/2014\/12\/acoes-da-prefeitura-de-jundiai-colaboram-para-melhoria-da-seguranca\/\" target=\"_blank\">A\u00e7\u00f5es da Prefeitura colaboram com a seguran\u00e7a<\/a><\/strong><\/p>\n<div id=\"attachment_109478\" style=\"width: 610px\" class=\"wp-caption aligncenter\"><a href=\"https:\/\/jundiai.sp.gov.br\/noticias\/wp-content\/uploads\/sites\/32\/2014\/12\/Eleicao_Corte_Uva_A_652g.jpg\"><img loading=\"lazy\" decoding=\"async\" aria-describedby=\"caption-attachment-109478\" src=\"https:\/\/jundiai.sp.gov.br\/noticias\/wp-content\/uploads\/sites\/32\/2014\/12\/Eleicao_Corte_Uva_A_652g-1024x739.jpg\" alt=\"A nova corte ir\u00e1 representar a cidade e divulgar a 32\u00aa Festa da Uva\" width=\"600\" height=\"450\" class=\"size-large wp-image-109478\" \/><\/a><p id=\"caption-attachment-109478\" class=\"wp-caption-text\">A nova corte ir\u00e1 representar a cidade e divulgar a 32\u00aa Festa da Uva<\/p><\/div>\n<p><strong>O prefeito Pedro Bigardi e a primeira-dama e presidente do <a href=\"https:\/\/www.facebook.com\/fundosocialsolidariedadedejundiai\" target=\"_blank\">Fundo Social de Solidariedade<\/a>, Margarete Geraldo Bigardi, fizeram quest\u00e3o de prestigiar o evento. \u201cA escolha da nova corte \u00e9 um momento importante para a cidade, marca o in\u00edcio da Festa da Uva, considerada uma das maiores do Brasil. <\/strong>Tenho que certeza que as meninas v\u00e3o representar muito bem nossa cidade e a festa, que este ano recebeu 130 mil pessoas\u201d, disse o prefeito.<\/p>\n<p>Para o secret\u00e1rio de Cultura, T\u00e9rcio Marinho, <strong>a corte representa a cidade e seus valores atrav\u00e9s da Festa da Uva, que retomou suas tradi\u00e7\u00f5es no Governo Pedro Bigardi<\/strong>. \u201cA retomada do modelo original da festa marca o reencontro com as tradi\u00e7\u00f5es, que s\u00e3o a valoriza\u00e7\u00e3o da uva e do agricultor que ajudou a construir a cidade honrosamente conhecida como &#8220;Terra da Uva&#8221;, o que <strong>fez com que as pessoas voltassem a frequent\u00e1-la<\/strong>.\u201d<\/p>\n<p>Tamb\u00e9m participaram do evento o diretor de Abastecimento Edilson Chrispin, representando o secret\u00e1rio de Agricultura, Abastecimento e Turismo, Marcos Brunholi; a diretora de Turismo Marcela Moro; o assessor especial das coordenadorias Vanderlei Victorino; e o vereador Rafael Antonucci.<\/p>\n<p>Na comiss\u00e3o julgadora estavam o presidente do <strong><a href=\"http:\/\/turismo.jundiai.sp.gov.br\/institucional\/\" target=\"_blank\">Conselho Municipal de Turismo<\/a><\/strong>, Carlos Alberto de Oliveira; o presidente da Federa\u00e7\u00e3o das Associa\u00e7\u00f5es do Circuito das Frutas, Ren\u00ea Tomazetto; o diretor presidente da <strong><a href=\"http:\/\/escoladegoverno.jundiai.sp.gov.br\/\" target=\"_blank\">Escola de Governo e Gest\u00e3o<\/a><\/strong>, Marcelo Lo Monaco; a bailarina J\u00e9ssica Oliveira; Claudete Carvalho, representando o <strong><a href=\"http:\/\/www.cultura.gov.br\/\" target=\"_blank\">Minist\u00e9rio da Cultura<\/a><\/strong>; a advogada e professora Marineide Villas Boas; e o jornalista e apresentador Val J\u00fanior. Eles atribu\u00edram notas de 5 a 10 para os quesitos beleza, eleg\u00e2ncia, simpatia, desembara\u00e7o e traje de gala.<\/p>\n<div id=\"attachment_109477\" style=\"width: 610px\" class=\"wp-caption aligncenter\"><a href=\"https:\/\/jundiai.sp.gov.br\/noticias\/wp-content\/uploads\/sites\/32\/2014\/12\/Eleicao_Corte_Uva_A_567g.jpg\"><img loading=\"lazy\" decoding=\"async\" aria-describedby=\"caption-attachment-109477\" src=\"https:\/\/jundiai.sp.gov.br\/noticias\/wp-content\/uploads\/sites\/32\/2014\/12\/Eleicao_Corte_Uva_A_567g-1024x687.jpg\" alt=\"Grayce Kelly, de 25 anos, foi coroada rainha\" width=\"600\" height=\"450\" class=\"size-large wp-image-109477\" \/><\/a><p id=\"caption-attachment-109477\" class=\"wp-caption-text\">Grayce Kelly, de 25 anos, foi coroada rainha<\/p><\/div>\n<p><strong>Rainha<\/strong><br \/>\n<strong>Modelo formada em computa\u00e7\u00e3o gr\u00e1fica, Grayce Kelly Paptista Guerini, de 25 anos, foi coroada a rainha da 32\u00aa Festa da Uva e 3\u00aa Expo Vinho.<\/strong> Muito emocionada, Grayce disse que n\u00e3o esperava sair vencedora e<strong> agradeceu a Prefeitura de Jundia\u00ed pela oportunidade dada \u00e0s candidatas com a realiza\u00e7\u00e3o do concurso.<\/strong> Sobre a miss\u00e3o de representar a cidade e a festa, a rainha afirmou que \u00e9 uma honra. \u201cVou continuar o belo trabalho feito pela corte anterior. Est\u00e1 vindo uma nova gera\u00e7\u00e3o de corte que ama Jundia\u00ed e quer represent\u00e1-la da melhor forma poss\u00edvel.\u201d<\/p>\n<p><strong>Festa <\/strong><br \/>\n<strong>A 32\u00aa Festa da Uva e 3\u00aa Expo Vinhos ser\u00e1 realizada nos dias 22, 23, 24, 25, 30 e 31 de janeiro e 1, 6, 7 e 8 de fevereiro de 2015, no Parque Comendador Ant\u00f4nio Carbonari \u2013 Parque da Uva, com entrada gratuita.<\/strong><\/p>\n<p>O <strong>maior evento cultural e hist\u00f3rico da cidade retornou \u00e0s origens no Governo Pedro Bigardi com a participa\u00e7\u00e3o efetiva dos agricultores, shows regionais e entrada gratuita.<\/strong> Neste ano, a festa atraiu <strong>127 mil pessoas<\/strong> e, na edi\u00e7\u00e3o de 2015, a <strong>expectativa \u00e9 alcan\u00e7ar a marca de 150 mil visitantes.<\/strong><\/p>\n<p><strong><em>Viviane Rodrigues<br \/>\nFotos: Alessandro Rosman<\/em><\/strong><\/p>\n<p><strong>Assista \u00e0 reportagem da TVE Jundia\u00ed<\/strong><\/p>\n","protected":false},"excerpt":{"rendered":"<p>Corte vai representar a cidade e suas tradi\u00e7\u00f5es durante a Festa da Uva de 2015<\/p>\n","protected":false},"author":14,"featured_media":109481,"comment_status":"closed","ping_status":"closed","sticky":false,"template":"","format":"standard","meta":{"footnotes":""},"categories":[2],"tags":[456,457,41,445,446,29,458,459,7,309,98],"ods":[],"class_list":["post-109476","post","type-post","status-publish","format-standard","has-post-thumbnail","hentry","category-noticias","tag-32a-festa-da-uva","tag-3a-expo-vinhos","tag-agricultura-abastecimento-e-turismo","tag-corte-da-uva","tag-corte-da-uva-2015","tag-cultura","tag-expo-vinhos","tag-expo-vinhos-2014","tag-festa-da-uva","tag-festa-da-uva-2015","tag-teatro-polytheama"],"_links":{"self":[{"href":"https:\/\/jundiai.sp.gov.br\/noticias\/wp-json\/wp\/v2\/posts\/109476","targetHints":{"allow":["GET"]}}],"collection":[{"href":"https:\/\/jundiai.sp.gov.br\/noticias\/wp-json\/wp\/v2\/posts"}],"about":[{"href":"https:\/\/jundiai.sp.gov.br\/noticias\/wp-json\/wp\/v2\/types\/post"}],"author":[{"embeddable":true,"href":"https:\/\/jundiai.sp.gov.br\/noticias\/wp-json\/wp\/v2\/users\/14"}],"replies":[{"embeddable":true,"href":"https:\/\/jundiai.sp.gov.br\/noticias\/wp-json\/wp\/v2\/comments?post=109476"}],"version-history":[{"count":2,"href":"https:\/\/jundiai.sp.gov.br\/noticias\/wp-json\/wp\/v2\/posts\/109476\/revisions"}],"predecessor-version":[{"id":165965,"href":"https:\/\/jundiai.sp.gov.br\/noticias\/wp-json\/wp\/v2\/posts\/109476\/revisions\/165965"}],"wp:featuredmedia":[{"embeddable":true,"href":"https:\/\/jundiai.sp.gov.br\/noticias\/wp-json\/"}],"wp:attachment":[{"href":"https:\/\/jundiai.sp.gov.br\/noticias\/wp-json\/wp\/v2\/media?parent=109476"}],"wp:term":[{"taxonomy":"category","embeddable":true,"href":"https:\/\/jundiai.sp.gov.br\/noticias\/wp-json\/wp\/v2\/categories?post=109476"},{"taxonomy":"post_tag","embeddable":true,"href":"https:\/\/jundiai.sp.gov.br\/noticias\/wp-json\/wp\/v2\/tags?post=109476"},{"taxonomy":"ods","embeddable":true,"href":"https:\/\/jundiai.sp.gov.br\/noticias\/wp-json\/wp\/v2\/ods?post=109476"}],"curies":[{"name":"wp","href":"https:\/\/api.w.org\/{rel}","templated":true}]}}