{"id":109502,"date":"2014-12-05T16:35:08","date_gmt":"2014-12-05T18:35:08","guid":{"rendered":"https:\/\/jundiai.sp.gov.br\/noticias\/?p=109502"},"modified":"2016-11-04T11:16:12","modified_gmt":"2016-11-04T13:16:12","slug":"cultura-recebe-propostas-de-artistas-ate-10-de-dezembro","status":"publish","type":"post","link":"https:\/\/jundiai.sp.gov.br\/noticias\/2014\/12\/05\/cultura-recebe-propostas-de-artistas-ate-10-de-dezembro\/","title":{"rendered":"Cultura recebe propostas at\u00e9 quarta-feira (10)"},"content":{"rendered":"<p><strong>A Secretaria de Cultura recebe at\u00e9 dia 10 de dezembro as propostas de artistas jundiaienses para apresenta\u00e7\u00f5es culturais que ser\u00e3o selecionadas para <a href=\"http:\/\/festadauva.jundiai.sp.gov.br\/\" target=\"_blank\">32\u00aa Festa da Uva de Jundia\u00ed e 3\u00aa Expo Vinhos de 2015<\/a>. O evento ser\u00e1 realizado nos dias 22, 23, 24, 25, 30 e 31 de janeiro e 1, 6, 7 e 8 de fevereiro de 2015, no Parque Comendador Ant\u00f4nio Carbonari (Parque da Uva). A entrada \u00e9 gratuita.<\/strong><\/p>\n<p>Ser\u00e3o selecionadas em m\u00e9dia <strong>100 atra\u00e7\u00f5es<\/strong>. Podem se inscrever<strong> projetos musicais, teatro de rua, apresenta\u00e7\u00f5es de dan\u00e7a e interven\u00e7\u00f5es de rua.<\/strong><\/p>\n<p><strong>LEIA TAMB\u00c9M<br \/>\n<a href=\"https:\/\/jundiai.sp.gov.br\/noticias\/2014\/12\/jundiai-ja-tem-a-corte-da-32a-festa-da-uva\/\" target=\"_blank\">Jundia\u00ed j\u00e1 tem a Corte da 32\u00aa Festa da Uva e 3\u00aa Expo Vinhos<\/a><br \/>\n<a href=\"https:\/\/jundiai.sp.gov.br\/noticias\/2014\/12\/compromissos-social-cultural-e-ambiental-marcam-pao-e-poesia-2014\/\" target=\"_blank\">Compromissos social, cultural e ambiental marcam \u2018P\u00e3o e Poesia\u2019<\/a><\/strong><\/p>\n<p><strong>Os documentos necess\u00e1rios s\u00e3o: <\/strong><\/p>\n<ul>\n<li><em>ficha de inscri\u00e7\u00e3o devidamente preenchida;<\/em><\/li>\n<p><strong><a href=\"https:\/\/jundiai.sp.gov.br\/noticias\/wp-content\/uploads\/sites\/32\/2014\/12\/FICHA-SELE\u00c7\u00c3O-DE-PROJETOS-FESTA-DA-UVA.pdf\" target=\"_blank\">BAIXE AQUI A SUA FICHA DE INSCRI\u00c7\u00c3O<\/a><\/strong><\/p>\n<li><em>proposta em papel timbrado contendo CNPJ, endere\u00e7o, email, telefone e o valor da proposta do grupo;<\/em><\/li>\n<li><em>release da apresenta\u00e7\u00e3o; mapa de palco;<\/em><\/li>\n<li><em>curr\u00edculo dos integrantes; repert\u00f3rio de at\u00e9 60 minutos;<\/em><\/li>\n<li><em>CND &#8211; Certid\u00e3o Negativa de D\u00e9bitos Previdenci\u00e1rios;<\/em><\/li>\n<li><em>CNDT &#8211; Certid\u00e3o Negativa de D\u00e9bitos Trabalhistas;<\/em><\/li>\n<li><em>c\u00f3pia da Certid\u00e3o de Regularidade de Empregador FGTS \u2013 CRF.<\/em><\/li>\n<\/ul>\n<p>Os interessados devem fazer as <strong>inscri\u00e7\u00f5es na Casa da Cultura<\/strong>, na rua Bar\u00e3o de Jundia\u00ed, 868, Centro, de segunda a sexta, das 9h \u00e0s 17h (exceto feriados e pontos facultativos) at\u00e9 o dia 10 de dezembro. Mais informa\u00e7\u00f5es pelo telefone (11) 4521-6922.<\/p>\n<p><strong><em>Assessoria de Imprensa<\/em><\/strong><\/p>\n","protected":false},"excerpt":{"rendered":"<p>Artistas interessados em participar da 32\u00aa Festa da Uva e 3\u00aa Expo Vinhos devem se inscrever na Cultura<\/p>\n","protected":false},"author":14,"featured_media":109507,"comment_status":"closed","ping_status":"closed","sticky":false,"template":"","format":"standard","meta":{"footnotes":""},"categories":[2],"tags":[456,457,29,458,462,7,309],"ods":[],"class_list":["post-109502","post","type-post","status-publish","format-standard","has-post-thumbnail","hentry","category-noticias","tag-32a-festa-da-uva","tag-3a-expo-vinhos","tag-cultura","tag-expo-vinhos","tag-expo-vinhos-2015","tag-festa-da-uva","tag-festa-da-uva-2015"],"_links":{"self":[{"href":"https:\/\/jundiai.sp.gov.br\/noticias\/wp-json\/wp\/v2\/posts\/109502","targetHints":{"allow":["GET"]}}],"collection":[{"href":"https:\/\/jundiai.sp.gov.br\/noticias\/wp-json\/wp\/v2\/posts"}],"about":[{"href":"https:\/\/jundiai.sp.gov.br\/noticias\/wp-json\/wp\/v2\/types\/post"}],"author":[{"embeddable":true,"href":"https:\/\/jundiai.sp.gov.br\/noticias\/wp-json\/wp\/v2\/users\/14"}],"replies":[{"embeddable":true,"href":"https:\/\/jundiai.sp.gov.br\/noticias\/wp-json\/wp\/v2\/comments?post=109502"}],"version-history":[{"count":1,"href":"https:\/\/jundiai.sp.gov.br\/noticias\/wp-json\/wp\/v2\/posts\/109502\/revisions"}],"predecessor-version":[{"id":146412,"href":"https:\/\/jundiai.sp.gov.br\/noticias\/wp-json\/wp\/v2\/posts\/109502\/revisions\/146412"}],"wp:featuredmedia":[{"embeddable":true,"href":"https:\/\/jundiai.sp.gov.br\/noticias\/wp-json\/"}],"wp:attachment":[{"href":"https:\/\/jundiai.sp.gov.br\/noticias\/wp-json\/wp\/v2\/media?parent=109502"}],"wp:term":[{"taxonomy":"category","embeddable":true,"href":"https:\/\/jundiai.sp.gov.br\/noticias\/wp-json\/wp\/v2\/categories?post=109502"},{"taxonomy":"post_tag","embeddable":true,"href":"https:\/\/jundiai.sp.gov.br\/noticias\/wp-json\/wp\/v2\/tags?post=109502"},{"taxonomy":"ods","embeddable":true,"href":"https:\/\/jundiai.sp.gov.br\/noticias\/wp-json\/wp\/v2\/ods?post=109502"}],"curies":[{"name":"wp","href":"https:\/\/api.w.org\/{rel}","templated":true}]}}