{"id":109547,"date":"2014-12-05T18:24:49","date_gmt":"2014-12-05T20:24:49","guid":{"rendered":"https:\/\/jundiai.sp.gov.br\/noticias\/?p=109547"},"modified":"2016-11-04T11:16:13","modified_gmt":"2016-11-04T13:16:13","slug":"seminario-apresenta-habitos-culturais-dos-jundiaienses","status":"publish","type":"post","link":"https:\/\/jundiai.sp.gov.br\/noticias\/2014\/12\/05\/seminario-apresenta-habitos-culturais-dos-jundiaienses\/","title":{"rendered":"Semin\u00e1rio apresenta h\u00e1bitos culturais dos jundiaienses"},"content":{"rendered":"<p><strong>Jundia\u00ed vai conhecer em detalhes os h\u00e1bitos culturais da popula\u00e7\u00e3o da cidade. Nesta segunda-feira (8), a partir das 19h30, o audit\u00f3rio central do Sindicato dos Metal\u00fargicos receber\u00e1 representantes da Secretaria de Cultura, da CCR AutoBAn e da Consultoria JLeiva Cultura &amp; Esporte para um semin\u00e1rio. O objetivo \u00e9 detalhar a pesquisa \u201cCultura em SP: H\u00e1bitos Culturais dos Paulistas\u201d, que apontou quase um ter\u00e7o de jundiaienses (31%) com participa\u00e7\u00e3o ativa em a\u00e7\u00f5es culturais durante as horas vagas &#8211; \u00edndice acima da m\u00e9dia estadual de 25%. <\/strong><\/p>\n<p>O estudo realizado pela consultoria percorreu 21 cidades do Estado S\u00e3o Paulo com mais de 100 mil habitantes, incluindo as 10 mais populosas. Pelo menos 8 mil pessoas maiores de 12 anos foram entrevistadas em busca de informa\u00e7\u00f5es sobre h\u00e1bitos de cultura e esporte dos moradores paulistas. Cada um dos entrevistados respondeu a mais de 80 perguntas. O trabalho foi patrocinado pela CCR.<\/p>\n<p><strong>MAIS CULTURA<br \/>\n<a href=\"https:\/\/jundiai.sp.gov.br\/noticias\/2014\/12\/cultura-recebe-propostas-de-artistas-ate-10-de-dezembro\/\" target=\"_blank\">Cultura recebe propostas at\u00e9 quarta-feira (10)<\/strong><\/a><\/p>\n<div style=\"width: 610px\" class=\"wp-caption aligncenter\"><a href=\"https:\/\/jundiai.sp.gov.br\/noticias\/wp-content\/uploads\/sites\/32\/2014\/12\/23CisneNegroCiaDanca_A_11g.jpg\"><img loading=\"lazy\" decoding=\"async\" src=\"https:\/\/jundiai.sp.gov.br\/noticias\/wp-content\/uploads\/sites\/32\/2014\/12\/23CisneNegroCiaDanca_A_11g.jpg\" width=\"600\" height=\"450\" class \/><\/a><p class=\"wp-caption-text\">Espet\u00e1culos de dan\u00e7a foram Polytheama<\/p><\/div>\n<p>A pesquisa \u201cCultura em SP: H\u00e1bitos Culturais dos Paulistas\u201d foi levada a campo pelo Instituto Datafolha, entre abril e maio de 2014, e traz dados in\u00e9ditos sobre o comportamento, interesses e conhecimento cultural dos paulistas.<strong> Os dados deram origem a tr\u00eas diferentes produtos: semin\u00e1rio, livro e um site, cujo conte\u00fado 100% gratuito pode ser consultado por gestores p\u00fablicos, privados e produtores culturais.<\/strong><\/p>\n<p><strong>Apresenta\u00e7\u00e3o<\/strong><br \/>\nNa apresenta\u00e7\u00e3o desta segunda (8), o diretor da Consultoria JLeiva Cultura &amp; Esporte, Jo\u00e3o Leiva, detalhar\u00e1 uma s\u00e9rie de informa\u00e7\u00f5es referentes \u00e0s atividades culturais da popula\u00e7\u00e3o. <strong>Em Jundia\u00ed, por exemplo, 21% dos moradores entrevistados assistiram a espet\u00e1culos de dan\u00e7a no \u00faltimo ano. Trata-se de outro n\u00famero acima do Estado, que apresentou 19% de participa\u00e7\u00e3o.<\/strong><\/p>\n<p><strong>No estudo, o Teatro Polytheama aparece citado na lideran\u00e7a dos locais mais frequentados (11%), seguido pelo Parque da Cidade (10%). Por outro lado, a Festa da Uva \u00e9 citada na lideran\u00e7a dos eventos mais importantes da cidade (30%), seguido pela Festa Italiana (11%).<\/strong><\/p>\n<p>Al\u00e9m dos destaques obtidos pela Festa da Uva e pelo Teatro Polytheama no atual cen\u00e1rio da cidade, a Prefeitura de Jundia\u00ed tamb\u00e9m foi apontada por 63% dos entrevistados da pesquisa na categoria de \u201cquem mais investe em cultura na cidade\u201d.<\/p>\n<p>Ainda em Jundia\u00ed, a pesquisa revela que 38% dos entrevistados visitou uma biblioteca no \u00faltimo ano. J\u00e1 em rela\u00e7\u00e3o \u00e0 tecnologia, 44% das pessoas que responderam a entrevista afirmaram que acessam diariamente a internet.<\/p>\n<p><a href=\"http:\/\/www.jleiva.com.br\/pesquisa_sp\/cidades.html#jundiai\" target=\"_blank\"><strong>Os n\u00fameros de Jundia\u00ed est\u00e3o dispon\u00edveis na internet<\/strong><\/a>, no site da Consultoria JLeiva. <\/p>\n<div style=\"width: 610px\" class=\"wp-caption aligncenter\"><a href=\"https:\/\/jundiai.sp.gov.br\/noticias\/wp-content\/uploads\/sites\/32\/2014\/12\/festa_uva1g.jpg\"><img loading=\"lazy\" decoding=\"async\" src=\"https:\/\/jundiai.sp.gov.br\/noticias\/wp-content\/uploads\/sites\/32\/2014\/12\/festa_uva1g.jpg\" width=\"600\" height=\"450\" class \/><\/a><p class=\"wp-caption-text\">Festa da Uva foi o evento mais lembrado<\/p><\/div>\n<p><strong>Servi\u00e7o<\/strong><br \/>\nSemin\u00e1rio Cultural \u201cH\u00e1bitos Culturais dos Paulistas\u201d<br \/>\n8 de dezembro, \u00e0s 19h30<br \/>\nAudit\u00f3rio do Sindicato dos Metal\u00fargicos \u2013 rua 15 de novembro, 240, Vila Arens<\/p>\n<p><em><strong>Assessoria de Imprensa<br \/>\nFoto: Arquivo <\/strong><\/em><\/p>\n","protected":false},"excerpt":{"rendered":"<p>Jundia\u00ed vai conhecer em detalhes os h\u00e1bitos culturais da popula\u00e7\u00e3o da cidade. Nesta segunda-feira (8), a partir das 19h30, o audit\u00f3rio central do Sindicato dos Metal\u00fargicos receber\u00e1 representantes da Secretaria de Cultura, da CCR AutoBAn e da Consultoria JLeiva Cultura &amp; Esporte para um semin\u00e1rio. O objetivo \u00e9 detalhar a pesquisa \u201cCultura em SP: H\u00e1bitos [&hellip;]<\/p>\n","protected":false},"author":10,"featured_media":0,"comment_status":"closed","ping_status":"closed","sticky":false,"template":"","format":"standard","meta":{"footnotes":""},"categories":[2],"tags":[29],"ods":[],"class_list":["post-109547","post","type-post","status-publish","format-standard","hentry","category-noticias","tag-cultura"],"_links":{"self":[{"href":"https:\/\/jundiai.sp.gov.br\/noticias\/wp-json\/wp\/v2\/posts\/109547","targetHints":{"allow":["GET"]}}],"collection":[{"href":"https:\/\/jundiai.sp.gov.br\/noticias\/wp-json\/wp\/v2\/posts"}],"about":[{"href":"https:\/\/jundiai.sp.gov.br\/noticias\/wp-json\/wp\/v2\/types\/post"}],"author":[{"embeddable":true,"href":"https:\/\/jundiai.sp.gov.br\/noticias\/wp-json\/wp\/v2\/users\/10"}],"replies":[{"embeddable":true,"href":"https:\/\/jundiai.sp.gov.br\/noticias\/wp-json\/wp\/v2\/comments?post=109547"}],"version-history":[{"count":1,"href":"https:\/\/jundiai.sp.gov.br\/noticias\/wp-json\/wp\/v2\/posts\/109547\/revisions"}],"predecessor-version":[{"id":182024,"href":"https:\/\/jundiai.sp.gov.br\/noticias\/wp-json\/wp\/v2\/posts\/109547\/revisions\/182024"}],"wp:attachment":[{"href":"https:\/\/jundiai.sp.gov.br\/noticias\/wp-json\/wp\/v2\/media?parent=109547"}],"wp:term":[{"taxonomy":"category","embeddable":true,"href":"https:\/\/jundiai.sp.gov.br\/noticias\/wp-json\/wp\/v2\/categories?post=109547"},{"taxonomy":"post_tag","embeddable":true,"href":"https:\/\/jundiai.sp.gov.br\/noticias\/wp-json\/wp\/v2\/tags?post=109547"},{"taxonomy":"ods","embeddable":true,"href":"https:\/\/jundiai.sp.gov.br\/noticias\/wp-json\/wp\/v2\/ods?post=109547"}],"curies":[{"name":"wp","href":"https:\/\/api.w.org\/{rel}","templated":true}]}}