{"id":112888,"date":"2014-12-12T10:13:25","date_gmt":"2014-12-12T12:13:25","guid":{"rendered":"https:\/\/jundiai.sp.gov.br\/noticias\/?p=112888"},"modified":"2016-11-04T11:16:27","modified_gmt":"2016-11-04T13:16:27","slug":"trabalho-da-secretaria-de-servicos-publicos-sera-destaque-em-curitiba","status":"publish","type":"post","link":"https:\/\/jundiai.sp.gov.br\/noticias\/2014\/12\/12\/trabalho-da-secretaria-de-servicos-publicos-sera-destaque-em-curitiba\/","title":{"rendered":"Trabalho da Secretaria de Servi\u00e7os P\u00fablicos ser\u00e1 destaque em Curitiba"},"content":{"rendered":"<p><strong>O sistema de coleta de res\u00edduos da constru\u00e7\u00e3o civil realizada em Jundia\u00ed pela Secretaria de Servi\u00e7os P\u00fablicos ser\u00e1 destaque no semin\u00e1rio &#8216;Sustentabilidade Empresarial &#8211; Log\u00edstica Reversa na Constru\u00e7\u00e3o Civil&#8217;, que ser\u00e1 realizado nesta segunda-feira (15), em Curtiba (PR). <\/strong><\/p>\n<p>O secret\u00e1rio Aguinaldo Leite vai apresentar o trabalho de<strong> monitoramento em tempo real, feito a partir de um sistema informativo. Desde o ano passado, a coleta deste tipo de res\u00edduo tem a trajet\u00f3ria rastreada na cidade, com objetivo de diminuir o despejo clandestino<\/strong>.<\/p>\n<p><strong>LEIA TAMB\u00c9M<br \/>\n<a href=\"https:\/\/jundiai.sp.gov.br\/noticias\/2014\/12\/07\/prefeito-entrega-a-populacao-28a-area-destinada-ao-lazer-e-esportes\/\" target=\"_blank\">Prefeito entrega 28\u00aa \u00e1rea de lazer e esportes<\/a><br \/>\n<a href=\"https:\/\/jundiai.sp.gov.br\/noticias\/2014\/12\/05\/prefeitura-em-acao-comeca-na-regiao-do-tamoio\/\" target=\"_blank\">Prefeitura em A\u00e7\u00e3o come\u00e7a na regi\u00e3o do Tamoio<\/a><br \/>\n<a href=\"https:\/\/jundiai.sp.gov.br\/noticias\/2014\/12\/05\/geresol-recebe-nova-esteira-para-separacao-de-residuos\/\" target=\"_blank\">Geresol recebe nova esteira para separa\u00e7\u00e3o de res\u00edduos<\/a><\/strong><\/p>\n<div id=\"attachment_112889\" style=\"width: 680px\" class=\"wp-caption alignleft\"><a href=\"https:\/\/jundiai.sp.gov.br\/noticias\/wp-content\/uploads\/sites\/32\/2014\/12\/AguinaldoG.jpg\"><img loading=\"lazy\" decoding=\"async\" aria-describedby=\"caption-attachment-112889\" src=\"https:\/\/jundiai.sp.gov.br\/noticias\/wp-content\/uploads\/sites\/32\/2014\/12\/AguinaldoG.jpg\" alt=\"Aguinaldo Leite apresenta trabalho inovador feito na cidade\" width=\"670\" height=\"450\" class=\"size-full wp-image-112889\" \/><\/a><p id=\"caption-attachment-112889\" class=\"wp-caption-text\">Aguinaldo Leite apresenta trabalho inovador feito na cidade<\/p><\/div>\n<p>\u201cFomos convidados para apresentar o modelo de gest\u00e3o que estamos seguindo na coleta de res\u00edduos de material da constru\u00e7\u00e3o civil.<strong> \u00c9 importante para Jundia\u00ed compartilhar o que estamos fazendo aqui e tamb\u00e9m ajudar a melhorar o modelo de gest\u00e3o e contribuir com o debate<\/strong>\u201d, afirma Aguinaldo Leite.<\/p>\n<p><strong>O secret\u00e1rio vai mostrar o trabalho desenvolvido em Jundia\u00ed, que, no in\u00edcio de 2013, tinha 1.270 pontos de descarte irregular e apenas 20 ca\u00e7ambas chegavam ao Centro de Gerenciamento de Res\u00edduos S\u00f3lidos (Geresol) para descarte<\/strong>.<\/p>\n<p>Com o trabalho desenvolvido pela secretaria, <strong>o munic\u00edpio tem agora apenas sete pontos de descarte irregular, j\u00e1 em mapeamento para serem &#8220;zerados&#8221;<\/strong>. Al\u00e9m disso, <strong>350 ca\u00e7ambas <\/strong>descartam o material no Geresol para reciclagem, atualmente.<\/p>\n<p><strong>O material reciclado \u00e9 utilizado por Jundia\u00ed nas obras da Prefeitura e j\u00e1 gerou uma economia aos cofres p\u00fablicos.<\/strong> \u201c\u00c9 um material importante, que vem sendo reutilizado pela gente. N\u00e3o compramos mais esse produto para obras de cal\u00e7adas, guias, bancos e pavimento para asfalto, entre outras. Tudo vem do Geresol e isto gera uma economia muito grande para o munic\u00edpio\u201d, concluiu.<\/p>\n<p><strong><a href=\"https:\/\/jundiai.sp.gov.br\/noticias\/2014\/11\/17\/coleta-de-residuos-jundiai-e-inspiracao-para-prefeitura-de-belo-horizonte\/\" target=\"_blank\">O trabalho feito em Jundia\u00ed j\u00e1 inspirou a Prefeitura de Belo Horizonte (MG)<\/a><\/strong>, que utiliza a partir do m\u00eas passado o mesmo sistema utilizado na cidade.<\/p>\n<p><strong>Curitiba<\/strong><br \/>\nO semin\u00e1rio <strong>&#8216;Sustentabilidade Empresarial &#8211; Log\u00edstica Reversa na Constru\u00e7\u00e3o Civil&#8217;<\/strong> \u00e9 organizado pela Rede Paranaense de Metrologia e Ensaios, em parceria com a <strong><a href=\"http:\/\/www.fiepr.org.br\/\" target=\"_blank\">Federa\u00e7\u00e3o das Ind\u00fastrias do Estado do Paran\u00e1 (Fiep)<\/a><\/strong> e o <strong><a href=\"http:\/\/www.sinduscon-pr.com.br\/principal\/home\/\" target=\"_blank\">Sindicato das Ind\u00fastrias da Constru\u00e7\u00e3o Civil (Sinduscon-PR)<\/a><\/strong>.<\/p>\n<p>O objetivo \u00e9<strong> apresentar boas pr\u00e1ticas no gerenciamento de res\u00edduos da constru\u00e7\u00e3o civil e discutir poss\u00edveis solu\u00e7\u00f5es<\/strong> para compor o Plano Setorial de Log\u00edstica Reversa da Constru\u00e7\u00e3o Civil do Estado do Paran\u00e1.<\/p>\n<p><strong><em>Fabio Frattini Manzini<br \/>\nFoto: Fot\u00f3grafos PJ<\/em><\/strong><\/p>\n","protected":false},"excerpt":{"rendered":"<p>Jundia\u00ed tinha 1.270 pontos de descarte irregular no in\u00edcio desta gest\u00e3o. Hoje, h\u00e1 apenas sete, j\u00e1 em mapeamento para serem zerados<\/p>\n","protected":false},"author":14,"featured_media":112936,"comment_status":"closed","ping_status":"closed","sticky":false,"template":"","format":"standard","meta":{"footnotes":""},"categories":[2],"tags":[68,401,341],"ods":[],"class_list":["post-112888","post","type-post","status-publish","format-standard","has-post-thumbnail","hentry","category-noticias","tag-centro-de-gerenciamento-de-residuos-solidos-geresol","tag-residuos-solidos","tag-servicos-publicos"],"_links":{"self":[{"href":"https:\/\/jundiai.sp.gov.br\/noticias\/wp-json\/wp\/v2\/posts\/112888","targetHints":{"allow":["GET"]}}],"collection":[{"href":"https:\/\/jundiai.sp.gov.br\/noticias\/wp-json\/wp\/v2\/posts"}],"about":[{"href":"https:\/\/jundiai.sp.gov.br\/noticias\/wp-json\/wp\/v2\/types\/post"}],"author":[{"embeddable":true,"href":"https:\/\/jundiai.sp.gov.br\/noticias\/wp-json\/wp\/v2\/users\/14"}],"replies":[{"embeddable":true,"href":"https:\/\/jundiai.sp.gov.br\/noticias\/wp-json\/wp\/v2\/comments?post=112888"}],"version-history":[{"count":2,"href":"https:\/\/jundiai.sp.gov.br\/noticias\/wp-json\/wp\/v2\/posts\/112888\/revisions"}],"predecessor-version":[{"id":112934,"href":"https:\/\/jundiai.sp.gov.br\/noticias\/wp-json\/wp\/v2\/posts\/112888\/revisions\/112934"}],"wp:featuredmedia":[{"embeddable":true,"href":"https:\/\/jundiai.sp.gov.br\/noticias\/wp-json\/wp\/v2\/media\/112936"}],"wp:attachment":[{"href":"https:\/\/jundiai.sp.gov.br\/noticias\/wp-json\/wp\/v2\/media?parent=112888"}],"wp:term":[{"taxonomy":"category","embeddable":true,"href":"https:\/\/jundiai.sp.gov.br\/noticias\/wp-json\/wp\/v2\/categories?post=112888"},{"taxonomy":"post_tag","embeddable":true,"href":"https:\/\/jundiai.sp.gov.br\/noticias\/wp-json\/wp\/v2\/tags?post=112888"},{"taxonomy":"ods","embeddable":true,"href":"https:\/\/jundiai.sp.gov.br\/noticias\/wp-json\/wp\/v2\/ods?post=112888"}],"curies":[{"name":"wp","href":"https:\/\/api.w.org\/{rel}","templated":true}]}}