{"id":112927,"date":"2014-12-12T11:25:30","date_gmt":"2014-12-12T13:25:30","guid":{"rendered":"https:\/\/jundiai.sp.gov.br\/noticias\/?p=112927"},"modified":"2020-11-06T10:17:59","modified_gmt":"2020-11-06T13:17:59","slug":"natal-solidario-fundo-social-recebe-doacao-da-takata-petri","status":"publish","type":"post","link":"https:\/\/jundiai.sp.gov.br\/noticias\/2014\/12\/12\/natal-solidario-fundo-social-recebe-doacao-da-takata-petri\/","title":{"rendered":"Natal Solid\u00e1rio: Fundo Social recebe doa\u00e7\u00e3o da Takata-Petri"},"content":{"rendered":"<p><strong>A primeira-dama Margarete Geraldo Bigardi, presidente do Fundo Social de Solidariedade (Funss), recebeu a doa\u00e7\u00e3o de mais de 500 brinquedos novos e usados, arrecadados pelos funcion\u00e1rios da empresa Takata-Petri, em ocasi\u00e3o do Natal Solid\u00e1rio 2014, campanha do Natal Encantado.<\/strong><\/p>\n<p><strong>LEIA TAMB\u00c9M<br \/>\n<\/strong><a href=\"https:\/\/jundiai.sp.gov.br\/noticias\/2014\/12\/12\/primeira-dama-prestigia-festival-da-casa-da-fonte\/\" target=\"_blank\" rel=\"noopener noreferrer\">Primeira-dama prestigia festival da Casa da Fonte<\/a><br \/>\n<a href=\"https:\/\/jundiai.sp.gov.br\/noticias\/2014\/12\/09\/comeca-o-curso-de-manicure-do-pronatec-no-fundo-social\/\" target=\"_blank\" rel=\"noopener noreferrer\">Come\u00e7a o curso de manicure do Pronatec no Fundo Social<\/a><\/p>\n<div id=\"attachment_112929\" style=\"width: 680px\" class=\"wp-caption alignleft\"><a href=\"https:\/\/jundiai.sp.gov.br\/noticias\/wp-content\/uploads\/sites\/32\/2014\/12\/DOACAO_BRINCQUEDOS_TAKATA10_G.jpg\"><img loading=\"lazy\" decoding=\"async\" aria-describedby=\"caption-attachment-112929\" class=\"size-full wp-image-112929\" src=\"https:\/\/jundiai.sp.gov.br\/noticias\/wp-content\/uploads\/sites\/32\/2014\/12\/DOACAO_BRINCQUEDOS_TAKATA10_G.jpg\" alt=\"Primeira-dama agradeceu o apoio da empresa\" width=\"670\" height=\"450\" \/><\/a><p id=\"caption-attachment-112929\" class=\"wp-caption-text\">Primeira-dama agradeceu o apoio da empresa<\/p><\/div>\n<p>De acordo com a colaboradora Rafaela dos Santos Pimenta, a divulga\u00e7\u00e3o da campanha de Natal foi realizada por duas semanas e foi bem aceita pelos funcion\u00e1rios que se empenharam para juntar brinquedos, pe\u00e7as de roupa e sapatos. A entrega foi realizada na tarde de quinta-feira (11).<\/p>\n<p>A primeira-dama agradeceu a a\u00e7\u00e3o em nome do Fundo Social de Solidariedade e em nome de todas as crian\u00e7as que ser\u00e3o contempladas com a doa\u00e7\u00e3o dos brinquedos neste Natal. Acompanharam a entrega as colaboradoras Rosangela Balbino da Silva e a Cristiana Navarro.<\/p>\n<p><strong><em>Assessoria de Imprensa<br \/>\nFoto: Fot\u00f3grafos PJ<\/em><\/strong><\/p>\n","protected":false},"excerpt":{"rendered":"<p>A primeira-dama Margarete Geraldo Bigardi, presidente do Fundo Social de Solidariedade (Funss), recebeu a doa\u00e7\u00e3o de mais de 500 brinquedos novos e usados, arrecadados pelos funcion\u00e1rios da empresa Takata-Petri, em ocasi\u00e3o do Natal Solid\u00e1rio 2014, campanha do Natal Encantado. LEIA TAMB\u00c9M Primeira-dama prestigia festival da Casa da Fonte Come\u00e7a o curso de manicure do Pronatec [&hellip;]<\/p>\n","protected":false},"author":14,"featured_media":0,"comment_status":"closed","ping_status":"closed","sticky":false,"template":"","format":"standard","meta":{"footnotes":""},"categories":[2],"tags":[416,422,360,335],"ods":[],"class_list":["post-112927","post","type-post","status-publish","format-standard","hentry","category-noticias","tag-fundo-social-de-solidariedade-funss","tag-natal-encantado","tag-natal-encantado-2014","tag-natal-solidario"],"_links":{"self":[{"href":"https:\/\/jundiai.sp.gov.br\/noticias\/wp-json\/wp\/v2\/posts\/112927","targetHints":{"allow":["GET"]}}],"collection":[{"href":"https:\/\/jundiai.sp.gov.br\/noticias\/wp-json\/wp\/v2\/posts"}],"about":[{"href":"https:\/\/jundiai.sp.gov.br\/noticias\/wp-json\/wp\/v2\/types\/post"}],"author":[{"embeddable":true,"href":"https:\/\/jundiai.sp.gov.br\/noticias\/wp-json\/wp\/v2\/users\/14"}],"replies":[{"embeddable":true,"href":"https:\/\/jundiai.sp.gov.br\/noticias\/wp-json\/wp\/v2\/comments?post=112927"}],"version-history":[{"count":2,"href":"https:\/\/jundiai.sp.gov.br\/noticias\/wp-json\/wp\/v2\/posts\/112927\/revisions"}],"predecessor-version":[{"id":258074,"href":"https:\/\/jundiai.sp.gov.br\/noticias\/wp-json\/wp\/v2\/posts\/112927\/revisions\/258074"}],"wp:attachment":[{"href":"https:\/\/jundiai.sp.gov.br\/noticias\/wp-json\/wp\/v2\/media?parent=112927"}],"wp:term":[{"taxonomy":"category","embeddable":true,"href":"https:\/\/jundiai.sp.gov.br\/noticias\/wp-json\/wp\/v2\/categories?post=112927"},{"taxonomy":"post_tag","embeddable":true,"href":"https:\/\/jundiai.sp.gov.br\/noticias\/wp-json\/wp\/v2\/tags?post=112927"},{"taxonomy":"ods","embeddable":true,"href":"https:\/\/jundiai.sp.gov.br\/noticias\/wp-json\/wp\/v2\/ods?post=112927"}],"curies":[{"name":"wp","href":"https:\/\/api.w.org\/{rel}","templated":true}]}}