{"id":113206,"date":"2014-12-14T16:14:28","date_gmt":"2014-12-14T18:14:28","guid":{"rendered":"https:\/\/jundiai.sp.gov.br\/noticias\/?p=113206"},"modified":"2016-11-04T11:07:19","modified_gmt":"2016-11-04T13:07:19","slug":"prefeito-participa-de-jogo-do-novo-paulista-contra-imprensa","status":"publish","type":"post","link":"https:\/\/jundiai.sp.gov.br\/noticias\/2014\/12\/14\/prefeito-participa-de-jogo-do-novo-paulista-contra-imprensa\/","title":{"rendered":"Prefeito participa de jogo do Novo Paulista contra Imprensa"},"content":{"rendered":"<p><strong>O prefeito Pedro Bigardi participou, na manh\u00e3 deste domingo (14), do jogo entre a diretoria do Novo Paulista contra a imprensa. A partida foi realizada no Centro Esportivo Francisco Dal Santo, em comemora\u00e7\u00e3o aos 359 anos de Jundia\u00ed.<\/strong><\/p>\n<p>O chefe do Executivo destacou que <strong>al\u00e9m de celebrar o anivers\u00e1rio da cidade, o jogo tamb\u00e9m marca a fase de renascimento do Paulista.<\/strong> \u201cA ideia de compartilhar esse momento com a imprensa se deve ao fato de os ve\u00edculos de comunica\u00e7\u00e3o serem grandes parceiros nessa empreitada.\u201d<\/p>\n<p><a href=\"https:\/\/www.flickr.com\/photos\/prefeituradejundiai\/sets\/72157649713896036\/\" target=\"_blank\"><strong>VEJA MAIS FOTOS DO EVENTO<\/strong><\/a><\/p>\n<p><strong>JUNDIA\u00cd 359 ANOS<br \/>\n<a href=\"https:\/\/jundiai.sp.gov.br\/noticias\/2014\/12\/14\/jundiai-359-anos-ponte-torta-ganha-laco-em-comemoracao-ao-aniversario\/\" target=\"_blank\">Ponte Torta ganha la\u00e7o em comemora\u00e7\u00e3o<\/a><br \/>\n<a href=\"https:\/\/jundiai.sp.gov.br\/noticias\/2014\/12\/14\/jundiai-359-anos-aniversario-e-comemorado-com-caminhada\/\" target=\"_blank\">Anivers\u00e1rio \u00e9 comemorado com caminhada<\/a><br \/>\n<a href=\"https:\/\/jundiai.sp.gov.br\/noticias\/2014\/12\/14\/show-de-aniversario-leva-milhares-de-pessoas-ao-centro\/\" target=\"_blank\">Show de anivers\u00e1rio leva milhares de pessoas ao Centro<\/a><\/strong><\/p>\n<div id=\"attachment_113207\" style=\"width: 680px\" class=\"wp-caption alignleft\"><a href=\"https:\/\/jundiai.sp.gov.br\/noticias\/wp-content\/uploads\/sites\/32\/2014\/12\/CDA8856_G.jpg\"><img loading=\"lazy\" decoding=\"async\" aria-describedby=\"caption-attachment-113207\" src=\"https:\/\/jundiai.sp.gov.br\/noticias\/wp-content\/uploads\/sites\/32\/2014\/12\/CDA8856_G.jpg\" alt=\"Jogo celebrou Novo Paulista e anivers\u00e1rio de Jundia\u00ed\" width=\"670\" height=\"450\" class=\"size-full wp-image-113207\" \/><\/a><p id=\"caption-attachment-113207\" class=\"wp-caption-text\">Jogo celebrou Novo Paulista e anivers\u00e1rio de Jundia\u00ed<\/p><\/div>\n<p>Para Luiz Roberto Raymundo, o Pitico, vice-presidente do Paulista, <strong>o time passa por um momento novo.<\/strong> <strong>\u201c\u00c9 bom ver esse interesse da Prefeitura<\/strong> e vereadores em fazer com que esse time que representa a cidade seja grande novamente. Queremos ver o Paulista ser o embaixador da nossa regi\u00e3o, nos trazendo muito orgulho.\u201d<\/p>\n<p>Entre os jogadores estavam representantes de diversos ve\u00edculos da imprensa da cidade. Segundo o secret\u00e1rio do Comunica\u00e7\u00e3o da Prefeitura de Jundia\u00ed, Andr\u00e9 Barros Leite, <strong>a ideia foi de celebrar a nova fase do Paulista e tamb\u00e9m confraternizar<\/strong>. \u201cTemos um dia a dia corrido e essa \u00e9 a chance de fazer essa rela\u00e7\u00e3o cada vez melhor.\u201d<\/p>\n<p>Tamb\u00e9m participaram o superintendente da <strong><a href=\"http:\/\/www.tvejundiai.com.br\/\" target=\"_blank\">TVE<\/a><\/strong>, Thiago Godinho e o secret\u00e1rio de Esportes e Lazer, Cristiano Lopes. O presidente da <strong><a href=\"http:\/\/www.jundiai.sp.leg.br\/\" target=\"_blank\">C\u00e2mara Municipal de Jundia\u00ed<\/a><\/strong>, Gerson Sartori, e o vereador Jos\u00e9 Dias, tamb\u00e9m marcaram presen\u00e7a.<\/p>\n<p>O resultado da partida foi 4 para a diretoria do Novo Paulista e 2 para o time da imprensa.<\/p>\n<p><strong><em>Luana Dias<br \/>\nFoto: Cleber de Almeida<\/em><\/strong><\/p>\n<p><strong>Assista \u00e0 reportagem da TVE Jundia\u00ed<\/strong><br \/>\nhttp:\/\/youtu.be\/4VGD7wd5HdQ<\/p>\n","protected":false},"excerpt":{"rendered":"<p>Prefeito Pedro Bigardi destacou que al\u00e9m de celebrar o anivers\u00e1rio da cidade, o jogo tamb\u00e9m marca nova fase do Paulista<\/p>\n","protected":false},"author":14,"featured_media":113208,"comment_status":"closed","ping_status":"closed","sticky":false,"template":"","format":"standard","meta":{"footnotes":""},"categories":[2],"tags":[411,484,58],"ods":[],"class_list":["post-113206","post","type-post","status-publish","format-standard","has-post-thumbnail","hentry","category-noticias","tag-centro-esportivo","tag-jundiai-359-anos","tag-prefeito"],"_links":{"self":[{"href":"https:\/\/jundiai.sp.gov.br\/noticias\/wp-json\/wp\/v2\/posts\/113206","targetHints":{"allow":["GET"]}}],"collection":[{"href":"https:\/\/jundiai.sp.gov.br\/noticias\/wp-json\/wp\/v2\/posts"}],"about":[{"href":"https:\/\/jundiai.sp.gov.br\/noticias\/wp-json\/wp\/v2\/types\/post"}],"author":[{"embeddable":true,"href":"https:\/\/jundiai.sp.gov.br\/noticias\/wp-json\/wp\/v2\/users\/14"}],"replies":[{"embeddable":true,"href":"https:\/\/jundiai.sp.gov.br\/noticias\/wp-json\/wp\/v2\/comments?post=113206"}],"version-history":[{"count":7,"href":"https:\/\/jundiai.sp.gov.br\/noticias\/wp-json\/wp\/v2\/posts\/113206\/revisions"}],"predecessor-version":[{"id":113792,"href":"https:\/\/jundiai.sp.gov.br\/noticias\/wp-json\/wp\/v2\/posts\/113206\/revisions\/113792"}],"wp:featuredmedia":[{"embeddable":true,"href":"https:\/\/jundiai.sp.gov.br\/noticias\/wp-json\/wp\/v2\/media\/113208"}],"wp:attachment":[{"href":"https:\/\/jundiai.sp.gov.br\/noticias\/wp-json\/wp\/v2\/media?parent=113206"}],"wp:term":[{"taxonomy":"category","embeddable":true,"href":"https:\/\/jundiai.sp.gov.br\/noticias\/wp-json\/wp\/v2\/categories?post=113206"},{"taxonomy":"post_tag","embeddable":true,"href":"https:\/\/jundiai.sp.gov.br\/noticias\/wp-json\/wp\/v2\/tags?post=113206"},{"taxonomy":"ods","embeddable":true,"href":"https:\/\/jundiai.sp.gov.br\/noticias\/wp-json\/wp\/v2\/ods?post=113206"}],"curies":[{"name":"wp","href":"https:\/\/api.w.org\/{rel}","templated":true}]}}