{"id":113446,"date":"2014-12-17T16:48:56","date_gmt":"2014-12-17T18:48:56","guid":{"rendered":"https:\/\/jundiai.sp.gov.br\/noticias\/?p=113446"},"modified":"2016-11-04T11:09:28","modified_gmt":"2016-11-04T13:09:28","slug":"reuniao-publica-debate-conservacao-da-ponte-torta","status":"publish","type":"post","link":"https:\/\/jundiai.sp.gov.br\/noticias\/2014\/12\/17\/reuniao-publica-debate-conservacao-da-ponte-torta\/","title":{"rendered":"\u00daltima reuni\u00e3o sobre a Ponte Torta \u00e9 nesta sexta (19)"},"content":{"rendered":"<p><strong>Muita gente sabe das dificuldades para cuidar de um im\u00f3vel mais antigo como, por exemplo, na busca de telhas ou tijolos de uma certa \u00e9poca ou de profissionais que saibam consertar algumas janelas ou estruturas. Imagine ent\u00e3o os cuidados necess\u00e1rios para um monumento com quase 150 anos de idade, como \u00e9 o caso da <a href=\"http:\/\/pontetorta.jundiai.sp.gov.br\/\" target=\"_blank\">Ponte Torta<\/a>. <\/strong><\/p>\n<p>Esse \u00e9 o tema da palestra que ocorre nesta sexta-feira (19), das 14h \u00e0s 17h, na Biblioteca P\u00fablica Professor Nelson Foot, no Complexo Argos. \u201cTamb\u00e9m seguimos convidando moradores a darem seus depoimentos sobre a presen\u00e7a da Ponte Torta em suas vidas. Tudo isso forma o seu pertencimento para a comunidade\u201d, afirma a secret\u00e1ria de Planejamento e Meio Ambiente, Daniela da C\u00e2mara Sutti.<\/p>\n<p><strong>LEIA TAMB\u00c9M<br \/>\n<a href=\"https:\/\/jundiai.sp.gov.br\/noticias\/2014\/12\/02\/prefeitura-reabre-visita-as-trilhas-da-serra-do-japi\/\" target=\"_blank\"><strong>Prefeitura reabre visita \u00e0s trilhas da Serra do Japi<\/strong><\/a><br \/>\n<a href=\"https:\/\/jundiai.sp.gov.br\/noticias\/2014\/12\/10\/jundiai-lidera-estudos-de-recuperacao-de-aterro-regional\/\" target=\"_blank\">Jundia\u00ed lidera estudos de recupera\u00e7\u00e3o de aterro regional<\/strong><\/a><\/p>\n<div style=\"width: 680px\" class=\"wp-caption alignleft\"><a href=\"https:\/\/jundiai.sp.gov.br\/noticias\/wp-content\/uploads\/sites\/32\/2014\/12\/CDA8763_G.jpg\"><img loading=\"lazy\" decoding=\"async\" src=\"https:\/\/jundiai.sp.gov.br\/noticias\/wp-content\/uploads\/sites\/32\/2014\/12\/CDA8763_G.jpg\" width=\"670\" height=\"450\" class \/><\/a><p class=\"wp-caption-text\">Ponte Torta: a\u00e7\u00f5es avan\u00e7am tanto na parte f\u00edsica e quanto na cultural<\/p><\/div>\n<p><strong>A palestra ser\u00e1 feita pelo conservador restaurador Toninho Saras\u00e1, que coordena a equipe do projeto A\u00e7\u00f5es de Conserva\u00e7\u00e3o e Zeladoria da Ponte Torta, implementado pela Prefeitura de Jundia\u00ed. <\/strong><\/p>\n<p>Saras\u00e1 \u00e9 idealizador da proposta de \u201czeladoria\u201d e participou da elabora\u00e7\u00e3o do C\u00f3digo de \u00c9tica do Conservador Restaurador. Na conversa, ele vai falar de t\u00e9cnicas tradicionais, artes e of\u00edcios, como a abordagem das atividades, ferramentaria e materiais. Um dos casos recentes \u00e9 o trabalho feito no Museu do Ipiranga. <\/p>\n<p><strong>O encontro, aberto a todos os interessados, tamb\u00e9m vai divulgar a agenda do projeto para janeiro de 2015, quando, entre outras atividades, estar\u00e1 presente como atra\u00e7\u00e3o patrimonial na 32\u00aa Festa da Uva de Jundia\u00ed.<\/strong><\/p>\n<p><strong>Presente <\/strong><br \/>\nNo domingo (14),<a href=\"https:\/\/jundiai.sp.gov.br\/noticias\/2014\/12\/14\/jundiai-359-anos-ponte-torta-ganha-laco-em-comemoracao-ao-aniversario\/\" target=\"_blank\"> a Ponte Torta amanheceu coberta por um la\u00e7o cenogr\u00e1fico representando que seu resgate \u00e9 um presente de anivers\u00e1rio para Jundia\u00ed <\/a>(e tamb\u00e9m de Natal, pois o cen\u00e1rio ser\u00e1 mantido por esse per\u00edodo).<\/p>\n<p>O projeto iniciado em outubro est\u00e1 entrando agora em sua fase mais operacional, pelo lado da conserva\u00e7\u00e3o, e de empoderamento, pelo lado da zeladoria. Novas informa\u00e7\u00f5es, imagens e v\u00eddeos refor\u00e7am nos pr\u00f3ximos dias o site espec\u00edfico do projeto dentro do portal da Prefeitura de Jundia\u00ed. <\/p>\n<p>Durante a apresenta\u00e7\u00e3o da cenografia, o prefeito Pedro Bigardi foi surpreendido pela leitura de um texto de sua autoria, divulgado em 2010, em que dizia que acompanhava o debate surgido na \u00e9poca em torno da regi\u00e3o da Ponte Torta, Vila Argos e Rio Guapeva por causa das \u201cquest\u00f5es urban\u00edsticas que envolvem o local &#8211; at\u00e9 porque a preserva\u00e7\u00e3o ou revitaliza\u00e7\u00e3o de uma vila oper\u00e1ria e de suas ra\u00edzes hist\u00f3ricas no munic\u00edpio \u00e9 algo que precisa ser considerado&#8221;. <\/p>\n<p>E continua, dizendo que &#8220;um parque linear ao longo do Rio Guapeva, reconstituindo parte da mata ciliar, tamb\u00e9m \u00e9 um fato relevante, especialmente em tempos modernos onde as vegeta\u00e7\u00f5es ciliares d\u00e3o lugar aos gabi\u00f5es (caixas de pedra), concretos e outras formas de canaliza\u00e7\u00e3o de rios. Se n\u00e3o bastassem estas quest\u00f5es citadas, h\u00e1 ainda um desejo pessoal de ver toda a \u00e1rea que envolve a Ponte Torta ganhando vida e beleza\u201d. <\/p>\n<p><em><strong>Jos\u00e9 Arnaldo de Oliveira<br \/>\nFoto: Cleber de Almeida <\/strong><\/em><\/p>\n","protected":false},"excerpt":{"rendered":"<p>Palestra na Biblioteca ser\u00e1 \u00e0s 14h e encerra o ciclo deste ano de debates sobre a conserva\u00e7\u00e3o do monumento <\/p>\n","protected":false},"author":10,"featured_media":113201,"comment_status":"closed","ping_status":"closed","sticky":false,"template":"","format":"standard","meta":{"footnotes":""},"categories":[2],"tags":[32,427],"ods":[],"class_list":["post-113446","post","type-post","status-publish","format-standard","has-post-thumbnail","hentry","category-noticias","tag-planejamento-e-meio-ambiente","tag-ponte-torta"],"_links":{"self":[{"href":"https:\/\/jundiai.sp.gov.br\/noticias\/wp-json\/wp\/v2\/posts\/113446","targetHints":{"allow":["GET"]}}],"collection":[{"href":"https:\/\/jundiai.sp.gov.br\/noticias\/wp-json\/wp\/v2\/posts"}],"about":[{"href":"https:\/\/jundiai.sp.gov.br\/noticias\/wp-json\/wp\/v2\/types\/post"}],"author":[{"embeddable":true,"href":"https:\/\/jundiai.sp.gov.br\/noticias\/wp-json\/wp\/v2\/users\/10"}],"replies":[{"embeddable":true,"href":"https:\/\/jundiai.sp.gov.br\/noticias\/wp-json\/wp\/v2\/comments?post=113446"}],"version-history":[{"count":15,"href":"https:\/\/jundiai.sp.gov.br\/noticias\/wp-json\/wp\/v2\/posts\/113446\/revisions"}],"predecessor-version":[{"id":114258,"href":"https:\/\/jundiai.sp.gov.br\/noticias\/wp-json\/wp\/v2\/posts\/113446\/revisions\/114258"}],"wp:featuredmedia":[{"embeddable":true,"href":"https:\/\/jundiai.sp.gov.br\/noticias\/wp-json\/wp\/v2\/media\/113201"}],"wp:attachment":[{"href":"https:\/\/jundiai.sp.gov.br\/noticias\/wp-json\/wp\/v2\/media?parent=113446"}],"wp:term":[{"taxonomy":"category","embeddable":true,"href":"https:\/\/jundiai.sp.gov.br\/noticias\/wp-json\/wp\/v2\/categories?post=113446"},{"taxonomy":"post_tag","embeddable":true,"href":"https:\/\/jundiai.sp.gov.br\/noticias\/wp-json\/wp\/v2\/tags?post=113446"},{"taxonomy":"ods","embeddable":true,"href":"https:\/\/jundiai.sp.gov.br\/noticias\/wp-json\/wp\/v2\/ods?post=113446"}],"curies":[{"name":"wp","href":"https:\/\/api.w.org\/{rel}","templated":true}]}}