{"id":114079,"date":"2014-12-17T15:13:11","date_gmt":"2014-12-17T17:13:11","guid":{"rendered":"https:\/\/jundiai.sp.gov.br\/noticias\/?p=114079"},"modified":"2016-11-04T11:09:28","modified_gmt":"2016-11-04T13:09:28","slug":"corte-convida-governador-para-a-32a-festa-da-uva-de-jundiai","status":"publish","type":"post","link":"https:\/\/jundiai.sp.gov.br\/noticias\/2014\/12\/17\/corte-convida-governador-para-a-32a-festa-da-uva-de-jundiai\/","title":{"rendered":"Corte convida governador para a 32\u00aa Festa da Uva de Jundia\u00ed"},"content":{"rendered":"<p><strong>O governador de S\u00e3o Paulo, Geraldo Alckmin, foi convidado oficialmente pela Corte da <a href=\"http:\/\/festadauva.jundiai.sp.gov.br\/\" target=\"_blank\">32 \u00aa Festa da Uva e 3\u00aa Expo Vinhos de Jundia\u00ed<\/a> para o tradicional evento jundiaiense. O convite foi realizado no <a href=\"http:\/\/www.saopaulo.sp.gov.br\/conhecasp\/turismo_pontos-turisticos_palacio-dos-bandeirantes\" target=\"_blank\">Pal\u00e1cio dos Bandeirantes<\/a>, ter\u00e7a-feira (16), pela rainha Grayce Kelly Batista Guerini e pela 2\u00aa princesa Let\u00edcia Francelino Branco.<\/strong><\/p>\n<p>A Corte j\u00e1 visitou Louveira, Cabre\u00fava, Itupeva, Jarinu, Campo Limpo Paulista, Vinhedo, Valinhos, Indaiatuba, Atibaia, Itatiba, Morungaba, Campinas e Sorocaba. E nessa ter\u00e7a foi a vez da capital receber as belas representantes da festa.<\/p>\n<p><strong><a href=\"https:\/\/www.flickr.com\/photos\/prefeituradejundiai\/sets\/72157648700366387\/\" target=\"_blank\">CONFIRA AS FOTOS DA CORTE DA UVA 2015<\/a><\/strong><\/p>\n<p><strong>LEIA TAMB\u00c9M<br \/>\n<a href=\"https:\/\/jundiai.sp.gov.br\/noticias\/2014\/12\/10\/corte-da-uva-convida-regiao-para-a-festa-de-2015\/\" target=\"_blank\">Corte da Uva convida regi\u00e3o para a Festa de 2015<\/a><br \/>\n<a href=\"https:\/\/jundiai.sp.gov.br\/noticias\/2014\/12\/10\/festa-da-uva-2015-prefeitura-abre-concurso-de-fotografias\/\" target=\"_blank\">Festa da Uva 2015: Prefeitura abre concurso de fotografias<\/a><br \/>\n<a href=\"https:\/\/jundiai.sp.gov.br\/noticias\/2014\/12\/17\/festa-da-uva-convida-agricultores-para-exposicao-de-frutas\/\" target=\"_blank\">Festa da Uva convida agricultores para exposi\u00e7\u00e3o de frutas<\/a><br \/>\n<a href=\"https:\/\/jundiai.sp.gov.br\/noticias\/2014\/12\/16\/tecnicos-da-agricultura-participam-de-julgamento-de-frutas-em-itupeva\/\" target=\"_blank\">T\u00e9cnicos da Agricultura participam da Festa da Uva de Itupeva<\/a><\/strong><\/p>\n<div id=\"attachment_114100\" style=\"width: 680px\" class=\"wp-caption aligncenter\"><a href=\"https:\/\/jundiai.sp.gov.br\/noticias\/wp-content\/uploads\/sites\/32\/2014\/12\/corte_entrega_convite_governador_P_2G.jpg\"><img loading=\"lazy\" decoding=\"async\" aria-describedby=\"caption-attachment-114100\" src=\"https:\/\/jundiai.sp.gov.br\/noticias\/wp-content\/uploads\/sites\/32\/2014\/12\/corte_entrega_convite_governador_P_2G.jpg\" alt=\"Rainha e princesa entregaram o convite ao governador\" width=\"670\" height=\"450\" class=\"size-full wp-image-114100\" \/><\/a><p id=\"caption-attachment-114100\" class=\"wp-caption-text\">Rainha e princesa entregaram o convite ao governador<\/p><\/div>\n<p>\u201cEst\u00e1 sendo uma <strong>experi\u00eancia incr\u00edvel e uma honra representar Jundia\u00ed dessa maneira<\/strong>. J\u00e1 passamos por muitos lugares da nossa regi\u00e3o e em todos fomos muito bem recebidas. Em S\u00e3o Paulo, a hospitalidade \u00e9 a mesma que tivemos em outras cidades\u201d, disse Grayce, durante o trajeto pela capital paulista.<\/p>\n<p>Al\u00e9m da sede do Governo do Estado, a rainha e a princesa estiveram nas <strong>secretarias estaduais de <a href=\"http:\/\/www.agricultura.sp.gov.br\/\" target=\"_blank\">Agricultura<\/a> e de <a href=\"http:\/\/www.turismo.sp.gov.br\/\" target=\"_blank\">Turismo<\/a><\/strong>. Na Agricultura, a Corte foi recebida pela secret\u00e1ria M\u00f4nika Bergamaschi. \u201cAgrade\u00e7o o convite e fico muito feliz por ver que <strong>Jundia\u00ed est\u00e1 mantendo essa tradi\u00e7\u00e3o maravilhosa<\/strong>. Precisamos resgatar e valorizar os produtores locais, por isso nada melhor que a festa para coroar tudo isso\u201d, disse M\u00f4nika.<\/p>\n<div id=\"attachment_114104\" style=\"width: 680px\" class=\"wp-caption aligncenter\"><a href=\"https:\/\/jundiai.sp.gov.br\/noticias\/wp-content\/uploads\/sites\/32\/2014\/12\/corte_entrega_convite_secretaria_agridcultura_P_1G.jpg\"><img loading=\"lazy\" decoding=\"async\" aria-describedby=\"caption-attachment-114104\" src=\"https:\/\/jundiai.sp.gov.br\/noticias\/wp-content\/uploads\/sites\/32\/2014\/12\/corte_entrega_convite_secretaria_agridcultura_P_1G.jpg\" alt=\"Secret\u00e1ria M\u00f4nika Bergamaschi foi convidada\" width=\"670\" height=\"450\" class=\"size-full wp-image-114104\" \/><\/a><p id=\"caption-attachment-114104\" class=\"wp-caption-text\">Secret\u00e1ria M\u00f4nika Bergamaschi foi convidada<\/p><\/div>\n<p><strong>Comemora\u00e7\u00e3o<\/strong><br \/>\nUm motivo para a visita da atual rainha ao Pal\u00e1cio ser t\u00e3o especial foi o fato de que <strong>Grayce Guerini comemorou o anivers\u00e1rio<\/strong>. Mesmo passando o dia em plenas atividades de trabalho, ela destacou o lado bom da coincid\u00eancia. \u201cMe sinto realizada por esse momento da minha vida. Estou muito feliz\u201d, resumiu.<\/p>\n<p>O trabalho de divulga\u00e7\u00e3o n\u00e3o para e, na manh\u00e3 desta quarta-feira (17), as mo\u00e7as estiveram na C\u00e2mara Municipal de Jundia\u00ed em mais um dia de divulga\u00e7\u00e3o.<\/p>\n<p><strong>Sempre simp\u00e1ticas e comunicativas, as integrantes da corte impressionam.<\/strong> \u201cA desenvoltura da rainha, das princesas e das vinhateiras que v\u00e3o atuar no evento tamb\u00e9m fazem com que a festa j\u00e1 seja um sucesso\u201d, afirmou a diretora de Turismo, Marcela Moro.<\/p>\n<p><strong>A Festa<\/strong><br \/>\n<strong>A 32\u00aa edi\u00e7\u00e3o da Festa da Uva de Jundia\u00ed se encaminha para ser um marco no turismo e na cultura da cidade com atividades de tradi\u00e7\u00f5es (como a Pisa da Uva), de passeios de cavalos, carros antigos e motocicletas. <\/strong><\/p>\n<p>O contato de crian\u00e7as com uma fazendinha, as descobertas de produtos da cidade, da gastronomia ligada \u00e0s uvas, e de novidades no artesanato que mostrar\u00e3o pinturas desenvolvidas com o vinho e muitas outras atra\u00e7\u00f5es para todas as idades. As apresenta\u00e7\u00f5es art\u00edsticas tamb\u00e9m est\u00e3o sendo definidas, em parceria com a <strong><a href=\"http:\/\/cultura.jundiai.sp.gov.br\/\" target=\"_blank\">Secretaria de Cultura<\/a><\/strong>.<\/p>\n<p>Al\u00e9m, claro, das estrelas da festa com a exposi\u00e7\u00e3o de frutas e com <strong><a href=\"https:\/\/jundiai.sp.gov.br\/noticias\/2014\/12\/10\/festa-da-uva-2015-prefeitura-abre-concurso-de-fotografias\/\" target=\"_blank\">premia\u00e7\u00e3o das melhores fotografias sobre o tema do concurso em andamento<\/a><\/strong>, al\u00e9m de vinhos de origem familiar e pratos t\u00edpicos.<\/p>\n<div id=\"attachment_114107\" style=\"width: 680px\" class=\"wp-caption aligncenter\"><a href=\"https:\/\/jundiai.sp.gov.br\/noticias\/wp-content\/uploads\/sites\/32\/2014\/12\/corte_entrega_convite_camara_municipal_P_34G.jpg\"><img loading=\"lazy\" decoding=\"async\" aria-describedby=\"caption-attachment-114107\" src=\"https:\/\/jundiai.sp.gov.br\/noticias\/wp-content\/uploads\/sites\/32\/2014\/12\/corte_entrega_convite_camara_municipal_P_34G.jpg\" alt=\"O trabalho n\u00e3o para: na manh\u00e3 desta quarta (17), Corte visitou a C\u00e2mara\" width=\"670\" height=\"450\" class=\"size-full wp-image-114107\" srcset=\"https:\/\/jundiai.sp.gov.br\/noticias\/wp-content\/uploads\/sites\/32\/2014\/12\/corte_entrega_convite_camara_municipal_P_34G.jpg 1240w, https:\/\/jundiai.sp.gov.br\/noticias\/wp-content\/uploads\/sites\/32\/2014\/12\/corte_entrega_convite_camara_municipal_P_34G-300x201.jpg 300w, https:\/\/jundiai.sp.gov.br\/noticias\/wp-content\/uploads\/sites\/32\/2014\/12\/corte_entrega_convite_camara_municipal_P_34G-720x484.jpg 720w\" sizes=\"auto, (max-width: 670px) 100vw, 670px\" \/><\/a><p id=\"caption-attachment-114107\" class=\"wp-caption-text\">O trabalho n\u00e3o para: e na manh\u00e3 desta quarta (17), Corte visitou a C\u00e2mara<\/p><\/div>\n<p><strong><em>Assessoria de Imprensa<br \/>\nFotos: Paulo Gr\u00e9gio<\/em><\/strong><\/p>\n","protected":false},"excerpt":{"rendered":"<p>MAIS FESTA DA UVA: Produtores rurais s\u00e3o convidados a participar da exposi\u00e7\u00e3o de frutas, uma das atra\u00e7\u00f5es mais t\u00edpicas do evento<\/p>\n","protected":false},"author":14,"featured_media":114089,"comment_status":"closed","ping_status":"closed","sticky":false,"template":"","format":"standard","meta":{"footnotes":""},"categories":[2],"tags":[456,457,41,445,446,29,458,462,7,309],"ods":[],"class_list":["post-114079","post","type-post","status-publish","format-standard","has-post-thumbnail","hentry","category-noticias","tag-32a-festa-da-uva","tag-3a-expo-vinhos","tag-agricultura-abastecimento-e-turismo","tag-corte-da-uva","tag-corte-da-uva-2015","tag-cultura","tag-expo-vinhos","tag-expo-vinhos-2015","tag-festa-da-uva","tag-festa-da-uva-2015"],"_links":{"self":[{"href":"https:\/\/jundiai.sp.gov.br\/noticias\/wp-json\/wp\/v2\/posts\/114079","targetHints":{"allow":["GET"]}}],"collection":[{"href":"https:\/\/jundiai.sp.gov.br\/noticias\/wp-json\/wp\/v2\/posts"}],"about":[{"href":"https:\/\/jundiai.sp.gov.br\/noticias\/wp-json\/wp\/v2\/types\/post"}],"author":[{"embeddable":true,"href":"https:\/\/jundiai.sp.gov.br\/noticias\/wp-json\/wp\/v2\/users\/14"}],"replies":[{"embeddable":true,"href":"https:\/\/jundiai.sp.gov.br\/noticias\/wp-json\/wp\/v2\/comments?post=114079"}],"version-history":[{"count":8,"href":"https:\/\/jundiai.sp.gov.br\/noticias\/wp-json\/wp\/v2\/posts\/114079\/revisions"}],"predecessor-version":[{"id":114221,"href":"https:\/\/jundiai.sp.gov.br\/noticias\/wp-json\/wp\/v2\/posts\/114079\/revisions\/114221"}],"wp:featuredmedia":[{"embeddable":true,"href":"https:\/\/jundiai.sp.gov.br\/noticias\/wp-json\/wp\/v2\/media\/114089"}],"wp:attachment":[{"href":"https:\/\/jundiai.sp.gov.br\/noticias\/wp-json\/wp\/v2\/media?parent=114079"}],"wp:term":[{"taxonomy":"category","embeddable":true,"href":"https:\/\/jundiai.sp.gov.br\/noticias\/wp-json\/wp\/v2\/categories?post=114079"},{"taxonomy":"post_tag","embeddable":true,"href":"https:\/\/jundiai.sp.gov.br\/noticias\/wp-json\/wp\/v2\/tags?post=114079"},{"taxonomy":"ods","embeddable":true,"href":"https:\/\/jundiai.sp.gov.br\/noticias\/wp-json\/wp\/v2\/ods?post=114079"}],"curies":[{"name":"wp","href":"https:\/\/api.w.org\/{rel}","templated":true}]}}