{"id":114262,"date":"2014-12-18T11:33:29","date_gmt":"2014-12-18T13:33:29","guid":{"rendered":"https:\/\/jundiai.sp.gov.br\/noticias\/?p=114262"},"modified":"2016-11-04T11:09:50","modified_gmt":"2016-11-04T13:09:50","slug":"prefeito-recebe-novo-presidente-da-camara-municipal","status":"publish","type":"post","link":"https:\/\/jundiai.sp.gov.br\/noticias\/2014\/12\/18\/prefeito-recebe-novo-presidente-da-camara-municipal\/","title":{"rendered":"Prefeito recebe novo presidente da C\u00e2mara Municipal"},"content":{"rendered":"<p><strong>O prefeito Pedro Bigardi recebeu o presidente da <a href=\"http:\/\/www.jundiai.sp.leg.br\/\" target=\"_blank\">C\u00e2mara Municipal de Jundia\u00ed<\/a>, Marcelo Roberto Gastaldo, na manh\u00e3 desta quinta-feira (18), numa visita de cortesia, e aproveitou para confirmar sua presen\u00e7a na primeira sess\u00e3o ordin\u00e1ria de 2015, no dia 3 de fevereiro. \u201cVamos fazer a abertura do ano legislativo na C\u00e2mara e, como j\u00e1 \u00e9 tradi\u00e7\u00e3o, vou participar\u201d, afirmou Bigardi. <\/strong><\/p>\n<p>Com vota\u00e7\u00e3o un\u00e2nime, o vereador foi eleito como <strong>presidente para o bi\u00eanio 2015\/2016<\/strong>, em substitui\u00e7\u00e3o a Gerson Sartori, que deixa a presid\u00eancia e segue como vereador. <strong><a href=\"http:\/\/www.jundiai.sp.leg.br\/imprensa\/noticias\/marcelo-gastaldo-e-eleito-presidente-da-camara\" target=\"_blank\">A vota\u00e7\u00e3o, como define o regulamento, ocorreu na \u00faltima sess\u00e3o ordin\u00e1ria do ano, realizada na ter\u00e7a-feira (16)<\/a><\/strong>.<\/p>\n<div id=\"attachment_114263\" style=\"width: 680px\" class=\"wp-caption alignleft\"><a href=\"https:\/\/jundiai.sp.gov.br\/noticias\/wp-content\/uploads\/sites\/32\/2014\/12\/visita_marcelo_gastaldo_P_9G.jpg\"><img loading=\"lazy\" decoding=\"async\" aria-describedby=\"caption-attachment-114263\" src=\"https:\/\/jundiai.sp.gov.br\/noticias\/wp-content\/uploads\/sites\/32\/2014\/12\/visita_marcelo_gastaldo_P_9G.jpg\" alt=\"Bigardi recebeu Gastaldo no Pa\u00e7o Municipal\" width=\"670\" height=\"450\" class=\"size-full wp-image-114263\" \/><\/a><p id=\"caption-attachment-114263\" class=\"wp-caption-text\">Bigardi recebeu Gastaldo no Pa\u00e7o Municipal<\/p><\/div>\n<p><strong>Assessoria de Imprensa<br \/>\nFoto: Paulo Gr\u00e9gio<\/strong><\/p>\n","protected":false},"excerpt":{"rendered":"<p>O prefeito Pedro Bigardi recebeu o presidente da C\u00e2mara Municipal de Jundia\u00ed, Marcelo Roberto Gastaldo, na manh\u00e3 desta quinta-feira (18), numa visita de cortesia, e aproveitou para confirmar sua presen\u00e7a na primeira sess\u00e3o ordin\u00e1ria de 2015, no dia 3 de fevereiro. \u201cVamos fazer a abertura do ano legislativo na C\u00e2mara e, como j\u00e1 \u00e9 tradi\u00e7\u00e3o, [&hellip;]<\/p>\n","protected":false},"author":14,"featured_media":0,"comment_status":"closed","ping_status":"closed","sticky":false,"template":"","format":"standard","meta":{"footnotes":""},"categories":[2],"tags":[58],"ods":[],"class_list":["post-114262","post","type-post","status-publish","format-standard","hentry","category-noticias","tag-prefeito"],"_links":{"self":[{"href":"https:\/\/jundiai.sp.gov.br\/noticias\/wp-json\/wp\/v2\/posts\/114262","targetHints":{"allow":["GET"]}}],"collection":[{"href":"https:\/\/jundiai.sp.gov.br\/noticias\/wp-json\/wp\/v2\/posts"}],"about":[{"href":"https:\/\/jundiai.sp.gov.br\/noticias\/wp-json\/wp\/v2\/types\/post"}],"author":[{"embeddable":true,"href":"https:\/\/jundiai.sp.gov.br\/noticias\/wp-json\/wp\/v2\/users\/14"}],"replies":[{"embeddable":true,"href":"https:\/\/jundiai.sp.gov.br\/noticias\/wp-json\/wp\/v2\/comments?post=114262"}],"version-history":[{"count":1,"href":"https:\/\/jundiai.sp.gov.br\/noticias\/wp-json\/wp\/v2\/posts\/114262\/revisions"}],"predecessor-version":[{"id":114264,"href":"https:\/\/jundiai.sp.gov.br\/noticias\/wp-json\/wp\/v2\/posts\/114262\/revisions\/114264"}],"wp:attachment":[{"href":"https:\/\/jundiai.sp.gov.br\/noticias\/wp-json\/wp\/v2\/media?parent=114262"}],"wp:term":[{"taxonomy":"category","embeddable":true,"href":"https:\/\/jundiai.sp.gov.br\/noticias\/wp-json\/wp\/v2\/categories?post=114262"},{"taxonomy":"post_tag","embeddable":true,"href":"https:\/\/jundiai.sp.gov.br\/noticias\/wp-json\/wp\/v2\/tags?post=114262"},{"taxonomy":"ods","embeddable":true,"href":"https:\/\/jundiai.sp.gov.br\/noticias\/wp-json\/wp\/v2\/ods?post=114262"}],"curies":[{"name":"wp","href":"https:\/\/api.w.org\/{rel}","templated":true}]}}