{"id":114337,"date":"2014-12-18T17:24:06","date_gmt":"2014-12-18T19:24:06","guid":{"rendered":"https:\/\/jundiai.sp.gov.br\/noticias\/?p=114337"},"modified":"2016-11-04T11:09:50","modified_gmt":"2016-11-04T13:09:50","slug":"vacinacao-contra-polio-e-sarampo-continua-nas-unidades-de-saude","status":"publish","type":"post","link":"https:\/\/jundiai.sp.gov.br\/noticias\/2014\/12\/18\/vacinacao-contra-polio-e-sarampo-continua-nas-unidades-de-saude\/","title":{"rendered":"Vacina\u00e7\u00e3o contra p\u00f3lio e sarampo continua nas UBSs"},"content":{"rendered":"<p><strong>A Secretaria de Sa\u00fade informa que foi prorrogada at\u00e9 o fim deste m\u00eas a campanha de vacina\u00e7\u00e3o contra poliomielite e sarampo em Jundia\u00ed. Os pais que ainda n\u00e3o levaram os filhos de at\u00e9 5 anos para tomar a vacina podem procurar qualquer uma das 37 unidades de sa\u00fade da cidade, durante o hor\u00e1rio de atendimento. Mas \u00e9 preciso ficar atento para os feriados de fim de ano. As unidades de sa\u00fade v\u00e3o funcionar nos dias 22, 23, 29 e 30 de dezembro.<\/strong><\/p>\n<p>Segundo dados da Vigil\u00e2ncia Epidemiol\u00f3gica, <strong>at\u00e9 a \u00faltima quinta-feira (11) foram vacinadas 18.660 crian\u00e7as contra a p\u00f3lio<\/strong>, o que corresponde a cobertura de <strong>87% do p\u00fablico estimado, que \u00e9 de 21.335<\/strong>. J\u00e1 a <strong>vacina contra tr\u00edplice viral atingiu 88,4% de cobertura<\/strong>. A <strong>meta<\/strong> \u00e9 vacinar, no m\u00ednimo, <strong>95% da popula\u00e7\u00e3o<\/strong> alvo.<\/p>\n<p><strong>LEIA TAMB\u00c9M<br \/>\n<a href=\"https:\/\/jundiai.sp.gov.br\/noticias\/2014\/12\/17\/campanha-contra-aids-faz-quase-700-testes-na-cidade\/\" target=\"_blank\">Campanha contra Aids faz quase 700 testes na cidade<\/a><br \/>\n<a href=\"https:\/\/jundiai.sp.gov.br\/noticias\/2014\/12\/13\/prefeito-participa-de-reuniao-do-conselho-da-sociedade-sao-vicente\/\" target=\"_blank\">Prefeito participa de reuni\u00e3o do Conselho da Sociedade S\u00e3o Vicente<\/a><\/strong><\/p>\n<div id=\"attachment_114338\" style=\"width: 730px\" class=\"wp-caption aligncenter\"><a href=\"https:\/\/jundiai.sp.gov.br\/noticias\/wp-content\/uploads\/sites\/32\/2014\/12\/vacinacao_D0g.jpg\"><img loading=\"lazy\" decoding=\"async\" aria-describedby=\"caption-attachment-114338\" class=\"size-large wp-image-114338\" src=\"https:\/\/jundiai.sp.gov.br\/noticias\/wp-content\/uploads\/sites\/32\/2014\/12\/vacinacao_D0g-720x480.jpg\" alt=\"Crian\u00e7as at\u00e9 5 anos devem ser vacinadas\" width=\"720\" height=\"480\" srcset=\"https:\/\/jundiai.sp.gov.br\/noticias\/wp-content\/uploads\/sites\/32\/2014\/12\/vacinacao_D0g-720x480.jpg 720w, https:\/\/jundiai.sp.gov.br\/noticias\/wp-content\/uploads\/sites\/32\/2014\/12\/vacinacao_D0g-300x200.jpg 300w, https:\/\/jundiai.sp.gov.br\/noticias\/wp-content\/uploads\/sites\/32\/2014\/12\/vacinacao_D0g.jpg 1240w\" sizes=\"auto, (max-width: 720px) 100vw, 720px\" \/><\/a><p id=\"caption-attachment-114338\" class=\"wp-caption-text\">Crian\u00e7as at\u00e9 5 anos devem ser vacinadas<\/p><\/div>\n<p>A vacina contra a <strong>p\u00f3lio<\/strong> \u00e9 voltada para as <strong>crian\u00e7as com idade entre 6 meses e 4 anos e 11 meses<\/strong>. J\u00e1 a vacina contra <strong>sarampo<\/strong> \u00e9 aplicada nas <strong>crian\u00e7as entre 1 ano e 4 anos e 11 meses de idade<\/strong>.<\/p>\n<p>\u201c<strong>A p\u00f3lio est\u00e1 erradicada no Brasil desde 1989<\/strong>, mas temos de continuar trabalhando para proteger nossas crian\u00e7as. O objetivo da campanha \u00e9 cobrir falhas vacinais e tamb\u00e9m alcan\u00e7ar os faltosos\u201d, frisa a enfermeira Maria do Carmo Possidente, da Vigil\u00e2ncia Epidemiol\u00f3gica.<\/p>\n<p>J\u00e1 o <strong>sarampo, depois de alguns anos erradicado no Estado de S\u00e3o Paulo voltou a preocupar<\/strong>. No ano passado, o Estado registrou sete casos da doen\u00e7a. Em Jundia\u00ed, n\u00e3o foram registrados casos.<\/p>\n<p>A Vigil\u00e2ncia Epidemiol\u00f3gica pede aos pais que levem a <strong>carteira de vacina\u00e7\u00e3o<\/strong> da crian\u00e7a para que os profissionais possam avaliar e atualizar as coberturas, caso necess\u00e1rio.<\/p>\n<p><strong><em>Niza Souza<br \/>\nFoto: Arquivo PMJ<\/em><\/strong><\/p>\n<p><strong>\u00a0<\/strong><\/p>\n","protected":false},"excerpt":{"rendered":"<p>Prazo vai at\u00e9 o final do m\u00eas, para crian\u00e7as de at\u00e9 5 anos. At\u00e9 agora, quase 19 mil crian\u00e7as foram vacinadas<\/p>\n","protected":false},"author":14,"featured_media":114339,"comment_status":"closed","ping_status":"closed","sticky":false,"template":"","format":"standard","meta":{"footnotes":""},"categories":[2],"tags":[3,421,317],"ods":[],"class_list":["post-114337","post","type-post","status-publish","format-standard","has-post-thumbnail","hentry","category-noticias","tag-saude","tag-vacinacao","tag-vigilancia-epidemiologica"],"_links":{"self":[{"href":"https:\/\/jundiai.sp.gov.br\/noticias\/wp-json\/wp\/v2\/posts\/114337","targetHints":{"allow":["GET"]}}],"collection":[{"href":"https:\/\/jundiai.sp.gov.br\/noticias\/wp-json\/wp\/v2\/posts"}],"about":[{"href":"https:\/\/jundiai.sp.gov.br\/noticias\/wp-json\/wp\/v2\/types\/post"}],"author":[{"embeddable":true,"href":"https:\/\/jundiai.sp.gov.br\/noticias\/wp-json\/wp\/v2\/users\/14"}],"replies":[{"embeddable":true,"href":"https:\/\/jundiai.sp.gov.br\/noticias\/wp-json\/wp\/v2\/comments?post=114337"}],"version-history":[{"count":7,"href":"https:\/\/jundiai.sp.gov.br\/noticias\/wp-json\/wp\/v2\/posts\/114337\/revisions"}],"predecessor-version":[{"id":160801,"href":"https:\/\/jundiai.sp.gov.br\/noticias\/wp-json\/wp\/v2\/posts\/114337\/revisions\/160801"}],"wp:featuredmedia":[{"embeddable":true,"href":"https:\/\/jundiai.sp.gov.br\/noticias\/wp-json\/wp\/v2\/media\/114339"}],"wp:attachment":[{"href":"https:\/\/jundiai.sp.gov.br\/noticias\/wp-json\/wp\/v2\/media?parent=114337"}],"wp:term":[{"taxonomy":"category","embeddable":true,"href":"https:\/\/jundiai.sp.gov.br\/noticias\/wp-json\/wp\/v2\/categories?post=114337"},{"taxonomy":"post_tag","embeddable":true,"href":"https:\/\/jundiai.sp.gov.br\/noticias\/wp-json\/wp\/v2\/tags?post=114337"},{"taxonomy":"ods","embeddable":true,"href":"https:\/\/jundiai.sp.gov.br\/noticias\/wp-json\/wp\/v2\/ods?post=114337"}],"curies":[{"name":"wp","href":"https:\/\/api.w.org\/{rel}","templated":true}]}}