{"id":114363,"date":"2014-12-18T18:16:20","date_gmt":"2014-12-18T20:16:20","guid":{"rendered":"https:\/\/jundiai.sp.gov.br\/noticias\/?p=114363"},"modified":"2016-11-04T11:09:51","modified_gmt":"2016-11-04T13:09:51","slug":"prefeito-recebe-visita-do-padre-norberto-savietto","status":"publish","type":"post","link":"https:\/\/jundiai.sp.gov.br\/noticias\/2014\/12\/18\/prefeito-recebe-visita-do-padre-norberto-savietto\/","title":{"rendered":"Prefeito recebe visita do padre Norberto Savietto"},"content":{"rendered":"<p>O prefeito Pedro Bigardi recebeu, na tarde desta quinta-feira (18), o padre Noberto Savietto, da par\u00f3quia Nossa Senhora Aparecida, no Jardim Novo Horizonte. O p\u00e1roco aproveitou a oportunidade para compartilhar com o prefeito a viagem que far\u00e1 para Roraima, em fevereiro de 2015, para uma miss\u00e3o de evangeliza\u00e7\u00e3o. <\/p>\n<p><strong>LEIA TAMB\u00c9M<\/strong><br \/>\n<a href=\"https:\/\/jundiai.sp.gov.br\/noticias\/2013\/03\/14\/padre-jundiaiense-acompanha-escolha-do-papa-em-roma\/\" target=\"_blank\"><strong>Padre jundiaiense acompanha escolha do Papa em Roma<\/strong><\/a><\/p>\n<div id=\"attachment_114364\" style=\"width: 730px\" class=\"wp-caption aligncenter\"><a href=\"https:\/\/jundiai.sp.gov.br\/noticias\/wp-content\/uploads\/sites\/32\/2014\/12\/padre_norberto_visita_prefeito_P_7G.jpg\"><img loading=\"lazy\" decoding=\"async\" aria-describedby=\"caption-attachment-114364\" src=\"https:\/\/jundiai.sp.gov.br\/noticias\/wp-content\/uploads\/sites\/32\/2014\/12\/padre_norberto_visita_prefeito_P_7G-720x488.jpg\" alt=\"Prefeito recebeu padre Norberto no gabinete\" width=\"720\" height=\"488\" class=\"size-large wp-image-114364\" srcset=\"https:\/\/jundiai.sp.gov.br\/noticias\/wp-content\/uploads\/sites\/32\/2014\/12\/padre_norberto_visita_prefeito_P_7G-720x488.jpg 720w, https:\/\/jundiai.sp.gov.br\/noticias\/wp-content\/uploads\/sites\/32\/2014\/12\/padre_norberto_visita_prefeito_P_7G-300x203.jpg 300w, https:\/\/jundiai.sp.gov.br\/noticias\/wp-content\/uploads\/sites\/32\/2014\/12\/padre_norberto_visita_prefeito_P_7G.jpg 1240w\" sizes=\"auto, (max-width: 720px) 100vw, 720px\" \/><\/a><p id=\"caption-attachment-114364\" class=\"wp-caption-text\">Prefeito recebeu padre Norberto no gabinete<\/p><\/div>\n<p>A viagem faz parte de um conv\u00eanio da Confer\u00eancia Nacional dos Bispos do Brasil (CNBB), que enviar\u00e1 dois padres da Diocese de Jundia\u00ed. O p\u00e1roco Jos\u00e9 Roberto de Oliveira, da par\u00f3quia S\u00e3o Paulo Ap\u00f3stolo, de Jordan\u00e9sia, tamb\u00e9m participar\u00e1 da miss\u00e3o.<\/p>\n<p>\u201cFico feliz com a not\u00edcia e desejo que o padre Norberto, amigo de longa data, cumpra a miss\u00e3o com excel\u00eancia\u201d, afirma.<\/p>\n<p>Os p\u00e1rocos de Jundia\u00ed ficar\u00e3o tr\u00eas anos no Norte do pa\u00eds.<\/p>\n<p><em><strong>Assessoria de Imprensa<br \/>\nFoto: Paulo Gr\u00e9gio <\/strong><\/em><\/p>\n","protected":false},"excerpt":{"rendered":"<p>O prefeito Pedro Bigardi recebeu, na tarde desta quinta-feira (18), o padre Noberto Savietto, da par\u00f3quia Nossa Senhora Aparecida, no Jardim Novo Horizonte. O p\u00e1roco aproveitou a oportunidade para compartilhar com o prefeito a viagem que far\u00e1 para Roraima, em fevereiro de 2015, para uma miss\u00e3o de evangeliza\u00e7\u00e3o. LEIA TAMB\u00c9M Padre jundiaiense acompanha escolha do [&hellip;]<\/p>\n","protected":false},"author":10,"featured_media":0,"comment_status":"closed","ping_status":"closed","sticky":false,"template":"","format":"standard","meta":{"footnotes":""},"categories":[2],"tags":[58],"ods":[],"class_list":["post-114363","post","type-post","status-publish","format-standard","hentry","category-noticias","tag-prefeito"],"_links":{"self":[{"href":"https:\/\/jundiai.sp.gov.br\/noticias\/wp-json\/wp\/v2\/posts\/114363","targetHints":{"allow":["GET"]}}],"collection":[{"href":"https:\/\/jundiai.sp.gov.br\/noticias\/wp-json\/wp\/v2\/posts"}],"about":[{"href":"https:\/\/jundiai.sp.gov.br\/noticias\/wp-json\/wp\/v2\/types\/post"}],"author":[{"embeddable":true,"href":"https:\/\/jundiai.sp.gov.br\/noticias\/wp-json\/wp\/v2\/users\/10"}],"replies":[{"embeddable":true,"href":"https:\/\/jundiai.sp.gov.br\/noticias\/wp-json\/wp\/v2\/comments?post=114363"}],"version-history":[{"count":4,"href":"https:\/\/jundiai.sp.gov.br\/noticias\/wp-json\/wp\/v2\/posts\/114363\/revisions"}],"predecessor-version":[{"id":114366,"href":"https:\/\/jundiai.sp.gov.br\/noticias\/wp-json\/wp\/v2\/posts\/114363\/revisions\/114366"}],"wp:attachment":[{"href":"https:\/\/jundiai.sp.gov.br\/noticias\/wp-json\/wp\/v2\/media?parent=114363"}],"wp:term":[{"taxonomy":"category","embeddable":true,"href":"https:\/\/jundiai.sp.gov.br\/noticias\/wp-json\/wp\/v2\/categories?post=114363"},{"taxonomy":"post_tag","embeddable":true,"href":"https:\/\/jundiai.sp.gov.br\/noticias\/wp-json\/wp\/v2\/tags?post=114363"},{"taxonomy":"ods","embeddable":true,"href":"https:\/\/jundiai.sp.gov.br\/noticias\/wp-json\/wp\/v2\/ods?post=114363"}],"curies":[{"name":"wp","href":"https:\/\/api.w.org\/{rel}","templated":true}]}}