{"id":114614,"date":"2014-12-23T18:45:54","date_gmt":"2014-12-23T20:45:54","guid":{"rendered":"https:\/\/jundiai.sp.gov.br\/noticias\/?p=114614"},"modified":"2016-11-04T11:16:52","modified_gmt":"2016-11-04T13:16:52","slug":"fome-so-de-bola-2014-reune-celebridades-e-solidariedade","status":"publish","type":"post","link":"https:\/\/jundiai.sp.gov.br\/noticias\/2014\/12\/23\/fome-so-de-bola-2014-reune-celebridades-e-solidariedade\/","title":{"rendered":"\u2018Fome s\u00f3 de Bola 2014\u2019 re\u00fane celebridades e solidariedade"},"content":{"rendered":"<p><strong>Uma partida de futebol para nenhum torcedor botar defeito. Assim foi o jogo beneficente \u201cFome S\u00f3 de Bola\u201d, organizado pelo ex-jogador do Paulista, Nen\u00ea (hoje no Al-Gharafa, no Catar), na noite de segunda-feira (22), no Est\u00e1dio Jayme Cintra, em Jundia\u00ed. Mais de 20 toneladas de alimentos foram arrecadados e ser\u00e3o divididas igualmente entre o <a href=\"https:\/\/www.facebook.com\/fundosocialsolidariedadedejundiai?fref=ts\" target=\"_blank\">Fundo Social de Solidariedade (Funss)<\/a> e o <a href=\"http:\/\/www.institutoneymarjr.org.br\/\" target=\"_blank\">Instituto Projeto Neymar Jr.<\/a><\/strong><\/p>\n<p>O jogo reuniu estrelas do futebol como <strong>Neymar<\/strong> (Barcelona), <strong>Kak\u00e1<\/strong> (Orlando City-EUA), <strong>Lucas<\/strong> (PSG-Fran\u00e7a), os ex-jogadores <strong>Den\u00edlson<\/strong> e <strong>Marcos Assun\u00e7\u00e3o<\/strong>, assim como o ator <strong>Caio Castro<\/strong>, o piloto de F\u00f3rmula 1 <strong>Felipe Massa<\/strong> e o astro do futsal <strong>Falc\u00e3o<\/strong>. Um p\u00fablico estimado em <strong>12 mil pessoas<\/strong> acompanhou a apresenta\u00e7\u00e3o dos craques.<\/p>\n<p><strong><a href=\"https:\/\/www.flickr.com\/photos\/prefeituradejundiai\/sets\/72157649889681611\/\" target=\"_blank\">CONFIRA AS FOTOS<\/a><\/strong><\/p>\n<p><strong>LEIA TAMB\u00c9M<br \/>\n<a href=\"https:\/\/jundiai.sp.gov.br\/noticias\/2014\/12\/23\/final-de-ano-confira-o-funcionamento-das-reparticoes-publicas\/\">Confira o funcionamento das reparti\u00e7\u00f5es nos feriados<\/a><br \/>\n<a href=\"https:\/\/jundiai.sp.gov.br\/noticias\/2014\/12\/22\/fome-so-de-bola-prefeito-recebe-neymar-antes-da-partida\/\">\u2018Fome S\u00f3 de Bola 2014\u2032: Prefeito recebe Neymar antes da partida<\/a><\/strong><\/p>\n<div id=\"attachment_114615\" style=\"width: 730px\" class=\"wp-caption aligncenter\"><a href=\"https:\/\/jundiai.sp.gov.br\/noticias\/wp-content\/uploads\/sites\/32\/2014\/12\/15900605930_72fe5de013_og.jpg\"><img loading=\"lazy\" decoding=\"async\" aria-describedby=\"caption-attachment-114615\" class=\"size-large wp-image-114615\" src=\"https:\/\/jundiai.sp.gov.br\/noticias\/wp-content\/uploads\/sites\/32\/2014\/12\/15900605930_72fe5de013_og-720x506.jpg\" alt=\"Jogadores, artistas e m\u00fasicos fizeram a festa da torcida\" width=\"720\" height=\"506\" srcset=\"https:\/\/jundiai.sp.gov.br\/noticias\/wp-content\/uploads\/sites\/32\/2014\/12\/15900605930_72fe5de013_og-720x506.jpg 720w, https:\/\/jundiai.sp.gov.br\/noticias\/wp-content\/uploads\/sites\/32\/2014\/12\/15900605930_72fe5de013_og-300x210.jpg 300w, https:\/\/jundiai.sp.gov.br\/noticias\/wp-content\/uploads\/sites\/32\/2014\/12\/15900605930_72fe5de013_og.jpg 1240w\" sizes=\"auto, (max-width: 720px) 100vw, 720px\" \/><\/a><p id=\"caption-attachment-114615\" class=\"wp-caption-text\">Jogadores, artistas e m\u00fasicos fizeram a festa da torcida<\/p><\/div>\n<p><strong>O prefeito Pedro Bigardi jogou no time do Nen\u00ea. \u201c\u00c9 sempre uma alegria muito grande poder reunir futebol e solidariedade num \u00fanico evento. Quero agradecer ao Nen\u00ea, atletas e artistas que compareceram e ao p\u00fablico que ajudou as institui\u00e7\u00f5es\u201d, disse.<\/strong><\/p>\n<p>Para o atleta do Al-Gharafa foi um prazer poder promover o <strong>jogo pelo quinto ano consecutivo<\/strong>. \u201cAl\u00e9m de os jundiaienses contribu\u00edrem com as pessoas que mais precisam doando alimento, puderam ver grandes jogadas de personalidades do mundo todo\u201d, disse o jogador.<\/p>\n<p>Em campo, <strong>a partida foi de pura descontra\u00e7\u00e3o<\/strong>. Neymar e Kak\u00e1 brincavam muito com as pessoas que lotaram o Jayme Cintra e n\u00e3o arredaram p\u00e9 das arquibancadas durante o temporal. <strong>A equipe \u201cAmigos do Neymar\u201d venceu o \u201cAmigos do Nen\u00ea\u201d por 5 a 4<\/strong>. O jogo teve transmiss\u00e3o ao vivo pela SporTV.<\/p>\n<p>O presidente da <strong><a href=\"http:\/\/www.jundiai.sp.leg.br\/\" target=\"_blank\">C\u00e2mara Municipal<\/a><\/strong>, vereador Gerson Sartori, tamb\u00e9m atuou. Ele foi parceiro de ataque de Neymar.<\/p>\n<p>O pequeno Danilo Henrique Raba\u00e7al Alves, de 11 anos, estava encantado de ver tantos craques em campo. Jogador da equipe Sub11 do Paulista, o atleta disse que gostou de conhecer o Neymar e o Kak\u00e1. \u201cNunca tinha visto eles de perto, estou muito feliz\u201d, afirmou.<\/p>\n<p><strong>N\u00fameros<\/strong><br \/>\n<strong>A edi\u00e7\u00e3o de 2014 do jogo beneficente \u201cFome S\u00f3 de Bola\u201d foi a quinta consecutiva realizada pelo Nen\u00ea, em Jundia\u00ed. <\/strong>Na primeira partida, em junho de 2008, cerca de 7,5 toneladas de mantimentos foram arrecadadas em evento realizado tamb\u00e9m no Jayme Cintra. Em dezembro de 2010, o resultado foi ainda maior, com aproximadamente 12 toneladas doadas pelo p\u00fablico.<\/p>\n<p>Com a presen\u00e7a cada vez maior de expectadores, o \u201cFome s\u00f3 de Bola\u201d teve outras duas edi\u00e7\u00f5es, nos anos de 2012 e 2013.<strong> No total, j\u00e1 somando o que foi doado este ano, mais de 90 toneladas de alimentos foram obtidas nos eventos organizados por Nen\u00ea.<\/strong><\/p>\n<div id=\"attachment_114616\" style=\"width: 730px\" class=\"wp-caption aligncenter\"><a href=\"https:\/\/jundiai.sp.gov.br\/noticias\/wp-content\/uploads\/sites\/32\/2014\/12\/15900449058_6cfe53c87f_og.jpg\"><img loading=\"lazy\" decoding=\"async\" aria-describedby=\"caption-attachment-114616\" class=\"size-large wp-image-114616\" src=\"https:\/\/jundiai.sp.gov.br\/noticias\/wp-content\/uploads\/sites\/32\/2014\/12\/15900449058_6cfe53c87f_og-720x512.jpg\" alt=\"Prefeito jogou com Nen\u00ea (centro)\" width=\"720\" height=\"512\" srcset=\"https:\/\/jundiai.sp.gov.br\/noticias\/wp-content\/uploads\/sites\/32\/2014\/12\/15900449058_6cfe53c87f_og-720x512.jpg 720w, https:\/\/jundiai.sp.gov.br\/noticias\/wp-content\/uploads\/sites\/32\/2014\/12\/15900449058_6cfe53c87f_og-300x213.jpg 300w, https:\/\/jundiai.sp.gov.br\/noticias\/wp-content\/uploads\/sites\/32\/2014\/12\/15900449058_6cfe53c87f_og.jpg 1240w\" sizes=\"auto, (max-width: 720px) 100vw, 720px\" \/><\/a><p id=\"caption-attachment-114616\" class=\"wp-caption-text\">Prefeito jogou com Nen\u00ea (centro)<\/p><\/div>\n<p><strong><em>Kadija Rodrigues<br \/>\nFotos: Dorival Pinheiro Filho<\/em><\/strong><\/p>\n<p><strong>Assista \u00e0 reportagem da TVE Jundia\u00ed<\/strong><br \/>\nhttp:\/\/youtu.be\/ZrW_AjuY8ao<\/p>\n","protected":false},"excerpt":{"rendered":"<p>P\u00fablico de 12 mil pessoas garantiu mais de 20 toneladas de alimentos para o Fundo Social e para o Instituto Neymar<\/p>\n","protected":false},"author":14,"featured_media":114618,"comment_status":"closed","ping_status":"closed","sticky":false,"template":"","format":"standard","meta":{"footnotes":""},"categories":[2],"tags":[144,416,58],"ods":[],"class_list":["post-114614","post","type-post","status-publish","format-standard","has-post-thumbnail","hentry","category-noticias","tag-estadio-dr-jayme-cintra","tag-fundo-social-de-solidariedade-funss","tag-prefeito"],"_links":{"self":[{"href":"https:\/\/jundiai.sp.gov.br\/noticias\/wp-json\/wp\/v2\/posts\/114614","targetHints":{"allow":["GET"]}}],"collection":[{"href":"https:\/\/jundiai.sp.gov.br\/noticias\/wp-json\/wp\/v2\/posts"}],"about":[{"href":"https:\/\/jundiai.sp.gov.br\/noticias\/wp-json\/wp\/v2\/types\/post"}],"author":[{"embeddable":true,"href":"https:\/\/jundiai.sp.gov.br\/noticias\/wp-json\/wp\/v2\/users\/14"}],"replies":[{"embeddable":true,"href":"https:\/\/jundiai.sp.gov.br\/noticias\/wp-json\/wp\/v2\/comments?post=114614"}],"version-history":[{"count":5,"href":"https:\/\/jundiai.sp.gov.br\/noticias\/wp-json\/wp\/v2\/posts\/114614\/revisions"}],"predecessor-version":[{"id":115160,"href":"https:\/\/jundiai.sp.gov.br\/noticias\/wp-json\/wp\/v2\/posts\/114614\/revisions\/115160"}],"wp:featuredmedia":[{"embeddable":true,"href":"https:\/\/jundiai.sp.gov.br\/noticias\/wp-json\/wp\/v2\/media\/114618"}],"wp:attachment":[{"href":"https:\/\/jundiai.sp.gov.br\/noticias\/wp-json\/wp\/v2\/media?parent=114614"}],"wp:term":[{"taxonomy":"category","embeddable":true,"href":"https:\/\/jundiai.sp.gov.br\/noticias\/wp-json\/wp\/v2\/categories?post=114614"},{"taxonomy":"post_tag","embeddable":true,"href":"https:\/\/jundiai.sp.gov.br\/noticias\/wp-json\/wp\/v2\/tags?post=114614"},{"taxonomy":"ods","embeddable":true,"href":"https:\/\/jundiai.sp.gov.br\/noticias\/wp-json\/wp\/v2\/ods?post=114614"}],"curies":[{"name":"wp","href":"https:\/\/api.w.org\/{rel}","templated":true}]}}