{"id":114633,"date":"2014-12-23T18:23:35","date_gmt":"2014-12-23T20:23:35","guid":{"rendered":"https:\/\/jundiai.sp.gov.br\/noticias\/?p=114633"},"modified":"2016-11-04T11:16:53","modified_gmt":"2016-11-04T13:16:53","slug":"varejoes-noturnos-do-eloy-e-da-argos-nao-funcionam-no-natal-e-ano-novo","status":"publish","type":"post","link":"https:\/\/jundiai.sp.gov.br\/noticias\/2014\/12\/23\/varejoes-noturnos-do-eloy-e-da-argos-nao-funcionam-no-natal-e-ano-novo\/","title":{"rendered":"Varej\u00f5es do Eloy e da Argos n\u00e3o abrem no Natal e Ano Novo"},"content":{"rendered":"<div id=\"attachment_114634\" style=\"width: 730px\" class=\"wp-caption aligncenter\"><a href=\"https:\/\/jundiai.sp.gov.br\/noticias\/wp-content\/uploads\/sites\/32\/2014\/12\/varejao_noturno_eloy_chaves_D19G.jpg\"><img loading=\"lazy\" decoding=\"async\" aria-describedby=\"caption-attachment-114634\" class=\"size-large wp-image-114634\" src=\"https:\/\/jundiai.sp.gov.br\/noticias\/wp-content\/uploads\/sites\/32\/2014\/12\/varejao_noturno_eloy_chaves_D19G-720x523.jpg\" alt=\"Feiras voltam na primeira semana de janeiro\" width=\"720\" height=\"523\" srcset=\"https:\/\/jundiai.sp.gov.br\/noticias\/wp-content\/uploads\/sites\/32\/2014\/12\/varejao_noturno_eloy_chaves_D19G-720x523.jpg 720w, https:\/\/jundiai.sp.gov.br\/noticias\/wp-content\/uploads\/sites\/32\/2014\/12\/varejao_noturno_eloy_chaves_D19G-300x218.jpg 300w, https:\/\/jundiai.sp.gov.br\/noticias\/wp-content\/uploads\/sites\/32\/2014\/12\/varejao_noturno_eloy_chaves_D19G.jpg 1240w\" sizes=\"auto, (max-width: 720px) 100vw, 720px\" \/><\/a><p id=\"caption-attachment-114634\" class=\"wp-caption-text\">Feiras voltam na primeira semana de janeiro<\/p><\/div>\n<p><strong>Em fun\u00e7\u00e3o das datas comemorativas de final de ano, os varej\u00f5es noturnos do Parque Eloy Chaves foram suspensos nas quartas-feiras 24 e 31 de dezembro, e o da Argos nas quintas-feiras 25 de dezembro e 1\u00ba de janeiro de 2015.<\/strong><\/p>\n<p><strong>LEIA TAMB\u00c9M<br \/>\n<a href=\"https:\/\/jundiai.sp.gov.br\/noticias\/2014\/12\/23\/final-de-ano-confira-o-funcionamento-das-reparticoes-publicas\/\" target=\"_blank\">Confira o funcionamento das reparti\u00e7\u00f5es nos feriados<\/a><\/strong><\/p>\n<p>Al\u00e9m disso, ser\u00e3o <strong>suspensas as feiras livres<\/strong> realizadas \u00e0s <strong>quintas-feiras<\/strong>, nos dias <strong>25 de dezembro<\/strong> e <strong>1\u00ba de janeiro<\/strong>. S\u00e3o elas: <strong>Vila Progresso, Anhangaba\u00fa e varej\u00e3o diurno do Jardim Rosaura<\/strong>.<\/p>\n<p><strong>As feiras livres e varej\u00f5es, inclusive os noturnos, voltam a funcionar normalmente na primeira semana de janeiro.<\/strong><\/p>\n<p><strong><em>Assessoria de Imprensa<br \/>\nFoto: Arquivo PMJ<\/em><\/strong><\/p>\n","protected":false},"excerpt":{"rendered":"<p>As feiras livres e varej\u00f5es, inclusive os noturnos, voltam a funcionar normalmente na primeira semana de janeiro. Veja os hor\u00e1rios!<\/p>\n","protected":false},"author":14,"featured_media":114636,"comment_status":"closed","ping_status":"closed","sticky":false,"template":"","format":"standard","meta":{"footnotes":""},"categories":[2],"tags":[46,41,320],"ods":[],"class_list":["post-114633","post","type-post","status-publish","format-standard","has-post-thumbnail","hentry","category-noticias","tag-abre-e-fecha","tag-agricultura-abastecimento-e-turismo","tag-varejao-noturno"],"_links":{"self":[{"href":"https:\/\/jundiai.sp.gov.br\/noticias\/wp-json\/wp\/v2\/posts\/114633","targetHints":{"allow":["GET"]}}],"collection":[{"href":"https:\/\/jundiai.sp.gov.br\/noticias\/wp-json\/wp\/v2\/posts"}],"about":[{"href":"https:\/\/jundiai.sp.gov.br\/noticias\/wp-json\/wp\/v2\/types\/post"}],"author":[{"embeddable":true,"href":"https:\/\/jundiai.sp.gov.br\/noticias\/wp-json\/wp\/v2\/users\/14"}],"replies":[{"embeddable":true,"href":"https:\/\/jundiai.sp.gov.br\/noticias\/wp-json\/wp\/v2\/comments?post=114633"}],"version-history":[{"count":9,"href":"https:\/\/jundiai.sp.gov.br\/noticias\/wp-json\/wp\/v2\/posts\/114633\/revisions"}],"predecessor-version":[{"id":160799,"href":"https:\/\/jundiai.sp.gov.br\/noticias\/wp-json\/wp\/v2\/posts\/114633\/revisions\/160799"}],"wp:featuredmedia":[{"embeddable":true,"href":"https:\/\/jundiai.sp.gov.br\/noticias\/wp-json\/wp\/v2\/media\/114636"}],"wp:attachment":[{"href":"https:\/\/jundiai.sp.gov.br\/noticias\/wp-json\/wp\/v2\/media?parent=114633"}],"wp:term":[{"taxonomy":"category","embeddable":true,"href":"https:\/\/jundiai.sp.gov.br\/noticias\/wp-json\/wp\/v2\/categories?post=114633"},{"taxonomy":"post_tag","embeddable":true,"href":"https:\/\/jundiai.sp.gov.br\/noticias\/wp-json\/wp\/v2\/tags?post=114633"},{"taxonomy":"ods","embeddable":true,"href":"https:\/\/jundiai.sp.gov.br\/noticias\/wp-json\/wp\/v2\/ods?post=114633"}],"curies":[{"name":"wp","href":"https:\/\/api.w.org\/{rel}","templated":true}]}}